{"id":103130,"date":"2016-11-30T15:04:07","date_gmt":"2016-11-30T17:04:07","guid":{"rendered":"http:\/\/aconteceunovale.com.br\/portal\/?p=103130"},"modified":"2016-11-30T20:37:08","modified_gmt":"2016-11-30T22:37:08","slug":"obras-alteram-circulacao-do-trem-que-liga-belo-horizonte-a-vitoria","status":"publish","type":"post","link":"https:\/\/aconteceunovale.com.br\/portal\/?p=103130","title":{"rendered":"Obras alteram circula\u00e7\u00e3o do trem que liga Belo Horizonte a Vit\u00f3ria"},"content":{"rendered":"<p>A Vale informou nesta quarta-feira (30\/11\/2016) que a circula\u00e7\u00e3o do Trem de Passageiros da Estrada de Ferro Vit\u00f3ria a Minas ficar\u00e1 restrita ao trecho entre a Esta\u00e7\u00e3o Pedro Nolasco, em Cariacica (ES), e a Esta\u00e7\u00e3o Ferrovi\u00e1ria Dois Irm\u00e3os, localizada no munic\u00edpio de Bar\u00e3o de Cocais (MG). A restri\u00e7\u00e3o ser\u00e1 entre os dias 10 e 23 de dezembro por causa de uma obra de manuten\u00e7\u00e3o no t\u00fanel ferrovi\u00e1rio de Maremb\u00e1.<\/p>\n<p>De acordo com a empresa, a opera\u00e7\u00e3o do ve\u00edculo deve voltar a funcionar normalmente a partir do dia 24 do pr\u00f3ximo m\u00eas. <\/p>\n<p>Os passageiros que j\u00e1 compraram um bilhete com sa\u00edda ou chegada em Belo Horizonte poder\u00e3o cancelar ou remarcar a passagem. Segundo nota da Vale, &#8220;no caso de remarca\u00e7\u00e3o, n\u00e3o haver\u00e1 cobran\u00e7a de multa e, em caso de cancelamento, est\u00e1 garantido o reembolso do valor total pago pela passagem&#8221;.<\/p>\n<p>Passageiros que j\u00e1 tiverem comprado bilhetes para os dias entre 10 e 23 de dezembro, a empresa ir\u00e1 disponibilizar transporte entre Belo Horizonte e Bar\u00e3o de Cocais, em ambos os sentidos.<\/p>\n<p>Mais informa\u00e7\u00f5es sobre a interven\u00e7\u00e3o podem ser obtidas pelo telefone 0800 285 7000, ou pelo <a href=\"http:\/\/www.vale.com\/brasil\/PT\/business\/logistics\/railways\/Passenger-Train-Vitoria-Minas\/Paginas\/default.aspx\" target=\"_blank\">site (www.vale.com)<\/a>.<\/p>\n<p><img decoding=\"async\" src=\"http:\/\/aconteceunovale.com.br\/portal\/wp-content\/uploads\/2016\/11\/trem_vale.jpg\" alt=\"\" \/><em>Viagem de trem est\u00e1 suspensa entre os dias 10 e 23 de dezembro (Divulga\u00e7\u00e3o)<\/em><br \/>\n<\/br><\/p>\n<p><em>(Via G1 Minas)<\/em><\/p>\n","protected":false},"excerpt":{"rendered":"<p>A Vale informou nesta quarta-feira (30\/11\/2016) que a circula\u00e7\u00e3o do Trem de Passageiros da Estrada de Ferro Vit\u00f3ria a Minas ficar\u00e1 restrita ao trecho entre a Esta\u00e7\u00e3o Pedro Nolasco, em Cariacica (ES), e a Esta\u00e7\u00e3o Ferrovi\u00e1ria Dois Irm\u00e3os, localizada no munic\u00edpio de Bar\u00e3o de Cocais (MG). A restri\u00e7\u00e3o ser\u00e1 entre os dias 10 e 23 [&hellip;]<\/p>\n","protected":false},"author":1,"featured_media":103185,"comment_status":"open","ping_status":"closed","sticky":false,"template":"","format":"standard","meta":{"amp_status":"","footnotes":""},"categories":[123],"tags":[1525,194,27760,128274,128273,26413,128275,128270,128272,128271,9763],"class_list":["post-103130","post","type-post","status-publish","format-standard","has-post-thumbnail","hentry","category-gerais","tag-barao-de-cocais","tag-belo-horizonte","tag-efvm","tag-estacao-ferroviaria-dois-irmaos","tag-estacao-pedro-nolasco","tag-estrada-de-ferro-vitoria-a-minas","tag-obras-alteram-circulacao-do-trem-que-liga-belo-horizonte-a-vitoria","tag-tradicional-viagem-de-trem-entre-belo-horizonte-e-vitoria","tag-tunel-ferroviario-de-maremba","tag-viagem-de-trem-entre-belo-horizonte-e-vitoria","tag-vitoria"],"_links":{"self":[{"href":"https:\/\/aconteceunovale.com.br\/portal\/index.php?rest_route=\/wp\/v2\/posts\/103130","targetHints":{"allow":["GET"]}}],"collection":[{"href":"https:\/\/aconteceunovale.com.br\/portal\/index.php?rest_route=\/wp\/v2\/posts"}],"about":[{"href":"https:\/\/aconteceunovale.com.br\/portal\/index.php?rest_route=\/wp\/v2\/types\/post"}],"author":[{"embeddable":true,"href":"https:\/\/aconteceunovale.com.br\/portal\/index.php?rest_route=\/wp\/v2\/users\/1"}],"replies":[{"embeddable":true,"href":"https:\/\/aconteceunovale.com.br\/portal\/index.php?rest_route=%2Fwp%2Fv2%2Fcomments&post=103130"}],"version-history":[{"count":0,"href":"https:\/\/aconteceunovale.com.br\/portal\/index.php?rest_route=\/wp\/v2\/posts\/103130\/revisions"}],"wp:featuredmedia":[{"embeddable":true,"href":"https:\/\/aconteceunovale.com.br\/portal\/index.php?rest_route=\/wp\/v2\/media\/103185"}],"wp:attachment":[{"href":"https:\/\/aconteceunovale.com.br\/portal\/index.php?rest_route=%2Fwp%2Fv2%2Fmedia&parent=103130"}],"wp:term":[{"taxonomy":"category","embeddable":true,"href":"https:\/\/aconteceunovale.com.br\/portal\/index.php?rest_route=%2Fwp%2Fv2%2Fcategories&post=103130"},{"taxonomy":"post_tag","embeddable":true,"href":"https:\/\/aconteceunovale.com.br\/portal\/index.php?rest_route=%2Fwp%2Fv2%2Ftags&post=103130"}],"curies":[{"name":"wp","href":"https:\/\/api.w.org\/{rel}","templated":true}]}}