{"id":103128,"date":"2016-11-30T09:36:31","date_gmt":"2016-11-30T11:36:31","guid":{"rendered":"http:\/\/aconteceunovale.com.br\/portal\/?p=103128"},"modified":"2016-11-30T14:18:29","modified_gmt":"2016-11-30T16:18:29","slug":"papa-manda-mensagem-ao-brasil-por-tragedia-da-chapecoense","status":"publish","type":"post","link":"https:\/\/aconteceunovale.com.br\/portal\/?p=103128","title":{"rendered":"Papa manda mensagem ao Brasil por trag\u00e9dia da Chapecoense"},"content":{"rendered":"<p>O papa Francisco enviou hoje (30) uma mensagem ao povo brasileiro por conta do desastre a\u00e9reo com o avi\u00e3o da Chapecoense durante sua audi\u00eancia geral, na pra\u00e7a S\u00e3o Pedro, no Vaticano. O acidente, ocorrido nos arredores de Medell\u00edn, na Col\u00f4mbia, onde a equipe catarinense disputaria a final da Copa Sul-Americana, deixou 71 mortos, incluindo 19 jogadores.<\/p>\n<p>&#8220;Gostaria de lembrar hoje a dor do povo brasileiro pela trag\u00e9dia com um clube local e rezar pelos jogadores mortos e suas fam\u00edlias&#8221;, disse o l\u00edder da Igreja Cat\u00f3lica. <\/p>\n<p>Al\u00e9m disso, o Pont\u00edfice comparou a trag\u00e9dia da Chapecoense com o desastre que matou todo o elenco do Torino em 1949, quando um avi\u00e3o com a delega\u00e7\u00e3o da equipe italiana se chocou contra a Bas\u00edlica de Superga, em Turim. Na ocasi\u00e3o, 31 pessoas faleceram. &#8220;Recordemos Superga. S\u00e3o trag\u00e9dias duras, rezemos por elas&#8221;, acrescentou o Papa.<\/p>\n<p>Ontem (29), Francisco j\u00e1 havia enviado uma mensagem de condol\u00eancias ao bispo da diocese colombiana de Sons\u00f3n Rionegro, Fidel Le\u00f3n Cadavid Mar\u00edn.<\/p>\n<p>&#8220;O Santo Padre, profundamente atingido ao saber da dolorosa not\u00edcia do grave acidente a\u00e9reo que ocasionou numerosas v\u00edtimas, eleva ora\u00e7\u00f5es para o eterno descanso dos falecidos&#8221;, diz a nota enviada \u00e0 Confer\u00eancia Episcopal da Col\u00f4mbia.<\/p>\n<p>A delega\u00e7\u00e3o da Chapecoense viajava em um avi\u00e3o da empresa Lamia, surgida na Venezuela, mas que agora \u00e9 baseada na Bol\u00edvia. As causas da trag\u00e9dia est\u00e3o sendo investigadas, mas suspeita-se de pane seca ou el\u00e9trica.<\/p>\n<p>Em sua trajet\u00f3ria rumo \u00e0 final da Sul-Americana, o &#8220;Verd\u00e3o do Oeste&#8221; havia eliminado inclusive o San Lorenzo, time de cora\u00e7\u00e3o de Jorge Bergoglio. (Ag\u00eancia Brasil)<\/p>\n","protected":false},"excerpt":{"rendered":"<p>O papa Francisco enviou hoje (30) uma mensagem ao povo brasileiro por conta do desastre a\u00e9reo com o avi\u00e3o da Chapecoense durante sua audi\u00eancia geral, na pra\u00e7a S\u00e3o Pedro, no Vaticano. O acidente, ocorrido nos arredores de Medell\u00edn, na Col\u00f4mbia, onde a equipe catarinense disputaria a final da Copa Sul-Americana, deixou 71 mortos, incluindo 19 [&hellip;]<\/p>\n","protected":false},"author":1,"featured_media":59841,"comment_status":"open","ping_status":"closed","sticky":false,"template":"","format":"standard","meta":{"amp_status":"","footnotes":""},"categories":[6,28848],"tags":[128014,128009,694,72438,128020,127999,127987,128006,128049,128002,128015,128031,128005,128004,127986,127975,127993,128099,128039,128040,127981,128050,128046,127979,128052,128045,19787,128030,128019,127985,127984,128016,127972,127974,128018,128010,128013,4606,128001,127973,127982,127998,9083,13241,128029,15464,128267,128022,956,128047,127980,128028,1018,127992,128242,62935,128051,128017,14190,15603,21232,128003,127995,206,127988,127989,127983,128021,128026,35767,127994,80046,26352,128012,63088,946,128048,128269,18373,254,128098,128244,128025,127991,127996,128027,127978,127977,37778,128011,63041,127997,128008,128007,127976,1532,65762,127990,65331,128000,128243,128246,128245,128241,128023,128024,128041,128038],"class_list":["post-103128","post","type-post","status-publish","format-standard","has-post-thumbnail","hentry","category-br","category-mundo","tag-accidente-aereo-del-chapecoense","tag-accidente-del-avion-de-chapecoense","tag-acidente","tag-acidente-aereo","tag-acidente-aereo-com-a-delegacao-da-chapecoense","tag-acidente-aviao-cerro-gordo","tag-acidente-aviao-lamia-corporation","tag-acidente-chapecoense","tag-acidente-com-a-chapecoense","tag-acidente-com-aviao","tag-acidente-com-aviao-da-chapecoense","tag-acidente-com-aviao-que-transportava-delegacao-da-chapecoense-deixa-76-mortos","tag-acidente-com-o-aviao-da-chapecoense","tag-acidente-com-o-aviao-da-chapecoense-na-colombia","tag-acidente-lamia-corporation","tag-aeroporto-jose-maria-cordova","tag-alan-ruschel","tag-amigo-de-piraporense-que-estava-no-aviao-da-chapecoense","tag-anderson-boiao","tag-anderson-roberto-martins","tag-antioquia","tag-apos-acidente-com-chapecoense","tag-atletico-nacional","tag-atletico-nacional-da-colombia","tag-atletico-nacional-de-medelin","tag-atletico-nacional-de-medelin-propoe-que-titulo-da-copa-sul-americana-fique-com-chapecoense","tag-aviao","tag-aviao-com-a-chapecoense","tag-aviao-com-jogadores-da-chapecoense","tag-aviao-lamia","tag-aviao-lamia-corporation","tag-aviao-que-levava-chapecoense-para-final-da-sul-americana","tag-aviao-que-levava-o-time-da-chapecoense","tag-aviao-que-levava-o-time-da-chapecoense-caiu-na-colombia","tag-aviao-que-transportava-time-da-chapecoense","tag-avion-de-chapecoense","tag-avion-que-transportaba-chapecoense","tag-brasilia","tag-british-aerospace-146","tag-caiu-na-colombia","tag-caiu-na-regiao-da-provincia-de-antioquia","tag-cerro-gordo","tag-chapeco","tag-chapecoense","tag-chapecoense-distribui-nota-lamentando-tragedia","tag-colombia","tag-condolencias","tag-confira-a-lista-de-passageiros-no-aviao-da-chapecoense","tag-contagem","tag-copa-sul-americanaviao","tag-cp-2933","tag-delfim-peixoto-filho","tag-destaque","tag-elkin-ospina","tag-erwin-tumiri","tag-feridos","tag-final-da-copa-do-brasil-e-remarcada-para-dia-7","tag-final-da-sul-americana","tag-flamengo","tag-fluminense","tag-futebol","tag-informacoes-sobre-o-acidente-com-o-aviao-da-chapecoense-na-colombia","tag-jackson-follmann","tag-juiz-de-fora","tag-la-ceja","tag-la-union","tag-lamia-corporation","tag-lista-de-passageiros-no-aviao-da-chapecoense","tag-luciano-buligon","tag-manifestacoes","tag-marcos-danilo-padilha","tag-medellin","tag-mortos","tag-oriente-antioqueno","tag-papa","tag-papa-francisco","tag-papa-francisco-lamenta-acidente-com-chapecoense","tag-papa-manda-mensagem-ao-brasil-por-tragedia-da-chapecoense","tag-parana","tag-pirapora","tag-pirapora-futebol-clube","tag-posicao-fetal","tag-prefeito-de-chapeco","tag-prefeito-de-la-ceja","tag-prefeito-de-la-ceja-diz-que-dez-pessoas-foram-resgatadas","tag-presidente-da-federacao-catarinense-de-futebol","tag-primeira-partida-da-final-da-copa-sul-americana","tag-primeira-partida-da-final-da-copa-sul-americana-contra-o-atletico-nacional-da-colombia","tag-protesto-santa-cruz-de-la-sierra","tag-queda-avion-de-chapecoense","tag-queda-de-aviao","tag-queda-de-aviao-em-cerro-gordo","tag-queda-do-aviao-da-chapecoense","tag-queda-do-aviao-da-chapecoense-na-colombia","tag-rionegro","tag-sete-lagoas","tag-sobreviventes","tag-time","tag-tragedia","tag-tragedia-com-aviao-que-levava-a-chapecoense","tag-tripulante","tag-tripulante-de-aviao-da-chapecoense-diz-que-sobreviveu-gracas-a-posicao-fetal","tag-tripulante-de-aviao-da-chapecoense-revela-como-se-salvou","tag-tripulante-do-voo-da-chapecoense-diz-que-sobreviveu-gracas-a-posicao-fetal","tag-veja-a-lista-de-passageiros-no-aviao-da-chapecoense","tag-ver-lista-de-passageiros-no-aviao-da-chapecoense","tag-zagueiro-demerson-escapa-do-acidente","tag-zagueiro-marcelo-mathias"],"yoast_head":"<!-- This site is optimized with the Yoast SEO plugin v28.3 - https:\/\/yoast.com\/product\/yoast-seo-wordpress\/ -->\n<title>Papa manda mensagem ao Brasil por trag\u00e9dia da Chapecoense - Aconteceu no Vale<\/title>\n<meta name=\"robots\" content=\"index, follow, max-snippet:-1, max-image-preview:large, max-video-preview:-1\" \/>\n<link rel=\"canonical\" href=\"https:\/\/aconteceunovale.com.br\/portal\/?p=103128\" \/>\n<meta property=\"og:locale\" content=\"pt_BR\" \/>\n<meta property=\"og:type\" content=\"article\" \/>\n<meta property=\"og:title\" content=\"Papa manda mensagem ao Brasil por trag\u00e9dia da Chapecoense - Aconteceu no Vale\" \/>\n<meta property=\"og:description\" content=\"O papa Francisco enviou hoje (30) uma mensagem ao povo brasileiro por conta do desastre a\u00e9reo com o avi\u00e3o da Chapecoense durante sua audi\u00eancia geral, na pra\u00e7a S\u00e3o Pedro, no Vaticano. O acidente, ocorrido nos arredores de Medell\u00edn, na Col\u00f4mbia, onde a equipe catarinense disputaria a final da Copa Sul-Americana, deixou 71 mortos, incluindo 19 [&hellip;]\" \/>\n<meta property=\"og:url\" content=\"https:\/\/aconteceunovale.com.br\/portal\/?p=103128\" \/>\n<meta property=\"og:site_name\" content=\"Aconteceu no Vale\" \/>\n<meta property=\"article:publisher\" content=\"https:\/\/www.facebook.com\/aconteceunovale\/\" \/>\n<meta property=\"article:published_time\" content=\"2016-11-30T11:36:31+00:00\" \/>\n<meta property=\"article:modified_time\" content=\"2016-11-30T16:18:29+00:00\" \/>\n<meta property=\"og:image\" content=\"https:\/\/aconteceunovale.com.br\/portal\/wp-content\/uploads\/2015\/05\/papa_francisco.jpg\" \/>\n\t<meta property=\"og:image:width\" content=\"620\" \/>\n\t<meta property=\"og:image:height\" content=\"371\" \/>\n\t<meta property=\"og:image:type\" content=\"image\/jpeg\" \/>\n<meta name=\"author\" content=\"Aconteceu no Vale\" \/>\n<meta name=\"twitter:card\" content=\"summary_large_image\" \/>\n<meta name=\"twitter:creator\" content=\"@noticiadosvales\" \/>\n<meta name=\"twitter:site\" content=\"@noticiadosvales\" \/>\n<meta name=\"twitter:label1\" content=\"Escrito por\" \/>\n\t<meta name=\"twitter:data1\" content=\"Aconteceu no Vale\" \/>\n\t<meta name=\"twitter:label2\" content=\"Est. tempo de leitura\" \/>\n\t<meta name=\"twitter:data2\" content=\"1 minuto\" \/>\n<script type=\"application\/ld+json\" class=\"yoast-schema-graph\">{\"@context\":\"https:\\\/\\\/schema.org\",\"@graph\":[{\"@type\":\"Article\",\"@id\":\"https:\\\/\\\/aconteceunovale.com.br\\\/portal\\\/?p=103128#article\",\"isPartOf\":{\"@id\":\"https:\\\/\\\/aconteceunovale.com.br\\\/portal\\\/?p=103128\"},\"author\":{\"name\":\"Aconteceu no Vale\",\"@id\":\"https:\\\/\\\/aconteceunovale.com.br\\\/portal\\\/#\\\/schema\\\/person\\\/633529146f2c94272bef50ac2953d589\"},\"headline\":\"Papa manda mensagem ao Brasil por trag\u00e9dia da Chapecoense\",\"datePublished\":\"2016-11-30T11:36:31+00:00\",\"dateModified\":\"2016-11-30T16:18:29+00:00\",\"mainEntityOfPage\":{\"@id\":\"https:\\\/\\\/aconteceunovale.com.br\\\/portal\\\/?p=103128\"},\"wordCount\":299,\"commentCount\":0,\"image\":{\"@id\":\"https:\\\/\\\/aconteceunovale.com.br\\\/portal\\\/?p=103128#primaryimage\"},\"thumbnailUrl\":\"https:\\\/\\\/aconteceunovale.com.br\\\/portal\\\/wp-content\\\/uploads\\\/2015\\\/05\\\/papa_francisco.jpg\",\"keywords\":[\"Accidente a\u00e9reo del Chapecoense\",\"Accidente del avi\u00f3n de Chapecoense\",\"Acidente\",\"acidente a\u00e9reo\",\"acidente a\u00e9reo com a delega\u00e7\u00e3o da Chapecoense\",\"Acidente avi\u00e3o Cerro Gordo\",\"Acidente avi\u00e3o Lamia Corporation\",\"Acidente Chapecoense\",\"acidente com a Chapecoense\",\"Acidente com avi\u00e3o\",\"Acidente com avi\u00e3o da Chapecoense\",\"Acidente com avi\u00e3o que transportava delega\u00e7\u00e3o da Chapecoense deixa 76 mortos\",\"Acidente com o avi\u00e3o da Chapecoense\",\"Acidente com o avi\u00e3o da Chapecoense na Col\u00f4mbia\",\"Acidente Lamia Corporation\",\"Aeroporto Jos\u00e9 Mar\u00eda C\u00f3rdova\",\"Alan Ruschel\",\"amigo de piraporense que estava no avi\u00e3o da Chapecoense\",\"Anderson Boi\u00e3o\",\"Anderson Roberto Martins\",\"Antioquia\",\"Ap\u00f3s acidente com Chapecoense\",\"Atl\u00e9tico Nacional\",\"Atl\u00e9tico Nacional da Col\u00f4mbia\",\"Atl\u00e9tico Nacional de Medel\u00edn\",\"Atl\u00e9tico Nacional de Medel\u00edn prop\u00f5e que t\u00edtulo da Copa Sul-Americana fique com Chapecoense\",\"avi\u00e3o\",\"avi\u00e3o com a Chapecoense\",\"Avi\u00e3o com jogadores da Chapecoense\",\"Avi\u00e3o Lamia\",\"Avi\u00e3o Lamia Corporation\",\"Avi\u00e3o que levava Chapecoense para final da Sul-Americana\",\"avi\u00e3o que levava o time da Chapecoense\",\"avi\u00e3o que levava o time da Chapecoense caiu na Col\u00f4mbia\",\"Avi\u00e3o que transportava time da Chapecoense\",\"Avi\u00f3n de Chapecoense\",\"Avi\u00f3n que transportaba Chapecoense\",\"Bras\u00edlia\",\"British Aerospace 146\",\"caiu na Col\u00f4mbia\",\"caiu na regi\u00e3o da prov\u00edncia de Antioquia\",\"Cerro Gordo\",\"Chapec\u00f3\",\"chapecoense\",\"Chapecoense distribui nota lamentando trag\u00e9dia\",\"Col\u00f4mbia\",\"condol\u00eancias\",\"Confira a lista de passageiros no avi\u00e3o da Chapecoense\",\"Contagem\",\"Copa Sul-Americanavi\u00e3o\",\"CP 2933\",\"Delfim Peixoto Filho\",\"destaque\",\"Elkin Ospina\",\"Erwin Tumiri\",\"feridos\",\"final da Copa do Brasil \u00e9 remarcada para dia 7\",\"Final da Sul-Americana\",\"Flamengo\",\"Fluminense\",\"futebol\",\"Informa\u00e7\u00f5es sobre o acidente com o avi\u00e3o da Chapecoense na Col\u00f4mbia\",\"Jackson Follmann\",\"Juiz de Fora\",\"La Ceja\",\"La Uni\u00f3n\",\"Lamia Corporation\",\"Lista de passageiros no avi\u00e3o da Chapecoense\",\"Luciano Buligon\",\"manifesta\u00e7\u00f5es\",\"Marcos Danilo Padilha\",\"Medell\u00edn\",\"mortos\",\"Oriente antioque\u00f1o\",\"Papa\",\"papa francisco\",\"Papa Francisco lamenta acidente com chapecoense\",\"Papa manda mensagem ao Brasil por trag\u00e9dia da Chapecoense\",\"Paran\u00e1\",\"Pirapora\",\"Pirapora Futebol Clube\",\"posi\u00e7\u00e3o fetal\",\"prefeito de Chapec\u00f3\",\"prefeito de La Ceja\",\"Prefeito de La Ceja diz que dez pessoas foram resgatadas\",\"presidente da Federa\u00e7\u00e3o Catarinense de Futebol\",\"primeira partida da final da Copa Sul-Americana\",\"primeira partida da final da Copa Sul-Americana contra o Atl\u00e9tico Nacional da Col\u00f4mbia\",\"protesto santa cruz de la sierra\",\"Queda avi\u00f3n de Chapecoense\",\"queda de avi\u00e3o\",\"queda de avi\u00e3o em Cerro Gordo\",\"Queda do avi\u00e3o da Chapecoense\",\"Queda do avi\u00e3o da Chapecoense na Col\u00f4mbia\",\"Rionegro\",\"Sete Lagoas\",\"sobreviventes\",\"time\",\"trag\u00e9dia\",\"Trag\u00e9dia com avi\u00e3o que levava a Chapecoense\",\"tripulante\",\"Tripulante de avi\u00e3o da Chapecoense diz que sobreviveu gra\u00e7as \u00e0 posi\u00e7\u00e3o fetal\",\"Tripulante de avi\u00e3o da Chapecoense revela como se salvou\",\"Tripulante do voo da Chapecoense diz que sobreviveu gra\u00e7as \u00e0 posi\u00e7\u00e3o fetal\",\"Veja a lista de passageiros no avi\u00e3o da Chapecoense\",\"Ver lista de passageiros no avi\u00e3o da Chapecoense\",\"Zagueiro Demerson escapa do acidente\",\"zagueiro Marcelo Mathias\"],\"articleSection\":[\"Brasil\",\"Mundo\"],\"inLanguage\":\"pt-BR\",\"potentialAction\":[{\"@type\":\"CommentAction\",\"name\":\"Comment\",\"target\":[\"https:\\\/\\\/aconteceunovale.com.br\\\/portal\\\/?p=103128#respond\"]}]},{\"@type\":\"WebPage\",\"@id\":\"https:\\\/\\\/aconteceunovale.com.br\\\/portal\\\/?p=103128\",\"url\":\"https:\\\/\\\/aconteceunovale.com.br\\\/portal\\\/?p=103128\",\"name\":\"Papa manda mensagem ao Brasil por trag\u00e9dia da Chapecoense - Aconteceu no Vale\",\"isPartOf\":{\"@id\":\"https:\\\/\\\/aconteceunovale.com.br\\\/portal\\\/#website\"},\"primaryImageOfPage\":{\"@id\":\"https:\\\/\\\/aconteceunovale.com.br\\\/portal\\\/?p=103128#primaryimage\"},\"image\":{\"@id\":\"https:\\\/\\\/aconteceunovale.com.br\\\/portal\\\/?p=103128#primaryimage\"},\"thumbnailUrl\":\"https:\\\/\\\/aconteceunovale.com.br\\\/portal\\\/wp-content\\\/uploads\\\/2015\\\/05\\\/papa_francisco.jpg\",\"datePublished\":\"2016-11-30T11:36:31+00:00\",\"dateModified\":\"2016-11-30T16:18:29+00:00\",\"author\":{\"@id\":\"https:\\\/\\\/aconteceunovale.com.br\\\/portal\\\/#\\\/schema\\\/person\\\/633529146f2c94272bef50ac2953d589\"},\"breadcrumb\":{\"@id\":\"https:\\\/\\\/aconteceunovale.com.br\\\/portal\\\/?p=103128#breadcrumb\"},\"inLanguage\":\"pt-BR\",\"potentialAction\":[{\"@type\":\"ReadAction\",\"target\":[\"https:\\\/\\\/aconteceunovale.com.br\\\/portal\\\/?p=103128\"]}]},{\"@type\":\"ImageObject\",\"inLanguage\":\"pt-BR\",\"@id\":\"https:\\\/\\\/aconteceunovale.com.br\\\/portal\\\/?p=103128#primaryimage\",\"url\":\"https:\\\/\\\/aconteceunovale.com.br\\\/portal\\\/wp-content\\\/uploads\\\/2015\\\/05\\\/papa_francisco.jpg\",\"contentUrl\":\"https:\\\/\\\/aconteceunovale.com.br\\\/portal\\\/wp-content\\\/uploads\\\/2015\\\/05\\\/papa_francisco.jpg\",\"width\":620,\"height\":371},{\"@type\":\"BreadcrumbList\",\"@id\":\"https:\\\/\\\/aconteceunovale.com.br\\\/portal\\\/?p=103128#breadcrumb\",\"itemListElement\":[{\"@type\":\"ListItem\",\"position\":1,\"name\":\"In\u00edcio\",\"item\":\"https:\\\/\\\/aconteceunovale.com.br\\\/portal\\\/\"},{\"@type\":\"ListItem\",\"position\":2,\"name\":\"Papa manda mensagem ao Brasil por trag\u00e9dia da Chapecoense\"}]},{\"@type\":\"WebSite\",\"@id\":\"https:\\\/\\\/aconteceunovale.com.br\\\/portal\\\/#website\",\"url\":\"https:\\\/\\\/aconteceunovale.com.br\\\/portal\\\/\",\"name\":\"Aconteceu no Vale\",\"description\":\"Portal de Not\u00edcias\",\"potentialAction\":[{\"@type\":\"SearchAction\",\"target\":{\"@type\":\"EntryPoint\",\"urlTemplate\":\"https:\\\/\\\/aconteceunovale.com.br\\\/portal\\\/?s={search_term_string}\"},\"query-input\":{\"@type\":\"PropertyValueSpecification\",\"valueRequired\":true,\"valueName\":\"search_term_string\"}}],\"inLanguage\":\"pt-BR\"},{\"@type\":\"Person\",\"@id\":\"https:\\\/\\\/aconteceunovale.com.br\\\/portal\\\/#\\\/schema\\\/person\\\/633529146f2c94272bef50ac2953d589\",\"name\":\"Aconteceu no Vale\",\"description\":\"Equipe de reportagem do Aconteceu no Vale, portal de not\u00edcias do Vale do Jequitinhonha, em Minas Gerais. Cobrimos as 51 cidades do Vale desde 2013. Sugest\u00f5es de pauta e pedidos de corre\u00e7\u00e3o: contato@aconteceunovale.com.br\",\"sameAs\":[\"http:\\\/\\\/www.aconteceunovale.com.br\"],\"url\":\"https:\\\/\\\/aconteceunovale.com.br\\\/portal\\\/?author=1\"}]}<\/script>\n<!-- \/ Yoast SEO plugin. -->","yoast_head_json":{"title":"Papa manda mensagem ao Brasil por trag\u00e9dia da Chapecoense - Aconteceu no Vale","robots":{"index":"index","follow":"follow","max-snippet":"max-snippet:-1","max-image-preview":"max-image-preview:large","max-video-preview":"max-video-preview:-1"},"canonical":"https:\/\/aconteceunovale.com.br\/portal\/?p=103128","og_locale":"pt_BR","og_type":"article","og_title":"Papa manda mensagem ao Brasil por trag\u00e9dia da Chapecoense - Aconteceu no Vale","og_description":"O papa Francisco enviou hoje (30) uma mensagem ao povo brasileiro por conta do desastre a\u00e9reo com o avi\u00e3o da Chapecoense durante sua audi\u00eancia geral, na pra\u00e7a S\u00e3o Pedro, no Vaticano. O acidente, ocorrido nos arredores de Medell\u00edn, na Col\u00f4mbia, onde a equipe catarinense disputaria a final da Copa Sul-Americana, deixou 71 mortos, incluindo 19 [&hellip;]","og_url":"https:\/\/aconteceunovale.com.br\/portal\/?p=103128","og_site_name":"Aconteceu no Vale","article_publisher":"https:\/\/www.facebook.com\/aconteceunovale\/","article_published_time":"2016-11-30T11:36:31+00:00","article_modified_time":"2016-11-30T16:18:29+00:00","og_image":[{"width":620,"height":371,"url":"https:\/\/aconteceunovale.com.br\/portal\/wp-content\/uploads\/2015\/05\/papa_francisco.jpg","type":"image\/jpeg"}],"author":"Aconteceu no Vale","twitter_card":"summary_large_image","twitter_creator":"@noticiadosvales","twitter_site":"@noticiadosvales","twitter_misc":{"Escrito por":"Aconteceu no Vale","Est. tempo de leitura":"1 minuto"},"schema":{"@context":"https:\/\/schema.org","@graph":[{"@type":"Article","@id":"https:\/\/aconteceunovale.com.br\/portal\/?p=103128#article","isPartOf":{"@id":"https:\/\/aconteceunovale.com.br\/portal\/?p=103128"},"author":{"name":"Aconteceu no Vale","@id":"https:\/\/aconteceunovale.com.br\/portal\/#\/schema\/person\/633529146f2c94272bef50ac2953d589"},"headline":"Papa manda mensagem ao Brasil por trag\u00e9dia da Chapecoense","datePublished":"2016-11-30T11:36:31+00:00","dateModified":"2016-11-30T16:18:29+00:00","mainEntityOfPage":{"@id":"https:\/\/aconteceunovale.com.br\/portal\/?p=103128"},"wordCount":299,"commentCount":0,"image":{"@id":"https:\/\/aconteceunovale.com.br\/portal\/?p=103128#primaryimage"},"thumbnailUrl":"https:\/\/aconteceunovale.com.br\/portal\/wp-content\/uploads\/2015\/05\/papa_francisco.jpg","keywords":["Accidente a\u00e9reo del Chapecoense","Accidente del avi\u00f3n de Chapecoense","Acidente","acidente a\u00e9reo","acidente a\u00e9reo com a delega\u00e7\u00e3o da Chapecoense","Acidente avi\u00e3o Cerro Gordo","Acidente avi\u00e3o Lamia Corporation","Acidente Chapecoense","acidente com a Chapecoense","Acidente com avi\u00e3o","Acidente com avi\u00e3o da Chapecoense","Acidente com avi\u00e3o que transportava delega\u00e7\u00e3o da Chapecoense deixa 76 mortos","Acidente com o avi\u00e3o da Chapecoense","Acidente com o avi\u00e3o da Chapecoense na Col\u00f4mbia","Acidente Lamia Corporation","Aeroporto Jos\u00e9 Mar\u00eda C\u00f3rdova","Alan Ruschel","amigo de piraporense que estava no avi\u00e3o da Chapecoense","Anderson Boi\u00e3o","Anderson Roberto Martins","Antioquia","Ap\u00f3s acidente com Chapecoense","Atl\u00e9tico Nacional","Atl\u00e9tico Nacional da Col\u00f4mbia","Atl\u00e9tico Nacional de Medel\u00edn","Atl\u00e9tico Nacional de Medel\u00edn prop\u00f5e que t\u00edtulo da Copa Sul-Americana fique com Chapecoense","avi\u00e3o","avi\u00e3o com a Chapecoense","Avi\u00e3o com jogadores da Chapecoense","Avi\u00e3o Lamia","Avi\u00e3o Lamia Corporation","Avi\u00e3o que levava Chapecoense para final da Sul-Americana","avi\u00e3o que levava o time da Chapecoense","avi\u00e3o que levava o time da Chapecoense caiu na Col\u00f4mbia","Avi\u00e3o que transportava time da Chapecoense","Avi\u00f3n de Chapecoense","Avi\u00f3n que transportaba Chapecoense","Bras\u00edlia","British Aerospace 146","caiu na Col\u00f4mbia","caiu na regi\u00e3o da prov\u00edncia de Antioquia","Cerro Gordo","Chapec\u00f3","chapecoense","Chapecoense distribui nota lamentando trag\u00e9dia","Col\u00f4mbia","condol\u00eancias","Confira a lista de passageiros no avi\u00e3o da Chapecoense","Contagem","Copa Sul-Americanavi\u00e3o","CP 2933","Delfim Peixoto Filho","destaque","Elkin Ospina","Erwin Tumiri","feridos","final da Copa do Brasil \u00e9 remarcada para dia 7","Final da Sul-Americana","Flamengo","Fluminense","futebol","Informa\u00e7\u00f5es sobre o acidente com o avi\u00e3o da Chapecoense na Col\u00f4mbia","Jackson Follmann","Juiz de Fora","La Ceja","La Uni\u00f3n","Lamia Corporation","Lista de passageiros no avi\u00e3o da Chapecoense","Luciano Buligon","manifesta\u00e7\u00f5es","Marcos Danilo Padilha","Medell\u00edn","mortos","Oriente antioque\u00f1o","Papa","papa francisco","Papa Francisco lamenta acidente com chapecoense","Papa manda mensagem ao Brasil por trag\u00e9dia da Chapecoense","Paran\u00e1","Pirapora","Pirapora Futebol Clube","posi\u00e7\u00e3o fetal","prefeito de Chapec\u00f3","prefeito de La Ceja","Prefeito de La Ceja diz que dez pessoas foram resgatadas","presidente da Federa\u00e7\u00e3o Catarinense de Futebol","primeira partida da final da Copa Sul-Americana","primeira partida da final da Copa Sul-Americana contra o Atl\u00e9tico Nacional da Col\u00f4mbia","protesto santa cruz de la sierra","Queda avi\u00f3n de Chapecoense","queda de avi\u00e3o","queda de avi\u00e3o em Cerro Gordo","Queda do avi\u00e3o da Chapecoense","Queda do avi\u00e3o da Chapecoense na Col\u00f4mbia","Rionegro","Sete Lagoas","sobreviventes","time","trag\u00e9dia","Trag\u00e9dia com avi\u00e3o que levava a Chapecoense","tripulante","Tripulante de avi\u00e3o da Chapecoense diz que sobreviveu gra\u00e7as \u00e0 posi\u00e7\u00e3o fetal","Tripulante de avi\u00e3o da Chapecoense revela como se salvou","Tripulante do voo da Chapecoense diz que sobreviveu gra\u00e7as \u00e0 posi\u00e7\u00e3o fetal","Veja a lista de passageiros no avi\u00e3o da Chapecoense","Ver lista de passageiros no avi\u00e3o da Chapecoense","Zagueiro Demerson escapa do acidente","zagueiro Marcelo Mathias"],"articleSection":["Brasil","Mundo"],"inLanguage":"pt-BR","potentialAction":[{"@type":"CommentAction","name":"Comment","target":["https:\/\/aconteceunovale.com.br\/portal\/?p=103128#respond"]}]},{"@type":"WebPage","@id":"https:\/\/aconteceunovale.com.br\/portal\/?p=103128","url":"https:\/\/aconteceunovale.com.br\/portal\/?p=103128","name":"Papa manda mensagem ao Brasil por trag\u00e9dia da Chapecoense - Aconteceu no Vale","isPartOf":{"@id":"https:\/\/aconteceunovale.com.br\/portal\/#website"},"primaryImageOfPage":{"@id":"https:\/\/aconteceunovale.com.br\/portal\/?p=103128#primaryimage"},"image":{"@id":"https:\/\/aconteceunovale.com.br\/portal\/?p=103128#primaryimage"},"thumbnailUrl":"https:\/\/aconteceunovale.com.br\/portal\/wp-content\/uploads\/2015\/05\/papa_francisco.jpg","datePublished":"2016-11-30T11:36:31+00:00","dateModified":"2016-11-30T16:18:29+00:00","author":{"@id":"https:\/\/aconteceunovale.com.br\/portal\/#\/schema\/person\/633529146f2c94272bef50ac2953d589"},"breadcrumb":{"@id":"https:\/\/aconteceunovale.com.br\/portal\/?p=103128#breadcrumb"},"inLanguage":"pt-BR","potentialAction":[{"@type":"ReadAction","target":["https:\/\/aconteceunovale.com.br\/portal\/?p=103128"]}]},{"@type":"ImageObject","inLanguage":"pt-BR","@id":"https:\/\/aconteceunovale.com.br\/portal\/?p=103128#primaryimage","url":"https:\/\/aconteceunovale.com.br\/portal\/wp-content\/uploads\/2015\/05\/papa_francisco.jpg","contentUrl":"https:\/\/aconteceunovale.com.br\/portal\/wp-content\/uploads\/2015\/05\/papa_francisco.jpg","width":620,"height":371},{"@type":"BreadcrumbList","@id":"https:\/\/aconteceunovale.com.br\/portal\/?p=103128#breadcrumb","itemListElement":[{"@type":"ListItem","position":1,"name":"In\u00edcio","item":"https:\/\/aconteceunovale.com.br\/portal\/"},{"@type":"ListItem","position":2,"name":"Papa manda mensagem ao Brasil por trag\u00e9dia da Chapecoense"}]},{"@type":"WebSite","@id":"https:\/\/aconteceunovale.com.br\/portal\/#website","url":"https:\/\/aconteceunovale.com.br\/portal\/","name":"Aconteceu no Vale","description":"Portal de Not\u00edcias","potentialAction":[{"@type":"SearchAction","target":{"@type":"EntryPoint","urlTemplate":"https:\/\/aconteceunovale.com.br\/portal\/?s={search_term_string}"},"query-input":{"@type":"PropertyValueSpecification","valueRequired":true,"valueName":"search_term_string"}}],"inLanguage":"pt-BR"},{"@type":"Person","@id":"https:\/\/aconteceunovale.com.br\/portal\/#\/schema\/person\/633529146f2c94272bef50ac2953d589","name":"Aconteceu no Vale","description":"Equipe de reportagem do Aconteceu no Vale, portal de not\u00edcias do Vale do Jequitinhonha, em Minas Gerais. Cobrimos as 51 cidades do Vale desde 2013. Sugest\u00f5es de pauta e pedidos de corre\u00e7\u00e3o: contato@aconteceunovale.com.br","sameAs":["http:\/\/www.aconteceunovale.com.br"],"url":"https:\/\/aconteceunovale.com.br\/portal\/?author=1"}]}},"_links":{"self":[{"href":"https:\/\/aconteceunovale.com.br\/portal\/index.php?rest_route=\/wp\/v2\/posts\/103128","targetHints":{"allow":["GET"]}}],"collection":[{"href":"https:\/\/aconteceunovale.com.br\/portal\/index.php?rest_route=\/wp\/v2\/posts"}],"about":[{"href":"https:\/\/aconteceunovale.com.br\/portal\/index.php?rest_route=\/wp\/v2\/types\/post"}],"author":[{"embeddable":true,"href":"https:\/\/aconteceunovale.com.br\/portal\/index.php?rest_route=\/wp\/v2\/users\/1"}],"replies":[{"embeddable":true,"href":"https:\/\/aconteceunovale.com.br\/portal\/index.php?rest_route=%2Fwp%2Fv2%2Fcomments&post=103128"}],"version-history":[{"count":0,"href":"https:\/\/aconteceunovale.com.br\/portal\/index.php?rest_route=\/wp\/v2\/posts\/103128\/revisions"}],"wp:featuredmedia":[{"embeddable":true,"href":"https:\/\/aconteceunovale.com.br\/portal\/index.php?rest_route=\/wp\/v2\/media\/59841"}],"wp:attachment":[{"href":"https:\/\/aconteceunovale.com.br\/portal\/index.php?rest_route=%2Fwp%2Fv2%2Fmedia&parent=103128"}],"wp:term":[{"taxonomy":"category","embeddable":true,"href":"https:\/\/aconteceunovale.com.br\/portal\/index.php?rest_route=%2Fwp%2Fv2%2Fcategories&post=103128"},{"taxonomy":"post_tag","embeddable":true,"href":"https:\/\/aconteceunovale.com.br\/portal\/index.php?rest_route=%2Fwp%2Fv2%2Ftags&post=103128"}],"curies":[{"name":"wp","href":"https:\/\/api.w.org\/{rel}","templated":true}]}}