{"id":103126,"date":"2016-11-30T10:16:50","date_gmt":"2016-11-30T12:16:50","guid":{"rendered":"http:\/\/aconteceunovale.com.br\/portal\/?p=103126"},"modified":"2016-11-30T14:16:09","modified_gmt":"2016-11-30T16:16:09","slug":"paises-de-lingua-portuguesa-enviam-condolencias-ao-brasil-por-acidente-aereo","status":"publish","type":"post","link":"https:\/\/aconteceunovale.com.br\/portal\/?p=103126","title":{"rendered":"Pa\u00edses de l\u00edngua portuguesa enviam condol\u00eancias ao Brasil por acidente a\u00e9reo"},"content":{"rendered":"<p>O presidente mo\u00e7ambicano, Filipe Nyusi, manifestou hoje (30) ao seu hom\u00f3logo brasileiro, Michel Temer,  &#8220;profunda dor e consterna\u00e7\u00e3o&#8221;. &#8220;Gostaria de endere\u00e7ar as nossas mais sentidas condol\u00eancias a vossa excel\u00eancia, \u00e0s fam\u00edlias enlutadas e ao povo e Governo da Rep\u00fablica Federativa do Brasil&#8221;, expressou em nota. <\/p>\n<p>O presidente de Cabo Verde, Jorge Carlos Fonseca, afirmou ontem em nota que &#8220;foi com imensa tristeza e pesar que tive conhecimento do acidente ocorrido, com o avi\u00e3o que transportava a equipa Chapecoense Real do Brasil, com destino a Medell\u00edn, Col\u00f4mbia, ceifando a vida de dezenas de pessoas, entre as quais jogadores e equipa t\u00e9cnica&#8221;. O chefe de Estado cabo-verdiano endere\u00e7ou em seu nome e do &#8220;povo de Cabo Verde, as mais sentidas condol\u00eancias \u00e0s fam\u00edlias enlutadas e ao povo irm\u00e3o brasileiro&#8221;.<\/p>\n<p>O Presidente portugu\u00eas Marcelo Rebelo, tamb\u00e9m se manifestou onte, lamentando a &#8220;morte de dezenas de pessoas no tr\u00e1gico acidente a\u00e9reo ocorrido esta madrugada na Col\u00f4mbia, em que se perdeu tamb\u00e9m a grande maioria dos jogadores do Chapecoense&#8221;. &#8220;Quero expressar as minhas sinceras condol\u00eancias ao Presidente Michel Temer, ao povo brasileiro, e de outras nacionalidades, e a todos os familiares por esta perda inestim\u00e1vel&#8221;, acrescentou.<\/p>\n<p>Segundo a ag\u00eancia de Aeron\u00e1utica Civil da Col\u00f4mbia (Aerocivil), 77 pessoas viajavam no avi\u00e3o fretado pela Chapecoense, que caiu ontem perto do aeroporto internacional de Medell\u00edn. O acidente causou 71 mortes. Seis pessoas foram resgatadas com vida.<\/p>\n<p>O avi\u00e3o se dirigia para o aeroporto Jos\u00e9 Mar\u00eda C\u00f3rdoba, em Medell\u00edn, onde a equipe da Chapecoense jogaria hoje (30) a primeira partida final da Ta\u00e7a Sul-americana, contra o Atl\u00e9tico Nacional colombiano. (Ag\u00eancia Brasil)<\/p>\n","protected":false},"excerpt":{"rendered":"<p>O presidente mo\u00e7ambicano, Filipe Nyusi, manifestou hoje (30) ao seu hom\u00f3logo brasileiro, Michel Temer, &#8220;profunda dor e consterna\u00e7\u00e3o&#8221;. &#8220;Gostaria de endere\u00e7ar as nossas mais sentidas condol\u00eancias a vossa excel\u00eancia, \u00e0s fam\u00edlias enlutadas e ao povo e Governo da Rep\u00fablica Federativa do Brasil&#8221;, expressou em nota. O presidente de Cabo Verde, Jorge Carlos Fonseca, afirmou ontem [&hellip;]<\/p>\n","protected":false},"author":1,"featured_media":103000,"comment_status":"open","ping_status":"closed","sticky":false,"template":"","format":"standard","meta":{"amp_status":"","footnotes":""},"categories":[6,28848],"tags":[128014,128009,694,72438,128020,127999,127987,128006,128049,128002,128015,128031,128005,128004,127986,127975,127993,128099,128039,128040,127981,128050,128046,127979,128052,128045,19787,128030,128019,127985,127984,128016,127972,127974,128018,128010,128013,4606,128001,127973,127982,127998,9083,13241,128029,15464,128267,128022,956,128047,127980,128028,1018,127992,128242,62935,128051,128017,14190,15603,21232,128003,127995,206,127988,127989,127983,128021,128026,35767,127994,80046,26352,128012,128268,946,128048,18373,254,128098,128244,128025,127991,127996,128027,127978,127977,37778,128011,63041,127997,128008,128007,127976,1532,65762,127990,65331,128000,128243,128246,128245,128241,128023,128024,128041,128038],"class_list":["post-103126","post","type-post","status-publish","format-standard","has-post-thumbnail","hentry","category-br","category-mundo","tag-accidente-aereo-del-chapecoense","tag-accidente-del-avion-de-chapecoense","tag-acidente","tag-acidente-aereo","tag-acidente-aereo-com-a-delegacao-da-chapecoense","tag-acidente-aviao-cerro-gordo","tag-acidente-aviao-lamia-corporation","tag-acidente-chapecoense","tag-acidente-com-a-chapecoense","tag-acidente-com-aviao","tag-acidente-com-aviao-da-chapecoense","tag-acidente-com-aviao-que-transportava-delegacao-da-chapecoense-deixa-76-mortos","tag-acidente-com-o-aviao-da-chapecoense","tag-acidente-com-o-aviao-da-chapecoense-na-colombia","tag-acidente-lamia-corporation","tag-aeroporto-jose-maria-cordova","tag-alan-ruschel","tag-amigo-de-piraporense-que-estava-no-aviao-da-chapecoense","tag-anderson-boiao","tag-anderson-roberto-martins","tag-antioquia","tag-apos-acidente-com-chapecoense","tag-atletico-nacional","tag-atletico-nacional-da-colombia","tag-atletico-nacional-de-medelin","tag-atletico-nacional-de-medelin-propoe-que-titulo-da-copa-sul-americana-fique-com-chapecoense","tag-aviao","tag-aviao-com-a-chapecoense","tag-aviao-com-jogadores-da-chapecoense","tag-aviao-lamia","tag-aviao-lamia-corporation","tag-aviao-que-levava-chapecoense-para-final-da-sul-americana","tag-aviao-que-levava-o-time-da-chapecoense","tag-aviao-que-levava-o-time-da-chapecoense-caiu-na-colombia","tag-aviao-que-transportava-time-da-chapecoense","tag-avion-de-chapecoense","tag-avion-que-transportaba-chapecoense","tag-brasilia","tag-british-aerospace-146","tag-caiu-na-colombia","tag-caiu-na-regiao-da-provincia-de-antioquia","tag-cerro-gordo","tag-chapeco","tag-chapecoense","tag-chapecoense-distribui-nota-lamentando-tragedia","tag-colombia","tag-condolencias","tag-confira-a-lista-de-passageiros-no-aviao-da-chapecoense","tag-contagem","tag-copa-sul-americanaviao","tag-cp-2933","tag-delfim-peixoto-filho","tag-destaque","tag-elkin-ospina","tag-erwin-tumiri","tag-feridos","tag-final-da-copa-do-brasil-e-remarcada-para-dia-7","tag-final-da-sul-americana","tag-flamengo","tag-fluminense","tag-futebol","tag-informacoes-sobre-o-acidente-com-o-aviao-da-chapecoense-na-colombia","tag-jackson-follmann","tag-juiz-de-fora","tag-la-ceja","tag-la-union","tag-lamia-corporation","tag-lista-de-passageiros-no-aviao-da-chapecoense","tag-luciano-buligon","tag-manifestacoes","tag-marcos-danilo-padilha","tag-medellin","tag-mortos","tag-oriente-antioqueno","tag-paises-de-lingua-portuguesa-enviam-condolencias-ao-brasil-por-acidente-aereo","tag-papa-francisco","tag-papa-francisco-lamenta-acidente-com-chapecoense","tag-parana","tag-pirapora","tag-pirapora-futebol-clube","tag-posicao-fetal","tag-prefeito-de-chapeco","tag-prefeito-de-la-ceja","tag-prefeito-de-la-ceja-diz-que-dez-pessoas-foram-resgatadas","tag-presidente-da-federacao-catarinense-de-futebol","tag-primeira-partida-da-final-da-copa-sul-americana","tag-primeira-partida-da-final-da-copa-sul-americana-contra-o-atletico-nacional-da-colombia","tag-protesto-santa-cruz-de-la-sierra","tag-queda-avion-de-chapecoense","tag-queda-de-aviao","tag-queda-de-aviao-em-cerro-gordo","tag-queda-do-aviao-da-chapecoense","tag-queda-do-aviao-da-chapecoense-na-colombia","tag-rionegro","tag-sete-lagoas","tag-sobreviventes","tag-time","tag-tragedia","tag-tragedia-com-aviao-que-levava-a-chapecoense","tag-tripulante","tag-tripulante-de-aviao-da-chapecoense-diz-que-sobreviveu-gracas-a-posicao-fetal","tag-tripulante-de-aviao-da-chapecoense-revela-como-se-salvou","tag-tripulante-do-voo-da-chapecoense-diz-que-sobreviveu-gracas-a-posicao-fetal","tag-veja-a-lista-de-passageiros-no-aviao-da-chapecoense","tag-ver-lista-de-passageiros-no-aviao-da-chapecoense","tag-zagueiro-demerson-escapa-do-acidente","tag-zagueiro-marcelo-mathias"],"yoast_head":"<!-- This site is optimized with the Yoast SEO plugin v28.3 - https:\/\/yoast.com\/product\/yoast-seo-wordpress\/ -->\n<title>Pa\u00edses de l\u00edngua portuguesa enviam condol\u00eancias ao Brasil por acidente a\u00e9reo - Aconteceu no Vale<\/title>\n<meta name=\"robots\" content=\"index, follow, max-snippet:-1, max-image-preview:large, max-video-preview:-1\" \/>\n<link rel=\"canonical\" href=\"https:\/\/aconteceunovale.com.br\/portal\/?p=103126\" \/>\n<meta property=\"og:locale\" content=\"pt_BR\" \/>\n<meta property=\"og:type\" content=\"article\" \/>\n<meta property=\"og:title\" content=\"Pa\u00edses de l\u00edngua portuguesa enviam condol\u00eancias ao Brasil por acidente a\u00e9reo - Aconteceu no Vale\" \/>\n<meta property=\"og:description\" content=\"O presidente mo\u00e7ambicano, Filipe Nyusi, manifestou hoje (30) ao seu hom\u00f3logo brasileiro, Michel Temer, &#8220;profunda dor e consterna\u00e7\u00e3o&#8221;. &#8220;Gostaria de endere\u00e7ar as nossas mais sentidas condol\u00eancias a vossa excel\u00eancia, \u00e0s fam\u00edlias enlutadas e ao povo e Governo da Rep\u00fablica Federativa do Brasil&#8221;, expressou em nota. O presidente de Cabo Verde, Jorge Carlos Fonseca, afirmou ontem [&hellip;]\" \/>\n<meta property=\"og:url\" content=\"https:\/\/aconteceunovale.com.br\/portal\/?p=103126\" \/>\n<meta property=\"og:site_name\" content=\"Aconteceu no Vale\" \/>\n<meta property=\"article:publisher\" content=\"https:\/\/www.facebook.com\/aconteceunovale\/\" \/>\n<meta property=\"article:published_time\" content=\"2016-11-30T12:16:50+00:00\" \/>\n<meta property=\"article:modified_time\" content=\"2016-11-30T16:16:09+00:00\" \/>\n<meta property=\"og:image\" content=\"https:\/\/aconteceunovale.com.br\/portal\/wp-content\/uploads\/2016\/11\/aviao_chapecoense_queda_2.jpg-large.jpg\" \/>\n\t<meta property=\"og:image:width\" content=\"678\" \/>\n\t<meta property=\"og:image:height\" content=\"439\" \/>\n\t<meta property=\"og:image:type\" content=\"image\/jpeg\" \/>\n<meta name=\"author\" content=\"Aconteceu no Vale\" \/>\n<meta name=\"twitter:card\" content=\"summary_large_image\" \/>\n<meta name=\"twitter:creator\" content=\"@noticiadosvales\" \/>\n<meta name=\"twitter:site\" content=\"@noticiadosvales\" \/>\n<meta name=\"twitter:label1\" content=\"Escrito por\" \/>\n\t<meta name=\"twitter:data1\" content=\"Aconteceu no Vale\" \/>\n\t<meta name=\"twitter:label2\" content=\"Est. tempo de leitura\" \/>\n\t<meta name=\"twitter:data2\" content=\"1 minuto\" \/>\n<script type=\"application\/ld+json\" class=\"yoast-schema-graph\">{\"@context\":\"https:\\\/\\\/schema.org\",\"@graph\":[{\"@type\":\"Article\",\"@id\":\"https:\\\/\\\/aconteceunovale.com.br\\\/portal\\\/?p=103126#article\",\"isPartOf\":{\"@id\":\"https:\\\/\\\/aconteceunovale.com.br\\\/portal\\\/?p=103126\"},\"author\":{\"name\":\"Aconteceu no Vale\",\"@id\":\"https:\\\/\\\/aconteceunovale.com.br\\\/portal\\\/#\\\/schema\\\/person\\\/633529146f2c94272bef50ac2953d589\"},\"headline\":\"Pa\u00edses de l\u00edngua portuguesa enviam condol\u00eancias ao Brasil por acidente a\u00e9reo\",\"datePublished\":\"2016-11-30T12:16:50+00:00\",\"dateModified\":\"2016-11-30T16:16:09+00:00\",\"mainEntityOfPage\":{\"@id\":\"https:\\\/\\\/aconteceunovale.com.br\\\/portal\\\/?p=103126\"},\"wordCount\":309,\"commentCount\":0,\"image\":{\"@id\":\"https:\\\/\\\/aconteceunovale.com.br\\\/portal\\\/?p=103126#primaryimage\"},\"thumbnailUrl\":\"https:\\\/\\\/aconteceunovale.com.br\\\/portal\\\/wp-content\\\/uploads\\\/2016\\\/11\\\/aviao_chapecoense_queda_2.jpg-large.jpg\",\"keywords\":[\"Accidente a\u00e9reo del Chapecoense\",\"Accidente del avi\u00f3n de Chapecoense\",\"Acidente\",\"acidente a\u00e9reo\",\"acidente a\u00e9reo com a delega\u00e7\u00e3o da Chapecoense\",\"Acidente avi\u00e3o Cerro Gordo\",\"Acidente avi\u00e3o Lamia Corporation\",\"Acidente Chapecoense\",\"acidente com a Chapecoense\",\"Acidente com avi\u00e3o\",\"Acidente com avi\u00e3o da Chapecoense\",\"Acidente com avi\u00e3o que transportava delega\u00e7\u00e3o da Chapecoense deixa 76 mortos\",\"Acidente com o avi\u00e3o da Chapecoense\",\"Acidente com o avi\u00e3o da Chapecoense na Col\u00f4mbia\",\"Acidente Lamia Corporation\",\"Aeroporto Jos\u00e9 Mar\u00eda C\u00f3rdova\",\"Alan Ruschel\",\"amigo de piraporense que estava no avi\u00e3o da Chapecoense\",\"Anderson Boi\u00e3o\",\"Anderson Roberto Martins\",\"Antioquia\",\"Ap\u00f3s acidente com Chapecoense\",\"Atl\u00e9tico Nacional\",\"Atl\u00e9tico Nacional da Col\u00f4mbia\",\"Atl\u00e9tico Nacional de Medel\u00edn\",\"Atl\u00e9tico Nacional de Medel\u00edn prop\u00f5e que t\u00edtulo da Copa Sul-Americana fique com Chapecoense\",\"avi\u00e3o\",\"avi\u00e3o com a Chapecoense\",\"Avi\u00e3o com jogadores da Chapecoense\",\"Avi\u00e3o Lamia\",\"Avi\u00e3o Lamia Corporation\",\"Avi\u00e3o que levava Chapecoense para final da Sul-Americana\",\"avi\u00e3o que levava o time da Chapecoense\",\"avi\u00e3o que levava o time da Chapecoense caiu na Col\u00f4mbia\",\"Avi\u00e3o que transportava time da Chapecoense\",\"Avi\u00f3n de Chapecoense\",\"Avi\u00f3n que transportaba Chapecoense\",\"Bras\u00edlia\",\"British Aerospace 146\",\"caiu na Col\u00f4mbia\",\"caiu na regi\u00e3o da prov\u00edncia de Antioquia\",\"Cerro Gordo\",\"Chapec\u00f3\",\"chapecoense\",\"Chapecoense distribui nota lamentando trag\u00e9dia\",\"Col\u00f4mbia\",\"condol\u00eancias\",\"Confira a lista de passageiros no avi\u00e3o da Chapecoense\",\"Contagem\",\"Copa Sul-Americanavi\u00e3o\",\"CP 2933\",\"Delfim Peixoto Filho\",\"destaque\",\"Elkin Ospina\",\"Erwin Tumiri\",\"feridos\",\"final da Copa do Brasil \u00e9 remarcada para dia 7\",\"Final da Sul-Americana\",\"Flamengo\",\"Fluminense\",\"futebol\",\"Informa\u00e7\u00f5es sobre o acidente com o avi\u00e3o da Chapecoense na Col\u00f4mbia\",\"Jackson Follmann\",\"Juiz de Fora\",\"La Ceja\",\"La Uni\u00f3n\",\"Lamia Corporation\",\"Lista de passageiros no avi\u00e3o da Chapecoense\",\"Luciano Buligon\",\"manifesta\u00e7\u00f5es\",\"Marcos Danilo Padilha\",\"Medell\u00edn\",\"mortos\",\"Oriente antioque\u00f1o\",\"Pa\u00edses de l\u00edngua portuguesa enviam condol\u00eancias ao Brasil por acidente a\u00e9reo\",\"papa francisco\",\"Papa Francisco lamenta acidente com chapecoense\",\"Paran\u00e1\",\"Pirapora\",\"Pirapora Futebol Clube\",\"posi\u00e7\u00e3o fetal\",\"prefeito de Chapec\u00f3\",\"prefeito de La Ceja\",\"Prefeito de La Ceja diz que dez pessoas foram resgatadas\",\"presidente da Federa\u00e7\u00e3o Catarinense de Futebol\",\"primeira partida da final da Copa Sul-Americana\",\"primeira partida da final da Copa Sul-Americana contra o Atl\u00e9tico Nacional da Col\u00f4mbia\",\"protesto santa cruz de la sierra\",\"Queda avi\u00f3n de Chapecoense\",\"queda de avi\u00e3o\",\"queda de avi\u00e3o em Cerro Gordo\",\"Queda do avi\u00e3o da Chapecoense\",\"Queda do avi\u00e3o da Chapecoense na Col\u00f4mbia\",\"Rionegro\",\"Sete Lagoas\",\"sobreviventes\",\"time\",\"trag\u00e9dia\",\"Trag\u00e9dia com avi\u00e3o que levava a Chapecoense\",\"tripulante\",\"Tripulante de avi\u00e3o da Chapecoense diz que sobreviveu gra\u00e7as \u00e0 posi\u00e7\u00e3o fetal\",\"Tripulante de avi\u00e3o da Chapecoense revela como se salvou\",\"Tripulante do voo da Chapecoense diz que sobreviveu gra\u00e7as \u00e0 posi\u00e7\u00e3o fetal\",\"Veja a lista de passageiros no avi\u00e3o da Chapecoense\",\"Ver lista de passageiros no avi\u00e3o da Chapecoense\",\"Zagueiro Demerson escapa do acidente\",\"zagueiro Marcelo Mathias\"],\"articleSection\":[\"Brasil\",\"Mundo\"],\"inLanguage\":\"pt-BR\",\"potentialAction\":[{\"@type\":\"CommentAction\",\"name\":\"Comment\",\"target\":[\"https:\\\/\\\/aconteceunovale.com.br\\\/portal\\\/?p=103126#respond\"]}]},{\"@type\":\"WebPage\",\"@id\":\"https:\\\/\\\/aconteceunovale.com.br\\\/portal\\\/?p=103126\",\"url\":\"https:\\\/\\\/aconteceunovale.com.br\\\/portal\\\/?p=103126\",\"name\":\"Pa\u00edses de l\u00edngua portuguesa enviam condol\u00eancias ao Brasil por acidente a\u00e9reo - Aconteceu no Vale\",\"isPartOf\":{\"@id\":\"https:\\\/\\\/aconteceunovale.com.br\\\/portal\\\/#website\"},\"primaryImageOfPage\":{\"@id\":\"https:\\\/\\\/aconteceunovale.com.br\\\/portal\\\/?p=103126#primaryimage\"},\"image\":{\"@id\":\"https:\\\/\\\/aconteceunovale.com.br\\\/portal\\\/?p=103126#primaryimage\"},\"thumbnailUrl\":\"https:\\\/\\\/aconteceunovale.com.br\\\/portal\\\/wp-content\\\/uploads\\\/2016\\\/11\\\/aviao_chapecoense_queda_2.jpg-large.jpg\",\"datePublished\":\"2016-11-30T12:16:50+00:00\",\"dateModified\":\"2016-11-30T16:16:09+00:00\",\"author\":{\"@id\":\"https:\\\/\\\/aconteceunovale.com.br\\\/portal\\\/#\\\/schema\\\/person\\\/633529146f2c94272bef50ac2953d589\"},\"breadcrumb\":{\"@id\":\"https:\\\/\\\/aconteceunovale.com.br\\\/portal\\\/?p=103126#breadcrumb\"},\"inLanguage\":\"pt-BR\",\"potentialAction\":[{\"@type\":\"ReadAction\",\"target\":[\"https:\\\/\\\/aconteceunovale.com.br\\\/portal\\\/?p=103126\"]}]},{\"@type\":\"ImageObject\",\"inLanguage\":\"pt-BR\",\"@id\":\"https:\\\/\\\/aconteceunovale.com.br\\\/portal\\\/?p=103126#primaryimage\",\"url\":\"https:\\\/\\\/aconteceunovale.com.br\\\/portal\\\/wp-content\\\/uploads\\\/2016\\\/11\\\/aviao_chapecoense_queda_2.jpg-large.jpg\",\"contentUrl\":\"https:\\\/\\\/aconteceunovale.com.br\\\/portal\\\/wp-content\\\/uploads\\\/2016\\\/11\\\/aviao_chapecoense_queda_2.jpg-large.jpg\",\"width\":678,\"height\":439},{\"@type\":\"BreadcrumbList\",\"@id\":\"https:\\\/\\\/aconteceunovale.com.br\\\/portal\\\/?p=103126#breadcrumb\",\"itemListElement\":[{\"@type\":\"ListItem\",\"position\":1,\"name\":\"In\u00edcio\",\"item\":\"https:\\\/\\\/aconteceunovale.com.br\\\/portal\\\/\"},{\"@type\":\"ListItem\",\"position\":2,\"name\":\"Pa\u00edses de l\u00edngua portuguesa enviam condol\u00eancias ao Brasil por acidente a\u00e9reo\"}]},{\"@type\":\"WebSite\",\"@id\":\"https:\\\/\\\/aconteceunovale.com.br\\\/portal\\\/#website\",\"url\":\"https:\\\/\\\/aconteceunovale.com.br\\\/portal\\\/\",\"name\":\"Aconteceu no Vale\",\"description\":\"Portal de Not\u00edcias\",\"potentialAction\":[{\"@type\":\"SearchAction\",\"target\":{\"@type\":\"EntryPoint\",\"urlTemplate\":\"https:\\\/\\\/aconteceunovale.com.br\\\/portal\\\/?s={search_term_string}\"},\"query-input\":{\"@type\":\"PropertyValueSpecification\",\"valueRequired\":true,\"valueName\":\"search_term_string\"}}],\"inLanguage\":\"pt-BR\"},{\"@type\":\"Person\",\"@id\":\"https:\\\/\\\/aconteceunovale.com.br\\\/portal\\\/#\\\/schema\\\/person\\\/633529146f2c94272bef50ac2953d589\",\"name\":\"Aconteceu no Vale\",\"description\":\"Equipe de reportagem do Aconteceu no Vale, portal de not\u00edcias do Vale do Jequitinhonha, em Minas Gerais. Cobrimos as 51 cidades do Vale desde 2013. Sugest\u00f5es de pauta e pedidos de corre\u00e7\u00e3o: contato@aconteceunovale.com.br\",\"sameAs\":[\"http:\\\/\\\/www.aconteceunovale.com.br\"],\"url\":\"https:\\\/\\\/aconteceunovale.com.br\\\/portal\\\/?author=1\"}]}<\/script>\n<!-- \/ Yoast SEO plugin. -->","yoast_head_json":{"title":"Pa\u00edses de l\u00edngua portuguesa enviam condol\u00eancias ao Brasil por acidente a\u00e9reo - Aconteceu no Vale","robots":{"index":"index","follow":"follow","max-snippet":"max-snippet:-1","max-image-preview":"max-image-preview:large","max-video-preview":"max-video-preview:-1"},"canonical":"https:\/\/aconteceunovale.com.br\/portal\/?p=103126","og_locale":"pt_BR","og_type":"article","og_title":"Pa\u00edses de l\u00edngua portuguesa enviam condol\u00eancias ao Brasil por acidente a\u00e9reo - Aconteceu no Vale","og_description":"O presidente mo\u00e7ambicano, Filipe Nyusi, manifestou hoje (30) ao seu hom\u00f3logo brasileiro, Michel Temer, &#8220;profunda dor e consterna\u00e7\u00e3o&#8221;. &#8220;Gostaria de endere\u00e7ar as nossas mais sentidas condol\u00eancias a vossa excel\u00eancia, \u00e0s fam\u00edlias enlutadas e ao povo e Governo da Rep\u00fablica Federativa do Brasil&#8221;, expressou em nota. O presidente de Cabo Verde, Jorge Carlos Fonseca, afirmou ontem [&hellip;]","og_url":"https:\/\/aconteceunovale.com.br\/portal\/?p=103126","og_site_name":"Aconteceu no Vale","article_publisher":"https:\/\/www.facebook.com\/aconteceunovale\/","article_published_time":"2016-11-30T12:16:50+00:00","article_modified_time":"2016-11-30T16:16:09+00:00","og_image":[{"width":678,"height":439,"url":"https:\/\/aconteceunovale.com.br\/portal\/wp-content\/uploads\/2016\/11\/aviao_chapecoense_queda_2.jpg-large.jpg","type":"image\/jpeg"}],"author":"Aconteceu no Vale","twitter_card":"summary_large_image","twitter_creator":"@noticiadosvales","twitter_site":"@noticiadosvales","twitter_misc":{"Escrito por":"Aconteceu no Vale","Est. tempo de leitura":"1 minuto"},"schema":{"@context":"https:\/\/schema.org","@graph":[{"@type":"Article","@id":"https:\/\/aconteceunovale.com.br\/portal\/?p=103126#article","isPartOf":{"@id":"https:\/\/aconteceunovale.com.br\/portal\/?p=103126"},"author":{"name":"Aconteceu no Vale","@id":"https:\/\/aconteceunovale.com.br\/portal\/#\/schema\/person\/633529146f2c94272bef50ac2953d589"},"headline":"Pa\u00edses de l\u00edngua portuguesa enviam condol\u00eancias ao Brasil por acidente a\u00e9reo","datePublished":"2016-11-30T12:16:50+00:00","dateModified":"2016-11-30T16:16:09+00:00","mainEntityOfPage":{"@id":"https:\/\/aconteceunovale.com.br\/portal\/?p=103126"},"wordCount":309,"commentCount":0,"image":{"@id":"https:\/\/aconteceunovale.com.br\/portal\/?p=103126#primaryimage"},"thumbnailUrl":"https:\/\/aconteceunovale.com.br\/portal\/wp-content\/uploads\/2016\/11\/aviao_chapecoense_queda_2.jpg-large.jpg","keywords":["Accidente a\u00e9reo del Chapecoense","Accidente del avi\u00f3n de Chapecoense","Acidente","acidente a\u00e9reo","acidente a\u00e9reo com a delega\u00e7\u00e3o da Chapecoense","Acidente avi\u00e3o Cerro Gordo","Acidente avi\u00e3o Lamia Corporation","Acidente Chapecoense","acidente com a Chapecoense","Acidente com avi\u00e3o","Acidente com avi\u00e3o da Chapecoense","Acidente com avi\u00e3o que transportava delega\u00e7\u00e3o da Chapecoense deixa 76 mortos","Acidente com o avi\u00e3o da Chapecoense","Acidente com o avi\u00e3o da Chapecoense na Col\u00f4mbia","Acidente Lamia Corporation","Aeroporto Jos\u00e9 Mar\u00eda C\u00f3rdova","Alan Ruschel","amigo de piraporense que estava no avi\u00e3o da Chapecoense","Anderson Boi\u00e3o","Anderson Roberto Martins","Antioquia","Ap\u00f3s acidente com Chapecoense","Atl\u00e9tico Nacional","Atl\u00e9tico Nacional da Col\u00f4mbia","Atl\u00e9tico Nacional de Medel\u00edn","Atl\u00e9tico Nacional de Medel\u00edn prop\u00f5e que t\u00edtulo da Copa Sul-Americana fique com Chapecoense","avi\u00e3o","avi\u00e3o com a Chapecoense","Avi\u00e3o com jogadores da Chapecoense","Avi\u00e3o Lamia","Avi\u00e3o Lamia Corporation","Avi\u00e3o que levava Chapecoense para final da Sul-Americana","avi\u00e3o que levava o time da Chapecoense","avi\u00e3o que levava o time da Chapecoense caiu na Col\u00f4mbia","Avi\u00e3o que transportava time da Chapecoense","Avi\u00f3n de Chapecoense","Avi\u00f3n que transportaba Chapecoense","Bras\u00edlia","British Aerospace 146","caiu na Col\u00f4mbia","caiu na regi\u00e3o da prov\u00edncia de Antioquia","Cerro Gordo","Chapec\u00f3","chapecoense","Chapecoense distribui nota lamentando trag\u00e9dia","Col\u00f4mbia","condol\u00eancias","Confira a lista de passageiros no avi\u00e3o da Chapecoense","Contagem","Copa Sul-Americanavi\u00e3o","CP 2933","Delfim Peixoto Filho","destaque","Elkin Ospina","Erwin Tumiri","feridos","final da Copa do Brasil \u00e9 remarcada para dia 7","Final da Sul-Americana","Flamengo","Fluminense","futebol","Informa\u00e7\u00f5es sobre o acidente com o avi\u00e3o da Chapecoense na Col\u00f4mbia","Jackson Follmann","Juiz de Fora","La Ceja","La Uni\u00f3n","Lamia Corporation","Lista de passageiros no avi\u00e3o da Chapecoense","Luciano Buligon","manifesta\u00e7\u00f5es","Marcos Danilo Padilha","Medell\u00edn","mortos","Oriente antioque\u00f1o","Pa\u00edses de l\u00edngua portuguesa enviam condol\u00eancias ao Brasil por acidente a\u00e9reo","papa francisco","Papa Francisco lamenta acidente com chapecoense","Paran\u00e1","Pirapora","Pirapora Futebol Clube","posi\u00e7\u00e3o fetal","prefeito de Chapec\u00f3","prefeito de La Ceja","Prefeito de La Ceja diz que dez pessoas foram resgatadas","presidente da Federa\u00e7\u00e3o Catarinense de Futebol","primeira partida da final da Copa Sul-Americana","primeira partida da final da Copa Sul-Americana contra o Atl\u00e9tico Nacional da Col\u00f4mbia","protesto santa cruz de la sierra","Queda avi\u00f3n de Chapecoense","queda de avi\u00e3o","queda de avi\u00e3o em Cerro Gordo","Queda do avi\u00e3o da Chapecoense","Queda do avi\u00e3o da Chapecoense na Col\u00f4mbia","Rionegro","Sete Lagoas","sobreviventes","time","trag\u00e9dia","Trag\u00e9dia com avi\u00e3o que levava a Chapecoense","tripulante","Tripulante de avi\u00e3o da Chapecoense diz que sobreviveu gra\u00e7as \u00e0 posi\u00e7\u00e3o fetal","Tripulante de avi\u00e3o da Chapecoense revela como se salvou","Tripulante do voo da Chapecoense diz que sobreviveu gra\u00e7as \u00e0 posi\u00e7\u00e3o fetal","Veja a lista de passageiros no avi\u00e3o da Chapecoense","Ver lista de passageiros no avi\u00e3o da Chapecoense","Zagueiro Demerson escapa do acidente","zagueiro Marcelo Mathias"],"articleSection":["Brasil","Mundo"],"inLanguage":"pt-BR","potentialAction":[{"@type":"CommentAction","name":"Comment","target":["https:\/\/aconteceunovale.com.br\/portal\/?p=103126#respond"]}]},{"@type":"WebPage","@id":"https:\/\/aconteceunovale.com.br\/portal\/?p=103126","url":"https:\/\/aconteceunovale.com.br\/portal\/?p=103126","name":"Pa\u00edses de l\u00edngua portuguesa enviam condol\u00eancias ao Brasil por acidente a\u00e9reo - Aconteceu no Vale","isPartOf":{"@id":"https:\/\/aconteceunovale.com.br\/portal\/#website"},"primaryImageOfPage":{"@id":"https:\/\/aconteceunovale.com.br\/portal\/?p=103126#primaryimage"},"image":{"@id":"https:\/\/aconteceunovale.com.br\/portal\/?p=103126#primaryimage"},"thumbnailUrl":"https:\/\/aconteceunovale.com.br\/portal\/wp-content\/uploads\/2016\/11\/aviao_chapecoense_queda_2.jpg-large.jpg","datePublished":"2016-11-30T12:16:50+00:00","dateModified":"2016-11-30T16:16:09+00:00","author":{"@id":"https:\/\/aconteceunovale.com.br\/portal\/#\/schema\/person\/633529146f2c94272bef50ac2953d589"},"breadcrumb":{"@id":"https:\/\/aconteceunovale.com.br\/portal\/?p=103126#breadcrumb"},"inLanguage":"pt-BR","potentialAction":[{"@type":"ReadAction","target":["https:\/\/aconteceunovale.com.br\/portal\/?p=103126"]}]},{"@type":"ImageObject","inLanguage":"pt-BR","@id":"https:\/\/aconteceunovale.com.br\/portal\/?p=103126#primaryimage","url":"https:\/\/aconteceunovale.com.br\/portal\/wp-content\/uploads\/2016\/11\/aviao_chapecoense_queda_2.jpg-large.jpg","contentUrl":"https:\/\/aconteceunovale.com.br\/portal\/wp-content\/uploads\/2016\/11\/aviao_chapecoense_queda_2.jpg-large.jpg","width":678,"height":439},{"@type":"BreadcrumbList","@id":"https:\/\/aconteceunovale.com.br\/portal\/?p=103126#breadcrumb","itemListElement":[{"@type":"ListItem","position":1,"name":"In\u00edcio","item":"https:\/\/aconteceunovale.com.br\/portal\/"},{"@type":"ListItem","position":2,"name":"Pa\u00edses de l\u00edngua portuguesa enviam condol\u00eancias ao Brasil por acidente a\u00e9reo"}]},{"@type":"WebSite","@id":"https:\/\/aconteceunovale.com.br\/portal\/#website","url":"https:\/\/aconteceunovale.com.br\/portal\/","name":"Aconteceu no Vale","description":"Portal de Not\u00edcias","potentialAction":[{"@type":"SearchAction","target":{"@type":"EntryPoint","urlTemplate":"https:\/\/aconteceunovale.com.br\/portal\/?s={search_term_string}"},"query-input":{"@type":"PropertyValueSpecification","valueRequired":true,"valueName":"search_term_string"}}],"inLanguage":"pt-BR"},{"@type":"Person","@id":"https:\/\/aconteceunovale.com.br\/portal\/#\/schema\/person\/633529146f2c94272bef50ac2953d589","name":"Aconteceu no Vale","description":"Equipe de reportagem do Aconteceu no Vale, portal de not\u00edcias do Vale do Jequitinhonha, em Minas Gerais. Cobrimos as 51 cidades do Vale desde 2013. Sugest\u00f5es de pauta e pedidos de corre\u00e7\u00e3o: contato@aconteceunovale.com.br","sameAs":["http:\/\/www.aconteceunovale.com.br"],"url":"https:\/\/aconteceunovale.com.br\/portal\/?author=1"}]}},"_links":{"self":[{"href":"https:\/\/aconteceunovale.com.br\/portal\/index.php?rest_route=\/wp\/v2\/posts\/103126","targetHints":{"allow":["GET"]}}],"collection":[{"href":"https:\/\/aconteceunovale.com.br\/portal\/index.php?rest_route=\/wp\/v2\/posts"}],"about":[{"href":"https:\/\/aconteceunovale.com.br\/portal\/index.php?rest_route=\/wp\/v2\/types\/post"}],"author":[{"embeddable":true,"href":"https:\/\/aconteceunovale.com.br\/portal\/index.php?rest_route=\/wp\/v2\/users\/1"}],"replies":[{"embeddable":true,"href":"https:\/\/aconteceunovale.com.br\/portal\/index.php?rest_route=%2Fwp%2Fv2%2Fcomments&post=103126"}],"version-history":[{"count":0,"href":"https:\/\/aconteceunovale.com.br\/portal\/index.php?rest_route=\/wp\/v2\/posts\/103126\/revisions"}],"wp:featuredmedia":[{"embeddable":true,"href":"https:\/\/aconteceunovale.com.br\/portal\/index.php?rest_route=\/wp\/v2\/media\/103000"}],"wp:attachment":[{"href":"https:\/\/aconteceunovale.com.br\/portal\/index.php?rest_route=%2Fwp%2Fv2%2Fmedia&parent=103126"}],"wp:term":[{"taxonomy":"category","embeddable":true,"href":"https:\/\/aconteceunovale.com.br\/portal\/index.php?rest_route=%2Fwp%2Fv2%2Fcategories&post=103126"},{"taxonomy":"post_tag","embeddable":true,"href":"https:\/\/aconteceunovale.com.br\/portal\/index.php?rest_route=%2Fwp%2Fv2%2Ftags&post=103126"}],"curies":[{"name":"wp","href":"https:\/\/api.w.org\/{rel}","templated":true}]}}