{"id":103123,"date":"2016-11-30T14:14:29","date_gmt":"2016-11-30T16:14:29","guid":{"rendered":"http:\/\/aconteceunovale.com.br\/portal\/?p=103123"},"modified":"2016-11-30T14:14:29","modified_gmt":"2016-11-30T16:14:29","slug":"avioes-da-fab-estao-de-prontidao-em-manaus-para-prestar-auxilio-na-colombia","status":"publish","type":"post","link":"https:\/\/aconteceunovale.com.br\/portal\/?p=103123","title":{"rendered":"Avi\u00f5es da FAB est\u00e3o de prontid\u00e3o em Manaus para prestar aux\u00edlio na Col\u00f4mbia"},"content":{"rendered":"<p>Um avi\u00e3o da For\u00e7a A\u00e9rea Brasileira (FAB) chegou a Manaus na noite de ontem vindo do aeroporto do Gale\u00e3o, no Rio de Janeiro. A Aeronave C-130 H\u00e9rcules est\u00e1 na base a\u00e9rea da capital amazonense preparada para partir a qualquer momento para a cidade de Medell\u00edn, na Col\u00f4mbia, para prestar aux\u00edlio aos sobreviventes e no transporte dos corpos das v\u00edtimas do acidente a\u00e9reo que matou 71 pessoas, entre elas, jogadores da Chapecoense e jornalistas. A FAB informou que ainda n\u00e3o h\u00e1 previs\u00e3o de hor\u00e1rio de partida da aeronave nem confirma\u00e7\u00e3o de qual ser\u00e1 a miss\u00e3o.<\/p>\n<p>O comandante do S\u00e9timo Comando A\u00e9reo Regional (VII Comar), brigadeiro Walde\u00edsio Ferreira Campos, conversou com a imprensa ontem \u00e0 noite e informou que a vinda da aeronave para Manaus ocorreu por motivos t\u00e9cnicos, como reabastecimento da aeronave, e tamb\u00e9m por uma quest\u00e3o de log\u00edstica, devido \u00e0 proximidade da cidade com o pa\u00eds vizinho.<\/p>\n<p>Outro avi\u00e3o H\u00e9rcules C-130 est\u00e1 de prontid\u00e3o na capital amazonense, caso haja necessidade de refor\u00e7o no resgate e traslado dos corpos das v\u00edtimas do acidente.<\/p>\n<p>Ainda na noite de ontem, um avi\u00e3o C-99 tamb\u00e9m da For\u00e7a A\u00e9rea, saiu de S\u00e3o Paulo, posou em Bras\u00edlia e depois seguiu para o munic\u00edpio amazonense de Tabatinga, que faz fronteira com a Col\u00f4mbia, onde fez uma parada t\u00e9cnica para abastecimento. De l\u00e1, a aeronave partiu para Medell\u00edn levando representantes do governo brasileiro, de empresas de comunica\u00e7\u00e3o que t\u00eam funcion\u00e1rios envolvidos no acidente, o prefeito do munic\u00edpio catarinense de Chapec\u00f3, Luciano Buligon, e homens da Pol\u00edcia Federal. (Ag\u00eancia Brasil)<\/p>\n","protected":false},"excerpt":{"rendered":"<p>Um avi\u00e3o da For\u00e7a A\u00e9rea Brasileira (FAB) chegou a Manaus na noite de ontem vindo do aeroporto do Gale\u00e3o, no Rio de Janeiro. A Aeronave C-130 H\u00e9rcules est\u00e1 na base a\u00e9rea da capital amazonense preparada para partir a qualquer momento para a cidade de Medell\u00edn, na Col\u00f4mbia, para prestar aux\u00edlio aos sobreviventes e no transporte [&hellip;]<\/p>\n","protected":false},"author":1,"featured_media":103124,"comment_status":"open","ping_status":"closed","sticky":false,"template":"","format":"standard","meta":{"amp_status":"","footnotes":""},"categories":[6,28848],"tags":[128014,128009,694,72438,128020,127999,127987,128006,128049,128002,128015,128031,128005,128004,127986,127975,127993,128099,128039,128040,127981,128050,128046,127979,128052,128045,27549,19787,128030,128019,127985,127984,128016,127972,127974,128018,128266,128010,128013,4606,128001,127973,127982,127998,9083,13241,128029,15464,128022,956,128047,127980,128028,1018,127992,128242,19785,62935,128051,128017,14190,15603,21232,128003,127995,206,127988,127989,127983,128021,128026,35767,127994,80046,26352,128012,946,128048,18373,254,128098,128244,128025,127991,127996,128027,127978,127977,37778,128011,63041,127997,128008,128007,127976,1532,65762,127990,65331,128000,128243,128246,128245,128241,128023,128024,128041,128038],"class_list":["post-103123","post","type-post","status-publish","format-standard","has-post-thumbnail","hentry","category-br","category-mundo","tag-accidente-aereo-del-chapecoense","tag-accidente-del-avion-de-chapecoense","tag-acidente","tag-acidente-aereo","tag-acidente-aereo-com-a-delegacao-da-chapecoense","tag-acidente-aviao-cerro-gordo","tag-acidente-aviao-lamia-corporation","tag-acidente-chapecoense","tag-acidente-com-a-chapecoense","tag-acidente-com-aviao","tag-acidente-com-aviao-da-chapecoense","tag-acidente-com-aviao-que-transportava-delegacao-da-chapecoense-deixa-76-mortos","tag-acidente-com-o-aviao-da-chapecoense","tag-acidente-com-o-aviao-da-chapecoense-na-colombia","tag-acidente-lamia-corporation","tag-aeroporto-jose-maria-cordova","tag-alan-ruschel","tag-amigo-de-piraporense-que-estava-no-aviao-da-chapecoense","tag-anderson-boiao","tag-anderson-roberto-martins","tag-antioquia","tag-apos-acidente-com-chapecoense","tag-atletico-nacional","tag-atletico-nacional-da-colombia","tag-atletico-nacional-de-medelin","tag-atletico-nacional-de-medelin-propoe-que-titulo-da-copa-sul-americana-fique-com-chapecoense","tag-aviacao","tag-aviao","tag-aviao-com-a-chapecoense","tag-aviao-com-jogadores-da-chapecoense","tag-aviao-lamia","tag-aviao-lamia-corporation","tag-aviao-que-levava-chapecoense-para-final-da-sul-americana","tag-aviao-que-levava-o-time-da-chapecoense","tag-aviao-que-levava-o-time-da-chapecoense-caiu-na-colombia","tag-aviao-que-transportava-time-da-chapecoense","tag-avioes-da-fab-estao-de-prontidao-em-manaus-para-prestar-auxilio-na-colombia","tag-avion-de-chapecoense","tag-avion-que-transportaba-chapecoense","tag-brasilia","tag-british-aerospace-146","tag-caiu-na-colombia","tag-caiu-na-regiao-da-provincia-de-antioquia","tag-cerro-gordo","tag-chapeco","tag-chapecoense","tag-chapecoense-distribui-nota-lamentando-tragedia","tag-colombia","tag-confira-a-lista-de-passageiros-no-aviao-da-chapecoense","tag-contagem","tag-copa-sul-americanaviao","tag-cp-2933","tag-delfim-peixoto-filho","tag-destaque","tag-elkin-ospina","tag-erwin-tumiri","tag-fab","tag-feridos","tag-final-da-copa-do-brasil-e-remarcada-para-dia-7","tag-final-da-sul-americana","tag-flamengo","tag-fluminense","tag-futebol","tag-informacoes-sobre-o-acidente-com-o-aviao-da-chapecoense-na-colombia","tag-jackson-follmann","tag-juiz-de-fora","tag-la-ceja","tag-la-union","tag-lamia-corporation","tag-lista-de-passageiros-no-aviao-da-chapecoense","tag-luciano-buligon","tag-manifestacoes","tag-marcos-danilo-padilha","tag-medellin","tag-mortos","tag-oriente-antioqueno","tag-papa-francisco","tag-papa-francisco-lamenta-acidente-com-chapecoense","tag-parana","tag-pirapora","tag-pirapora-futebol-clube","tag-posicao-fetal","tag-prefeito-de-chapeco","tag-prefeito-de-la-ceja","tag-prefeito-de-la-ceja-diz-que-dez-pessoas-foram-resgatadas","tag-presidente-da-federacao-catarinense-de-futebol","tag-primeira-partida-da-final-da-copa-sul-americana","tag-primeira-partida-da-final-da-copa-sul-americana-contra-o-atletico-nacional-da-colombia","tag-protesto-santa-cruz-de-la-sierra","tag-queda-avion-de-chapecoense","tag-queda-de-aviao","tag-queda-de-aviao-em-cerro-gordo","tag-queda-do-aviao-da-chapecoense","tag-queda-do-aviao-da-chapecoense-na-colombia","tag-rionegro","tag-sete-lagoas","tag-sobreviventes","tag-time","tag-tragedia","tag-tragedia-com-aviao-que-levava-a-chapecoense","tag-tripulante","tag-tripulante-de-aviao-da-chapecoense-diz-que-sobreviveu-gracas-a-posicao-fetal","tag-tripulante-de-aviao-da-chapecoense-revela-como-se-salvou","tag-tripulante-do-voo-da-chapecoense-diz-que-sobreviveu-gracas-a-posicao-fetal","tag-veja-a-lista-de-passageiros-no-aviao-da-chapecoense","tag-ver-lista-de-passageiros-no-aviao-da-chapecoense","tag-zagueiro-demerson-escapa-do-acidente","tag-zagueiro-marcelo-mathias"],"yoast_head":"<!-- This site is optimized with the Yoast SEO plugin v28.3 - https:\/\/yoast.com\/product\/yoast-seo-wordpress\/ -->\n<title>Avi\u00f5es da FAB est\u00e3o de prontid\u00e3o em Manaus para prestar aux\u00edlio na Col\u00f4mbia - Aconteceu no Vale<\/title>\n<meta name=\"robots\" content=\"index, follow, max-snippet:-1, max-image-preview:large, max-video-preview:-1\" \/>\n<link rel=\"canonical\" href=\"https:\/\/aconteceunovale.com.br\/portal\/?p=103123\" \/>\n<meta property=\"og:locale\" content=\"pt_BR\" \/>\n<meta property=\"og:type\" content=\"article\" \/>\n<meta property=\"og:title\" content=\"Avi\u00f5es da FAB est\u00e3o de prontid\u00e3o em Manaus para prestar aux\u00edlio na Col\u00f4mbia - Aconteceu no Vale\" \/>\n<meta property=\"og:description\" content=\"Um avi\u00e3o da For\u00e7a A\u00e9rea Brasileira (FAB) chegou a Manaus na noite de ontem vindo do aeroporto do Gale\u00e3o, no Rio de Janeiro. A Aeronave C-130 H\u00e9rcules est\u00e1 na base a\u00e9rea da capital amazonense preparada para partir a qualquer momento para a cidade de Medell\u00edn, na Col\u00f4mbia, para prestar aux\u00edlio aos sobreviventes e no transporte [&hellip;]\" \/>\n<meta property=\"og:url\" content=\"https:\/\/aconteceunovale.com.br\/portal\/?p=103123\" \/>\n<meta property=\"og:site_name\" content=\"Aconteceu no Vale\" \/>\n<meta property=\"article:publisher\" content=\"https:\/\/www.facebook.com\/aconteceunovale\/\" \/>\n<meta property=\"article:published_time\" content=\"2016-11-30T16:14:29+00:00\" \/>\n<meta property=\"og:image\" content=\"https:\/\/aconteceunovale.com.br\/portal\/wp-content\/uploads\/2016\/11\/hercules_fab.jpg\" \/>\n\t<meta property=\"og:image:width\" content=\"640\" \/>\n\t<meta property=\"og:image:height\" content=\"331\" \/>\n\t<meta property=\"og:image:type\" content=\"image\/jpeg\" \/>\n<meta name=\"author\" content=\"Aconteceu no Vale\" \/>\n<meta name=\"twitter:card\" content=\"summary_large_image\" \/>\n<meta name=\"twitter:creator\" content=\"@noticiadosvales\" \/>\n<meta name=\"twitter:site\" content=\"@noticiadosvales\" \/>\n<meta name=\"twitter:label1\" content=\"Escrito por\" \/>\n\t<meta name=\"twitter:data1\" content=\"Aconteceu no Vale\" \/>\n\t<meta name=\"twitter:label2\" content=\"Est. tempo de leitura\" \/>\n\t<meta name=\"twitter:data2\" content=\"1 minuto\" \/>\n<script type=\"application\/ld+json\" class=\"yoast-schema-graph\">{\"@context\":\"https:\\\/\\\/schema.org\",\"@graph\":[{\"@type\":\"Article\",\"@id\":\"https:\\\/\\\/aconteceunovale.com.br\\\/portal\\\/?p=103123#article\",\"isPartOf\":{\"@id\":\"https:\\\/\\\/aconteceunovale.com.br\\\/portal\\\/?p=103123\"},\"author\":{\"name\":\"Aconteceu no Vale\",\"@id\":\"https:\\\/\\\/aconteceunovale.com.br\\\/portal\\\/#\\\/schema\\\/person\\\/633529146f2c94272bef50ac2953d589\"},\"headline\":\"Avi\u00f5es da FAB est\u00e3o de prontid\u00e3o em Manaus para prestar aux\u00edlio na Col\u00f4mbia\",\"datePublished\":\"2016-11-30T16:14:29+00:00\",\"mainEntityOfPage\":{\"@id\":\"https:\\\/\\\/aconteceunovale.com.br\\\/portal\\\/?p=103123\"},\"wordCount\":311,\"commentCount\":0,\"image\":{\"@id\":\"https:\\\/\\\/aconteceunovale.com.br\\\/portal\\\/?p=103123#primaryimage\"},\"thumbnailUrl\":\"https:\\\/\\\/aconteceunovale.com.br\\\/portal\\\/wp-content\\\/uploads\\\/2016\\\/11\\\/hercules_fab.jpg\",\"keywords\":[\"Accidente a\u00e9reo del Chapecoense\",\"Accidente del avi\u00f3n de Chapecoense\",\"Acidente\",\"acidente a\u00e9reo\",\"acidente a\u00e9reo com a delega\u00e7\u00e3o da Chapecoense\",\"Acidente avi\u00e3o Cerro Gordo\",\"Acidente avi\u00e3o Lamia Corporation\",\"Acidente Chapecoense\",\"acidente com a Chapecoense\",\"Acidente com avi\u00e3o\",\"Acidente com avi\u00e3o da Chapecoense\",\"Acidente com avi\u00e3o que transportava delega\u00e7\u00e3o da Chapecoense deixa 76 mortos\",\"Acidente com o avi\u00e3o da Chapecoense\",\"Acidente com o avi\u00e3o da Chapecoense na Col\u00f4mbia\",\"Acidente Lamia Corporation\",\"Aeroporto Jos\u00e9 Mar\u00eda C\u00f3rdova\",\"Alan Ruschel\",\"amigo de piraporense que estava no avi\u00e3o da Chapecoense\",\"Anderson Boi\u00e3o\",\"Anderson Roberto Martins\",\"Antioquia\",\"Ap\u00f3s acidente com Chapecoense\",\"Atl\u00e9tico Nacional\",\"Atl\u00e9tico Nacional da Col\u00f4mbia\",\"Atl\u00e9tico Nacional de Medel\u00edn\",\"Atl\u00e9tico Nacional de Medel\u00edn prop\u00f5e que t\u00edtulo da Copa Sul-Americana fique com Chapecoense\",\"Avia\u00e7\u00e3o\",\"avi\u00e3o\",\"avi\u00e3o com a Chapecoense\",\"Avi\u00e3o com jogadores da Chapecoense\",\"Avi\u00e3o Lamia\",\"Avi\u00e3o Lamia Corporation\",\"Avi\u00e3o que levava Chapecoense para final da Sul-Americana\",\"avi\u00e3o que levava o time da Chapecoense\",\"avi\u00e3o que levava o time da Chapecoense caiu na Col\u00f4mbia\",\"Avi\u00e3o que transportava time da Chapecoense\",\"Avi\u00f5es da FAB est\u00e3o de prontid\u00e3o em Manaus para prestar aux\u00edlio na Col\u00f4mbia\",\"Avi\u00f3n de Chapecoense\",\"Avi\u00f3n que transportaba Chapecoense\",\"Bras\u00edlia\",\"British Aerospace 146\",\"caiu na Col\u00f4mbia\",\"caiu na regi\u00e3o da prov\u00edncia de Antioquia\",\"Cerro Gordo\",\"Chapec\u00f3\",\"chapecoense\",\"Chapecoense distribui nota lamentando trag\u00e9dia\",\"Col\u00f4mbia\",\"Confira a lista de passageiros no avi\u00e3o da Chapecoense\",\"Contagem\",\"Copa Sul-Americanavi\u00e3o\",\"CP 2933\",\"Delfim Peixoto Filho\",\"destaque\",\"Elkin Ospina\",\"Erwin Tumiri\",\"FAB\",\"feridos\",\"final da Copa do Brasil \u00e9 remarcada para dia 7\",\"Final da Sul-Americana\",\"Flamengo\",\"Fluminense\",\"futebol\",\"Informa\u00e7\u00f5es sobre o acidente com o avi\u00e3o da Chapecoense na Col\u00f4mbia\",\"Jackson Follmann\",\"Juiz de Fora\",\"La Ceja\",\"La Uni\u00f3n\",\"Lamia Corporation\",\"Lista de passageiros no avi\u00e3o da Chapecoense\",\"Luciano Buligon\",\"manifesta\u00e7\u00f5es\",\"Marcos Danilo Padilha\",\"Medell\u00edn\",\"mortos\",\"Oriente antioque\u00f1o\",\"papa francisco\",\"Papa Francisco lamenta acidente com chapecoense\",\"Paran\u00e1\",\"Pirapora\",\"Pirapora Futebol Clube\",\"posi\u00e7\u00e3o fetal\",\"prefeito de Chapec\u00f3\",\"prefeito de La Ceja\",\"Prefeito de La Ceja diz que dez pessoas foram resgatadas\",\"presidente da Federa\u00e7\u00e3o Catarinense de Futebol\",\"primeira partida da final da Copa Sul-Americana\",\"primeira partida da final da Copa Sul-Americana contra o Atl\u00e9tico Nacional da Col\u00f4mbia\",\"protesto santa cruz de la sierra\",\"Queda avi\u00f3n de Chapecoense\",\"queda de avi\u00e3o\",\"queda de avi\u00e3o em Cerro Gordo\",\"Queda do avi\u00e3o da Chapecoense\",\"Queda do avi\u00e3o da Chapecoense na Col\u00f4mbia\",\"Rionegro\",\"Sete Lagoas\",\"sobreviventes\",\"time\",\"trag\u00e9dia\",\"Trag\u00e9dia com avi\u00e3o que levava a Chapecoense\",\"tripulante\",\"Tripulante de avi\u00e3o da Chapecoense diz que sobreviveu gra\u00e7as \u00e0 posi\u00e7\u00e3o fetal\",\"Tripulante de avi\u00e3o da Chapecoense revela como se salvou\",\"Tripulante do voo da Chapecoense diz que sobreviveu gra\u00e7as \u00e0 posi\u00e7\u00e3o fetal\",\"Veja a lista de passageiros no avi\u00e3o da Chapecoense\",\"Ver lista de passageiros no avi\u00e3o da Chapecoense\",\"Zagueiro Demerson escapa do acidente\",\"zagueiro Marcelo Mathias\"],\"articleSection\":[\"Brasil\",\"Mundo\"],\"inLanguage\":\"pt-BR\",\"potentialAction\":[{\"@type\":\"CommentAction\",\"name\":\"Comment\",\"target\":[\"https:\\\/\\\/aconteceunovale.com.br\\\/portal\\\/?p=103123#respond\"]}]},{\"@type\":\"WebPage\",\"@id\":\"https:\\\/\\\/aconteceunovale.com.br\\\/portal\\\/?p=103123\",\"url\":\"https:\\\/\\\/aconteceunovale.com.br\\\/portal\\\/?p=103123\",\"name\":\"Avi\u00f5es da FAB est\u00e3o de prontid\u00e3o em Manaus para prestar aux\u00edlio na Col\u00f4mbia - Aconteceu no Vale\",\"isPartOf\":{\"@id\":\"https:\\\/\\\/aconteceunovale.com.br\\\/portal\\\/#website\"},\"primaryImageOfPage\":{\"@id\":\"https:\\\/\\\/aconteceunovale.com.br\\\/portal\\\/?p=103123#primaryimage\"},\"image\":{\"@id\":\"https:\\\/\\\/aconteceunovale.com.br\\\/portal\\\/?p=103123#primaryimage\"},\"thumbnailUrl\":\"https:\\\/\\\/aconteceunovale.com.br\\\/portal\\\/wp-content\\\/uploads\\\/2016\\\/11\\\/hercules_fab.jpg\",\"datePublished\":\"2016-11-30T16:14:29+00:00\",\"author\":{\"@id\":\"https:\\\/\\\/aconteceunovale.com.br\\\/portal\\\/#\\\/schema\\\/person\\\/633529146f2c94272bef50ac2953d589\"},\"breadcrumb\":{\"@id\":\"https:\\\/\\\/aconteceunovale.com.br\\\/portal\\\/?p=103123#breadcrumb\"},\"inLanguage\":\"pt-BR\",\"potentialAction\":[{\"@type\":\"ReadAction\",\"target\":[\"https:\\\/\\\/aconteceunovale.com.br\\\/portal\\\/?p=103123\"]}]},{\"@type\":\"ImageObject\",\"inLanguage\":\"pt-BR\",\"@id\":\"https:\\\/\\\/aconteceunovale.com.br\\\/portal\\\/?p=103123#primaryimage\",\"url\":\"https:\\\/\\\/aconteceunovale.com.br\\\/portal\\\/wp-content\\\/uploads\\\/2016\\\/11\\\/hercules_fab.jpg\",\"contentUrl\":\"https:\\\/\\\/aconteceunovale.com.br\\\/portal\\\/wp-content\\\/uploads\\\/2016\\\/11\\\/hercules_fab.jpg\",\"width\":640,\"height\":331},{\"@type\":\"BreadcrumbList\",\"@id\":\"https:\\\/\\\/aconteceunovale.com.br\\\/portal\\\/?p=103123#breadcrumb\",\"itemListElement\":[{\"@type\":\"ListItem\",\"position\":1,\"name\":\"In\u00edcio\",\"item\":\"https:\\\/\\\/aconteceunovale.com.br\\\/portal\\\/\"},{\"@type\":\"ListItem\",\"position\":2,\"name\":\"Avi\u00f5es da FAB est\u00e3o de prontid\u00e3o em Manaus para prestar aux\u00edlio na Col\u00f4mbia\"}]},{\"@type\":\"WebSite\",\"@id\":\"https:\\\/\\\/aconteceunovale.com.br\\\/portal\\\/#website\",\"url\":\"https:\\\/\\\/aconteceunovale.com.br\\\/portal\\\/\",\"name\":\"Aconteceu no Vale\",\"description\":\"Portal de Not\u00edcias\",\"potentialAction\":[{\"@type\":\"SearchAction\",\"target\":{\"@type\":\"EntryPoint\",\"urlTemplate\":\"https:\\\/\\\/aconteceunovale.com.br\\\/portal\\\/?s={search_term_string}\"},\"query-input\":{\"@type\":\"PropertyValueSpecification\",\"valueRequired\":true,\"valueName\":\"search_term_string\"}}],\"inLanguage\":\"pt-BR\"},{\"@type\":\"Person\",\"@id\":\"https:\\\/\\\/aconteceunovale.com.br\\\/portal\\\/#\\\/schema\\\/person\\\/633529146f2c94272bef50ac2953d589\",\"name\":\"Aconteceu no Vale\",\"description\":\"Equipe de reportagem do Aconteceu no Vale, portal de not\u00edcias do Vale do Jequitinhonha, em Minas Gerais. Cobrimos as 51 cidades do Vale desde 2013. Sugest\u00f5es de pauta e pedidos de corre\u00e7\u00e3o: contato@aconteceunovale.com.br\",\"sameAs\":[\"http:\\\/\\\/www.aconteceunovale.com.br\"],\"url\":\"https:\\\/\\\/aconteceunovale.com.br\\\/portal\\\/?author=1\"}]}<\/script>\n<!-- \/ Yoast SEO plugin. -->","yoast_head_json":{"title":"Avi\u00f5es da FAB est\u00e3o de prontid\u00e3o em Manaus para prestar aux\u00edlio na Col\u00f4mbia - Aconteceu no Vale","robots":{"index":"index","follow":"follow","max-snippet":"max-snippet:-1","max-image-preview":"max-image-preview:large","max-video-preview":"max-video-preview:-1"},"canonical":"https:\/\/aconteceunovale.com.br\/portal\/?p=103123","og_locale":"pt_BR","og_type":"article","og_title":"Avi\u00f5es da FAB est\u00e3o de prontid\u00e3o em Manaus para prestar aux\u00edlio na Col\u00f4mbia - Aconteceu no Vale","og_description":"Um avi\u00e3o da For\u00e7a A\u00e9rea Brasileira (FAB) chegou a Manaus na noite de ontem vindo do aeroporto do Gale\u00e3o, no Rio de Janeiro. A Aeronave C-130 H\u00e9rcules est\u00e1 na base a\u00e9rea da capital amazonense preparada para partir a qualquer momento para a cidade de Medell\u00edn, na Col\u00f4mbia, para prestar aux\u00edlio aos sobreviventes e no transporte [&hellip;]","og_url":"https:\/\/aconteceunovale.com.br\/portal\/?p=103123","og_site_name":"Aconteceu no Vale","article_publisher":"https:\/\/www.facebook.com\/aconteceunovale\/","article_published_time":"2016-11-30T16:14:29+00:00","og_image":[{"width":640,"height":331,"url":"https:\/\/aconteceunovale.com.br\/portal\/wp-content\/uploads\/2016\/11\/hercules_fab.jpg","type":"image\/jpeg"}],"author":"Aconteceu no Vale","twitter_card":"summary_large_image","twitter_creator":"@noticiadosvales","twitter_site":"@noticiadosvales","twitter_misc":{"Escrito por":"Aconteceu no Vale","Est. tempo de leitura":"1 minuto"},"schema":{"@context":"https:\/\/schema.org","@graph":[{"@type":"Article","@id":"https:\/\/aconteceunovale.com.br\/portal\/?p=103123#article","isPartOf":{"@id":"https:\/\/aconteceunovale.com.br\/portal\/?p=103123"},"author":{"name":"Aconteceu no Vale","@id":"https:\/\/aconteceunovale.com.br\/portal\/#\/schema\/person\/633529146f2c94272bef50ac2953d589"},"headline":"Avi\u00f5es da FAB est\u00e3o de prontid\u00e3o em Manaus para prestar aux\u00edlio na Col\u00f4mbia","datePublished":"2016-11-30T16:14:29+00:00","mainEntityOfPage":{"@id":"https:\/\/aconteceunovale.com.br\/portal\/?p=103123"},"wordCount":311,"commentCount":0,"image":{"@id":"https:\/\/aconteceunovale.com.br\/portal\/?p=103123#primaryimage"},"thumbnailUrl":"https:\/\/aconteceunovale.com.br\/portal\/wp-content\/uploads\/2016\/11\/hercules_fab.jpg","keywords":["Accidente a\u00e9reo del Chapecoense","Accidente del avi\u00f3n de Chapecoense","Acidente","acidente a\u00e9reo","acidente a\u00e9reo com a delega\u00e7\u00e3o da Chapecoense","Acidente avi\u00e3o Cerro Gordo","Acidente avi\u00e3o Lamia Corporation","Acidente Chapecoense","acidente com a Chapecoense","Acidente com avi\u00e3o","Acidente com avi\u00e3o da Chapecoense","Acidente com avi\u00e3o que transportava delega\u00e7\u00e3o da Chapecoense deixa 76 mortos","Acidente com o avi\u00e3o da Chapecoense","Acidente com o avi\u00e3o da Chapecoense na Col\u00f4mbia","Acidente Lamia Corporation","Aeroporto Jos\u00e9 Mar\u00eda C\u00f3rdova","Alan Ruschel","amigo de piraporense que estava no avi\u00e3o da Chapecoense","Anderson Boi\u00e3o","Anderson Roberto Martins","Antioquia","Ap\u00f3s acidente com Chapecoense","Atl\u00e9tico Nacional","Atl\u00e9tico Nacional da Col\u00f4mbia","Atl\u00e9tico Nacional de Medel\u00edn","Atl\u00e9tico Nacional de Medel\u00edn prop\u00f5e que t\u00edtulo da Copa Sul-Americana fique com Chapecoense","Avia\u00e7\u00e3o","avi\u00e3o","avi\u00e3o com a Chapecoense","Avi\u00e3o com jogadores da Chapecoense","Avi\u00e3o Lamia","Avi\u00e3o Lamia Corporation","Avi\u00e3o que levava Chapecoense para final da Sul-Americana","avi\u00e3o que levava o time da Chapecoense","avi\u00e3o que levava o time da Chapecoense caiu na Col\u00f4mbia","Avi\u00e3o que transportava time da Chapecoense","Avi\u00f5es da FAB est\u00e3o de prontid\u00e3o em Manaus para prestar aux\u00edlio na Col\u00f4mbia","Avi\u00f3n de Chapecoense","Avi\u00f3n que transportaba Chapecoense","Bras\u00edlia","British Aerospace 146","caiu na Col\u00f4mbia","caiu na regi\u00e3o da prov\u00edncia de Antioquia","Cerro Gordo","Chapec\u00f3","chapecoense","Chapecoense distribui nota lamentando trag\u00e9dia","Col\u00f4mbia","Confira a lista de passageiros no avi\u00e3o da Chapecoense","Contagem","Copa Sul-Americanavi\u00e3o","CP 2933","Delfim Peixoto Filho","destaque","Elkin Ospina","Erwin Tumiri","FAB","feridos","final da Copa do Brasil \u00e9 remarcada para dia 7","Final da Sul-Americana","Flamengo","Fluminense","futebol","Informa\u00e7\u00f5es sobre o acidente com o avi\u00e3o da Chapecoense na Col\u00f4mbia","Jackson Follmann","Juiz de Fora","La Ceja","La Uni\u00f3n","Lamia Corporation","Lista de passageiros no avi\u00e3o da Chapecoense","Luciano Buligon","manifesta\u00e7\u00f5es","Marcos Danilo Padilha","Medell\u00edn","mortos","Oriente antioque\u00f1o","papa francisco","Papa Francisco lamenta acidente com chapecoense","Paran\u00e1","Pirapora","Pirapora Futebol Clube","posi\u00e7\u00e3o fetal","prefeito de Chapec\u00f3","prefeito de La Ceja","Prefeito de La Ceja diz que dez pessoas foram resgatadas","presidente da Federa\u00e7\u00e3o Catarinense de Futebol","primeira partida da final da Copa Sul-Americana","primeira partida da final da Copa Sul-Americana contra o Atl\u00e9tico Nacional da Col\u00f4mbia","protesto santa cruz de la sierra","Queda avi\u00f3n de Chapecoense","queda de avi\u00e3o","queda de avi\u00e3o em Cerro Gordo","Queda do avi\u00e3o da Chapecoense","Queda do avi\u00e3o da Chapecoense na Col\u00f4mbia","Rionegro","Sete Lagoas","sobreviventes","time","trag\u00e9dia","Trag\u00e9dia com avi\u00e3o que levava a Chapecoense","tripulante","Tripulante de avi\u00e3o da Chapecoense diz que sobreviveu gra\u00e7as \u00e0 posi\u00e7\u00e3o fetal","Tripulante de avi\u00e3o da Chapecoense revela como se salvou","Tripulante do voo da Chapecoense diz que sobreviveu gra\u00e7as \u00e0 posi\u00e7\u00e3o fetal","Veja a lista de passageiros no avi\u00e3o da Chapecoense","Ver lista de passageiros no avi\u00e3o da Chapecoense","Zagueiro Demerson escapa do acidente","zagueiro Marcelo Mathias"],"articleSection":["Brasil","Mundo"],"inLanguage":"pt-BR","potentialAction":[{"@type":"CommentAction","name":"Comment","target":["https:\/\/aconteceunovale.com.br\/portal\/?p=103123#respond"]}]},{"@type":"WebPage","@id":"https:\/\/aconteceunovale.com.br\/portal\/?p=103123","url":"https:\/\/aconteceunovale.com.br\/portal\/?p=103123","name":"Avi\u00f5es da FAB est\u00e3o de prontid\u00e3o em Manaus para prestar aux\u00edlio na Col\u00f4mbia - Aconteceu no Vale","isPartOf":{"@id":"https:\/\/aconteceunovale.com.br\/portal\/#website"},"primaryImageOfPage":{"@id":"https:\/\/aconteceunovale.com.br\/portal\/?p=103123#primaryimage"},"image":{"@id":"https:\/\/aconteceunovale.com.br\/portal\/?p=103123#primaryimage"},"thumbnailUrl":"https:\/\/aconteceunovale.com.br\/portal\/wp-content\/uploads\/2016\/11\/hercules_fab.jpg","datePublished":"2016-11-30T16:14:29+00:00","author":{"@id":"https:\/\/aconteceunovale.com.br\/portal\/#\/schema\/person\/633529146f2c94272bef50ac2953d589"},"breadcrumb":{"@id":"https:\/\/aconteceunovale.com.br\/portal\/?p=103123#breadcrumb"},"inLanguage":"pt-BR","potentialAction":[{"@type":"ReadAction","target":["https:\/\/aconteceunovale.com.br\/portal\/?p=103123"]}]},{"@type":"ImageObject","inLanguage":"pt-BR","@id":"https:\/\/aconteceunovale.com.br\/portal\/?p=103123#primaryimage","url":"https:\/\/aconteceunovale.com.br\/portal\/wp-content\/uploads\/2016\/11\/hercules_fab.jpg","contentUrl":"https:\/\/aconteceunovale.com.br\/portal\/wp-content\/uploads\/2016\/11\/hercules_fab.jpg","width":640,"height":331},{"@type":"BreadcrumbList","@id":"https:\/\/aconteceunovale.com.br\/portal\/?p=103123#breadcrumb","itemListElement":[{"@type":"ListItem","position":1,"name":"In\u00edcio","item":"https:\/\/aconteceunovale.com.br\/portal\/"},{"@type":"ListItem","position":2,"name":"Avi\u00f5es da FAB est\u00e3o de prontid\u00e3o em Manaus para prestar aux\u00edlio na Col\u00f4mbia"}]},{"@type":"WebSite","@id":"https:\/\/aconteceunovale.com.br\/portal\/#website","url":"https:\/\/aconteceunovale.com.br\/portal\/","name":"Aconteceu no Vale","description":"Portal de Not\u00edcias","potentialAction":[{"@type":"SearchAction","target":{"@type":"EntryPoint","urlTemplate":"https:\/\/aconteceunovale.com.br\/portal\/?s={search_term_string}"},"query-input":{"@type":"PropertyValueSpecification","valueRequired":true,"valueName":"search_term_string"}}],"inLanguage":"pt-BR"},{"@type":"Person","@id":"https:\/\/aconteceunovale.com.br\/portal\/#\/schema\/person\/633529146f2c94272bef50ac2953d589","name":"Aconteceu no Vale","description":"Equipe de reportagem do Aconteceu no Vale, portal de not\u00edcias do Vale do Jequitinhonha, em Minas Gerais. Cobrimos as 51 cidades do Vale desde 2013. Sugest\u00f5es de pauta e pedidos de corre\u00e7\u00e3o: contato@aconteceunovale.com.br","sameAs":["http:\/\/www.aconteceunovale.com.br"],"url":"https:\/\/aconteceunovale.com.br\/portal\/?author=1"}]}},"_links":{"self":[{"href":"https:\/\/aconteceunovale.com.br\/portal\/index.php?rest_route=\/wp\/v2\/posts\/103123","targetHints":{"allow":["GET"]}}],"collection":[{"href":"https:\/\/aconteceunovale.com.br\/portal\/index.php?rest_route=\/wp\/v2\/posts"}],"about":[{"href":"https:\/\/aconteceunovale.com.br\/portal\/index.php?rest_route=\/wp\/v2\/types\/post"}],"author":[{"embeddable":true,"href":"https:\/\/aconteceunovale.com.br\/portal\/index.php?rest_route=\/wp\/v2\/users\/1"}],"replies":[{"embeddable":true,"href":"https:\/\/aconteceunovale.com.br\/portal\/index.php?rest_route=%2Fwp%2Fv2%2Fcomments&post=103123"}],"version-history":[{"count":0,"href":"https:\/\/aconteceunovale.com.br\/portal\/index.php?rest_route=\/wp\/v2\/posts\/103123\/revisions"}],"wp:featuredmedia":[{"embeddable":true,"href":"https:\/\/aconteceunovale.com.br\/portal\/index.php?rest_route=\/wp\/v2\/media\/103124"}],"wp:attachment":[{"href":"https:\/\/aconteceunovale.com.br\/portal\/index.php?rest_route=%2Fwp%2Fv2%2Fmedia&parent=103123"}],"wp:term":[{"taxonomy":"category","embeddable":true,"href":"https:\/\/aconteceunovale.com.br\/portal\/index.php?rest_route=%2Fwp%2Fv2%2Fcategories&post=103123"},{"taxonomy":"post_tag","embeddable":true,"href":"https:\/\/aconteceunovale.com.br\/portal\/index.php?rest_route=%2Fwp%2Fv2%2Ftags&post=103123"}],"curies":[{"name":"wp","href":"https:\/\/api.w.org\/{rel}","templated":true}]}}