{"id":103121,"date":"2016-11-30T13:20:41","date_gmt":"2016-11-30T15:20:41","guid":{"rendered":"http:\/\/aconteceunovale.com.br\/portal\/?p=103121"},"modified":"2016-11-30T14:17:19","modified_gmt":"2016-11-30T16:17:19","slug":"michel-temer-sanciona-lei-que-torna-vaquejada-manifestacao-e-patrimonio-cultural","status":"publish","type":"post","link":"https:\/\/aconteceunovale.com.br\/portal\/?p=103121","title":{"rendered":"Michel Temer sanciona lei que torna vaquejada manifesta\u00e7\u00e3o e patrim\u00f4nio cultural"},"content":{"rendered":"<p>O presidente Michel Temer sancionou sem vetos a lei que eleva rodeios, vaquejadas e outras express\u00f5es art\u00edstico-culturais \u00e0 condi\u00e7\u00e3o de manifesta\u00e7\u00e3o cultural nacional e de patrim\u00f4nio cultural imaterial. Em julgamento feito em 6 de outubro, o Supremo Tribunal Federal (STF) considerou inconstitucional uma lei cearense que regulamentava eventos desse tipo. Desde ent\u00e3o, a proposta que visava \u00e0 sua legaliza\u00e7\u00e3o ganhou for\u00e7a no Congresso Nacional e foi aprovada no mesmo dia (1\u00ba de novembro) tanto na Comiss\u00e3o de Educa\u00e7\u00e3o, Cultura e Esporte quanto no plen\u00e1rio do Senado. A decis\u00e3o do STF resultou tamb\u00e9m em uma manifesta\u00e7\u00e3o contr\u00e1ria a ela, feita por vaqueiros no dia 11 de outubro na Esplanada dos Minist\u00e9rios.<\/p>\n<p>A vaquejada \u00e9 uma atividade competitiva bastante praticada no Nordeste brasileiro, na qual os vaqueiros t\u00eam como objetivo derrubar o boi, puxando-o pelo rabo. As pessoas contr\u00e1rias \u00e0 atividade argumentam ser comum o tratamento cruel de animais. Com a san\u00e7\u00e3o presidencial publicada no\u00a0<em>Di\u00e1rio Oficial da Uni\u00e3o<\/em>\u00a0de hoje (30), a pr\u00e1tica passa a ter respaldo legal.<\/p>\n<p>Na defesa que fez de seu relat\u00f3rio aprovado em novembro, o senador Roberto Muniz (PP\/BA) argumentou existirem a\u00e7\u00f5es de aperfei\u00e7oamento da atividade para prote\u00e7\u00e3o do animal. Segundo ele, \u00e9 preciso discutir formas de cuidar bem dos animais sem que seja necess\u00e1rio negar a pr\u00e1tica de manifesta\u00e7\u00f5es culturais, e que a proibi\u00e7\u00e3o da vaquejada representa \u201cdesprezo do que \u00e9 a cultura nordestina\u201d, em especial a cultura do interior do pa\u00eds.<\/p>\n<p>Com a san\u00e7\u00e3o da lei, al\u00e9m da vaquejada passam tamb\u00e9m a ser considerados patrim\u00f4nio cultural imaterial do Brasil o rodeio e as express\u00f5es culturais decorrentes dela \u2013 caso de montarias, provas de la\u00e7o, aparta\u00e7\u00e3o, bulldog, paleteadas, Team Penning e Work Penning, e provas como as de r\u00e9deas, dos Tr\u00eas Tambores e Queima do Alho. Tamb\u00e9m se enquadram como patrim\u00f4nio cultural imaterial os concursos de berrante, apresenta\u00e7\u00f5es folcl\u00f3ricas e de m\u00fasicas de raiz.<\/p>\n<p>Wildemberg Sales foi um dos organizadores do Movimento Vaquejada Legal no Distrito Federal (DF), evento feito em outubro contr\u00e1rio \u00e0 decis\u00e3o do STF. Segundo ele, cerca de 700 mil fam\u00edlias vivem de forma direta ou indireta da vaquejada em todo o pa\u00eds. Ele tamb\u00e9m alega n\u00e3o haver agress\u00e3o aos animais durante os espet\u00e1culos e que essas suspeitas decorrem, em parte, do fato de a vaquejada ser confundida com outras atividades, como \u00e9 o caso da farra do boi. (Ag\u00eancia Brasil)<\/p>\n","protected":false},"excerpt":{"rendered":"<p>O presidente Michel Temer sancionou sem vetos a lei que eleva rodeios, vaquejadas e outras express\u00f5es art\u00edstico-culturais \u00e0 condi\u00e7\u00e3o de manifesta\u00e7\u00e3o cultural nacional e de patrim\u00f4nio cultural imaterial. Em julgamento feito em 6 de outubro, o Supremo Tribunal Federal (STF) considerou inconstitucional uma lei cearense que regulamentava eventos desse tipo. Desde ent\u00e3o, a proposta que [&hellip;]<\/p>\n","protected":false},"author":1,"featured_media":99181,"comment_status":"open","ping_status":"closed","sticky":false,"template":"","format":"standard","meta":{"amp_status":"","footnotes":""},"categories":[6],"tags":[128255,128256,128261,28553,128263,128251,128265,128257,128264,128247,128254,128262,128260,128250,128252,128248,26959,128258,84466,119300,128253,128249,128259],"class_list":["post-103121","post","type-post","status-publish","format-standard","has-post-thumbnail","hentry","category-br","tag-apartacao","tag-bulldog","tag-dos-tres-tambores","tag-lei","tag-manifestacao-cultural","tag-manifestacao-cultural-nacional","tag-michel-temer-sanciona-lei-que-torna-vaquejada-manifestacao-e-patrimonio-cultural","tag-paleteadas","tag-patrimonio-imaterial","tag-presidente-michel-temer-sancionou-sem-vetos-a-lei-que-eleva-rodeios-vaquejadas-e-outras-expressoes-artistico-culturais-a-condicao-de-manifestacao-cultural-nacional-e-de-patrimonio-cultural-imaterial","tag-provas-de-laco","tag-queima-do-alho","tag-redeas","tag-rodeio","tag-rodeio-e-manifestacao-cultural-nacional","tag-rodeios","tag-sancao","tag-team-penning","tag-temer","tag-vaquejada","tag-vaquejada-e-manifestacao-cultural-nacional","tag-vaquejadas","tag-work-penning"],"_links":{"self":[{"href":"https:\/\/aconteceunovale.com.br\/portal\/index.php?rest_route=\/wp\/v2\/posts\/103121","targetHints":{"allow":["GET"]}}],"collection":[{"href":"https:\/\/aconteceunovale.com.br\/portal\/index.php?rest_route=\/wp\/v2\/posts"}],"about":[{"href":"https:\/\/aconteceunovale.com.br\/portal\/index.php?rest_route=\/wp\/v2\/types\/post"}],"author":[{"embeddable":true,"href":"https:\/\/aconteceunovale.com.br\/portal\/index.php?rest_route=\/wp\/v2\/users\/1"}],"replies":[{"embeddable":true,"href":"https:\/\/aconteceunovale.com.br\/portal\/index.php?rest_route=%2Fwp%2Fv2%2Fcomments&post=103121"}],"version-history":[{"count":0,"href":"https:\/\/aconteceunovale.com.br\/portal\/index.php?rest_route=\/wp\/v2\/posts\/103121\/revisions"}],"wp:featuredmedia":[{"embeddable":true,"href":"https:\/\/aconteceunovale.com.br\/portal\/index.php?rest_route=\/wp\/v2\/media\/99181"}],"wp:attachment":[{"href":"https:\/\/aconteceunovale.com.br\/portal\/index.php?rest_route=%2Fwp%2Fv2%2Fmedia&parent=103121"}],"wp:term":[{"taxonomy":"category","embeddable":true,"href":"https:\/\/aconteceunovale.com.br\/portal\/index.php?rest_route=%2Fwp%2Fv2%2Fcategories&post=103121"},{"taxonomy":"post_tag","embeddable":true,"href":"https:\/\/aconteceunovale.com.br\/portal\/index.php?rest_route=%2Fwp%2Fv2%2Ftags&post=103121"}],"curies":[{"name":"wp","href":"https:\/\/api.w.org\/{rel}","templated":true}]}}