{"id":103118,"date":"2016-11-30T14:04:10","date_gmt":"2016-11-30T16:04:10","guid":{"rendered":"http:\/\/aconteceunovale.com.br\/portal\/?p=103118"},"modified":"2016-11-30T14:04:10","modified_gmt":"2016-11-30T16:04:10","slug":"tripulante-de-aviao-da-chapecoense-revela-como-se-salvou","status":"publish","type":"post","link":"https:\/\/aconteceunovale.com.br\/portal\/?p=103118","title":{"rendered":"Tripulante de avi\u00e3o da Chapecoense revela como se salvou"},"content":{"rendered":"<p>Come\u00e7a hoje (30\/11\/2016) a dif\u00edcil tarefa de identifica\u00e7\u00e3o dos corpos das 71 pessoas que morreram no acidente a\u00e9reo com a equipe da Chapecoense, na madrugada de ter\u00e7a-feira (29), a 17 quil\u00f4metros (km) do aeroporto internacional de Rionegro, no Noroeste da Col\u00f4mbia.<\/p>\n<p>Nesse mesmo aeroporto tem chegado nas \u00faltimas horas, procedentes do Brasil, os familiares das v\u00edtimas para ajudar na identifica\u00e7\u00e3o dos corpos.<\/p>\n<p>O estado de sa\u00fade dos seis sobreviventes ainda \u00e9 delicado, especialmente dos tr\u00eas jogadores. O lateral Alan Ruschel sofreu traumatismo na coluna e j\u00e1 passou por uma cirurgia bem-sucedida. O goleiro Jackson Follman teve uma perna amputada, ap\u00f3s ter dado autoriza\u00e7\u00e3o aos m\u00e9dicos para o procedimento. O estado de sa\u00fade do zagueiro H\u00e9lio Neto, que sofreu um traumatismo craniano, \u00e9 o mais grave.<\/p>\n<p>O jornalista Rafael Henzel, a comiss\u00e1ria de bordo Ximena Su\u00e1rez e o t\u00e9cnico da aeronave Erwin Tumiri est\u00e3o em condi\u00e7\u00f5es mais est\u00e1veis, por\u00e9m com ferimentos graves. Tumiri contou \u00e0 equipe de resgate que conseguiu salvar a pr\u00f3pria vida seguindo os procedimentos de seguran\u00e7a indicados. Ele disse que ficou em posi\u00e7\u00e3o fetal com uma mala entre as pernas, mas que muitos passageiros, com o nervosismo do momento, haviam ficado em p\u00e9.<\/p>\n<p><img decoding=\"async\" src=\"http:\/\/aconteceunovale.com.br\/portal\/wp-content\/uploads\/2016\/11\/sobrevivente.jpg\" alt=\"\" \/><em>Erwin Tumiri diz que se salvou por ficar em posi\u00e7\u00e3o fetal (Foto: Reprodu\u00e7\u00e3o\/Facebook)<\/em><br \/>\n<\/br><\/p>\n<p><strong>Poss\u00edveis causas do acidente<\/strong><\/p>\n<p>J\u00e1 foram encontradas as duas caixas pretas, que devem oferecer melhor panorama do que aconteceu. A hip\u00f3tese mais plaus\u00edvel \u00e9 de que o combust\u00edvel tenha acabado, o que teria provocado uma falha el\u00e9trica total. A comiss\u00e1ria de bordo que sobreviveu disse aos socorristas que lembra apenas que as luzes do avi\u00e3o come\u00e7aram a se apagar progressivamente.<\/p>\n<p>O que est\u00e1 sendo discutido \u00e9 por que o avi\u00e3o n\u00e3o teve ou n\u00e3o solicitou autoriza\u00e7\u00e3o imediata para pousar, mas foi direcionado para dar duas voltas em um per\u00edmetro pr\u00f3ximo ao aeroporto, enquanto outra aeronave, procedente do Panam\u00e1, que havia anunciado uma perda de combust\u00edvel, obteve prioridade para o pouso imediato.<\/p>\n<p>Peritos em seguran\u00e7a aeron\u00e1utica consultados pela imprensa colombiana opinaram que \u00e9 inexplic\u00e1vel esse tipo de avi\u00e3o ter sido usado para cobrir uma dist\u00e2ncia de 2.265 km, dist\u00e2ncia entre Santa Cruz de la Sierra e o aeroporto Jos\u00e9 Mar\u00eda C\u00f3rdoba. Segundo eles, esse \u00e9 quase o limite de autonomia de voo desse tipo de aeronave.<\/p>\n<p><strong>Mundo inteiro de luto<\/strong><\/p>\n<p>O mundo do futebol est\u00e1 de luto, e v\u00e1rios times do planeta prestaram homenagens \u00e0s v\u00edtimas. Na Col\u00f4mbia, o clima \u00e9 de consterna\u00e7\u00e3o total. Os governos nacional e local t\u00eam mobilizado muitas pessoas para ajudar no resgate e na identifica\u00e7\u00e3o dos corpos, nas buscas no local do acidente e no atendimento aos familiares que est\u00e3o chegando ao pa\u00eds.<\/p>\n<p>Por sua vez, o Atl\u00e9tico Nacional, time contra o qual a Chapecoense iria disputar a final da Copa Sul-Americana, pediu \u00e0 confedera\u00e7\u00e3o de futebol para dar o t\u00edtulo ao clube da cidade de Chapec\u00f3, como uma homenagem aos\u00a0 que morreram no acidente.<\/p>\n<p>Nesta quinta-feira (1\u00b0), haver\u00e1 um tributo de toda a torcida do Nacional no Est\u00e1dio Atanasio Girardot, onde deveria ocorrer o jogo entre os dois times, na primeira partida da final do campeonato.<\/p>\n<p>(Ag\u00eancia Brasil)<\/p>\n","protected":false},"excerpt":{"rendered":"<p>Come\u00e7a hoje (30\/11\/2016) a dif\u00edcil tarefa de identifica\u00e7\u00e3o dos corpos das 71 pessoas que morreram no acidente a\u00e9reo com a equipe da Chapecoense, na madrugada de ter\u00e7a-feira (29), a 17 quil\u00f4metros (km) do aeroporto internacional de Rionegro, no Noroeste da Col\u00f4mbia. Nesse mesmo aeroporto tem chegado nas \u00faltimas horas, procedentes do Brasil, os familiares das [&hellip;]<\/p>\n","protected":false},"author":1,"featured_media":103119,"comment_status":"open","ping_status":"closed","sticky":false,"template":"","format":"standard","meta":{"amp_status":"","footnotes":""},"categories":[28848],"tags":[128014,128009,694,72438,128020,127999,127987,128006,128049,128002,128015,128031,128005,128004,127986,127975,127993,128099,128039,128040,127981,128050,128046,127979,128052,128045,19787,128030,128019,127985,127984,128016,127972,127974,128018,128010,128013,4606,128001,127973,127982,127998,9083,13241,128029,15464,128022,956,128047,127980,128028,1018,127992,128242,62935,128051,128017,14190,15603,21232,128003,127995,206,127988,127989,127983,128021,128026,35767,127994,80046,26352,128012,946,128048,18373,254,128098,128244,128025,127991,127996,128027,127978,127977,37778,128011,63041,127997,128008,128007,127976,1532,65762,127990,65331,128000,128243,128246,128245,128241,128023,128024,128041,128038],"class_list":["post-103118","post","type-post","status-publish","format-standard","has-post-thumbnail","hentry","category-mundo","tag-accidente-aereo-del-chapecoense","tag-accidente-del-avion-de-chapecoense","tag-acidente","tag-acidente-aereo","tag-acidente-aereo-com-a-delegacao-da-chapecoense","tag-acidente-aviao-cerro-gordo","tag-acidente-aviao-lamia-corporation","tag-acidente-chapecoense","tag-acidente-com-a-chapecoense","tag-acidente-com-aviao","tag-acidente-com-aviao-da-chapecoense","tag-acidente-com-aviao-que-transportava-delegacao-da-chapecoense-deixa-76-mortos","tag-acidente-com-o-aviao-da-chapecoense","tag-acidente-com-o-aviao-da-chapecoense-na-colombia","tag-acidente-lamia-corporation","tag-aeroporto-jose-maria-cordova","tag-alan-ruschel","tag-amigo-de-piraporense-que-estava-no-aviao-da-chapecoense","tag-anderson-boiao","tag-anderson-roberto-martins","tag-antioquia","tag-apos-acidente-com-chapecoense","tag-atletico-nacional","tag-atletico-nacional-da-colombia","tag-atletico-nacional-de-medelin","tag-atletico-nacional-de-medelin-propoe-que-titulo-da-copa-sul-americana-fique-com-chapecoense","tag-aviao","tag-aviao-com-a-chapecoense","tag-aviao-com-jogadores-da-chapecoense","tag-aviao-lamia","tag-aviao-lamia-corporation","tag-aviao-que-levava-chapecoense-para-final-da-sul-americana","tag-aviao-que-levava-o-time-da-chapecoense","tag-aviao-que-levava-o-time-da-chapecoense-caiu-na-colombia","tag-aviao-que-transportava-time-da-chapecoense","tag-avion-de-chapecoense","tag-avion-que-transportaba-chapecoense","tag-brasilia","tag-british-aerospace-146","tag-caiu-na-colombia","tag-caiu-na-regiao-da-provincia-de-antioquia","tag-cerro-gordo","tag-chapeco","tag-chapecoense","tag-chapecoense-distribui-nota-lamentando-tragedia","tag-colombia","tag-confira-a-lista-de-passageiros-no-aviao-da-chapecoense","tag-contagem","tag-copa-sul-americanaviao","tag-cp-2933","tag-delfim-peixoto-filho","tag-destaque","tag-elkin-ospina","tag-erwin-tumiri","tag-feridos","tag-final-da-copa-do-brasil-e-remarcada-para-dia-7","tag-final-da-sul-americana","tag-flamengo","tag-fluminense","tag-futebol","tag-informacoes-sobre-o-acidente-com-o-aviao-da-chapecoense-na-colombia","tag-jackson-follmann","tag-juiz-de-fora","tag-la-ceja","tag-la-union","tag-lamia-corporation","tag-lista-de-passageiros-no-aviao-da-chapecoense","tag-luciano-buligon","tag-manifestacoes","tag-marcos-danilo-padilha","tag-medellin","tag-mortos","tag-oriente-antioqueno","tag-papa-francisco","tag-papa-francisco-lamenta-acidente-com-chapecoense","tag-parana","tag-pirapora","tag-pirapora-futebol-clube","tag-posicao-fetal","tag-prefeito-de-chapeco","tag-prefeito-de-la-ceja","tag-prefeito-de-la-ceja-diz-que-dez-pessoas-foram-resgatadas","tag-presidente-da-federacao-catarinense-de-futebol","tag-primeira-partida-da-final-da-copa-sul-americana","tag-primeira-partida-da-final-da-copa-sul-americana-contra-o-atletico-nacional-da-colombia","tag-protesto-santa-cruz-de-la-sierra","tag-queda-avion-de-chapecoense","tag-queda-de-aviao","tag-queda-de-aviao-em-cerro-gordo","tag-queda-do-aviao-da-chapecoense","tag-queda-do-aviao-da-chapecoense-na-colombia","tag-rionegro","tag-sete-lagoas","tag-sobreviventes","tag-time","tag-tragedia","tag-tragedia-com-aviao-que-levava-a-chapecoense","tag-tripulante","tag-tripulante-de-aviao-da-chapecoense-diz-que-sobreviveu-gracas-a-posicao-fetal","tag-tripulante-de-aviao-da-chapecoense-revela-como-se-salvou","tag-tripulante-do-voo-da-chapecoense-diz-que-sobreviveu-gracas-a-posicao-fetal","tag-veja-a-lista-de-passageiros-no-aviao-da-chapecoense","tag-ver-lista-de-passageiros-no-aviao-da-chapecoense","tag-zagueiro-demerson-escapa-do-acidente","tag-zagueiro-marcelo-mathias"],"yoast_head":"<!-- This site is optimized with the Yoast SEO plugin v28.3 - https:\/\/yoast.com\/product\/yoast-seo-wordpress\/ -->\n<title>Tripulante de avi\u00e3o da Chapecoense revela como se salvou - Aconteceu no Vale<\/title>\n<meta name=\"robots\" content=\"index, follow, max-snippet:-1, max-image-preview:large, max-video-preview:-1\" \/>\n<link rel=\"canonical\" href=\"https:\/\/aconteceunovale.com.br\/portal\/?p=103118\" \/>\n<meta property=\"og:locale\" content=\"pt_BR\" \/>\n<meta property=\"og:type\" content=\"article\" \/>\n<meta property=\"og:title\" content=\"Tripulante de avi\u00e3o da Chapecoense revela como se salvou - Aconteceu no Vale\" \/>\n<meta property=\"og:description\" content=\"Come\u00e7a hoje (30\/11\/2016) a dif\u00edcil tarefa de identifica\u00e7\u00e3o dos corpos das 71 pessoas que morreram no acidente a\u00e9reo com a equipe da Chapecoense, na madrugada de ter\u00e7a-feira (29), a 17 quil\u00f4metros (km) do aeroporto internacional de Rionegro, no Noroeste da Col\u00f4mbia. Nesse mesmo aeroporto tem chegado nas \u00faltimas horas, procedentes do Brasil, os familiares das [&hellip;]\" \/>\n<meta property=\"og:url\" content=\"https:\/\/aconteceunovale.com.br\/portal\/?p=103118\" \/>\n<meta property=\"og:site_name\" content=\"Aconteceu no Vale\" \/>\n<meta property=\"article:publisher\" content=\"https:\/\/www.facebook.com\/aconteceunovale\/\" \/>\n<meta property=\"article:published_time\" content=\"2016-11-30T16:04:10+00:00\" \/>\n<meta property=\"og:image\" content=\"https:\/\/aconteceunovale.com.br\/portal\/wp-content\/uploads\/2016\/11\/sobrevivente.jpg\" \/>\n\t<meta property=\"og:image:width\" content=\"612\" \/>\n\t<meta property=\"og:image:height\" content=\"450\" \/>\n\t<meta property=\"og:image:type\" content=\"image\/jpeg\" \/>\n<meta name=\"author\" content=\"Aconteceu no Vale\" \/>\n<meta name=\"twitter:card\" content=\"summary_large_image\" \/>\n<meta name=\"twitter:creator\" content=\"@noticiadosvales\" \/>\n<meta name=\"twitter:site\" content=\"@noticiadosvales\" \/>\n<meta name=\"twitter:label1\" content=\"Escrito por\" \/>\n\t<meta name=\"twitter:data1\" content=\"Aconteceu no Vale\" \/>\n\t<meta name=\"twitter:label2\" content=\"Est. tempo de leitura\" \/>\n\t<meta name=\"twitter:data2\" content=\"3 minutos\" \/>\n<script type=\"application\/ld+json\" class=\"yoast-schema-graph\">{\"@context\":\"https:\\\/\\\/schema.org\",\"@graph\":[{\"@type\":\"Article\",\"@id\":\"https:\\\/\\\/aconteceunovale.com.br\\\/portal\\\/?p=103118#article\",\"isPartOf\":{\"@id\":\"https:\\\/\\\/aconteceunovale.com.br\\\/portal\\\/?p=103118\"},\"author\":{\"name\":\"Aconteceu no Vale\",\"@id\":\"https:\\\/\\\/aconteceunovale.com.br\\\/portal\\\/#\\\/schema\\\/person\\\/633529146f2c94272bef50ac2953d589\"},\"headline\":\"Tripulante de avi\u00e3o da Chapecoense revela como se salvou\",\"datePublished\":\"2016-11-30T16:04:10+00:00\",\"mainEntityOfPage\":{\"@id\":\"https:\\\/\\\/aconteceunovale.com.br\\\/portal\\\/?p=103118\"},\"wordCount\":571,\"commentCount\":0,\"image\":{\"@id\":\"https:\\\/\\\/aconteceunovale.com.br\\\/portal\\\/?p=103118#primaryimage\"},\"thumbnailUrl\":\"https:\\\/\\\/aconteceunovale.com.br\\\/portal\\\/wp-content\\\/uploads\\\/2016\\\/11\\\/sobrevivente.jpg\",\"keywords\":[\"Accidente a\u00e9reo del Chapecoense\",\"Accidente del avi\u00f3n de Chapecoense\",\"Acidente\",\"acidente a\u00e9reo\",\"acidente a\u00e9reo com a delega\u00e7\u00e3o da Chapecoense\",\"Acidente avi\u00e3o Cerro Gordo\",\"Acidente avi\u00e3o Lamia Corporation\",\"Acidente Chapecoense\",\"acidente com a Chapecoense\",\"Acidente com avi\u00e3o\",\"Acidente com avi\u00e3o da Chapecoense\",\"Acidente com avi\u00e3o que transportava delega\u00e7\u00e3o da Chapecoense deixa 76 mortos\",\"Acidente com o avi\u00e3o da Chapecoense\",\"Acidente com o avi\u00e3o da Chapecoense na Col\u00f4mbia\",\"Acidente Lamia Corporation\",\"Aeroporto Jos\u00e9 Mar\u00eda C\u00f3rdova\",\"Alan Ruschel\",\"amigo de piraporense que estava no avi\u00e3o da Chapecoense\",\"Anderson Boi\u00e3o\",\"Anderson Roberto Martins\",\"Antioquia\",\"Ap\u00f3s acidente com Chapecoense\",\"Atl\u00e9tico Nacional\",\"Atl\u00e9tico Nacional da Col\u00f4mbia\",\"Atl\u00e9tico Nacional de Medel\u00edn\",\"Atl\u00e9tico Nacional de Medel\u00edn prop\u00f5e que t\u00edtulo da Copa Sul-Americana fique com Chapecoense\",\"avi\u00e3o\",\"avi\u00e3o com a Chapecoense\",\"Avi\u00e3o com jogadores da Chapecoense\",\"Avi\u00e3o Lamia\",\"Avi\u00e3o Lamia Corporation\",\"Avi\u00e3o que levava Chapecoense para final da Sul-Americana\",\"avi\u00e3o que levava o time da Chapecoense\",\"avi\u00e3o que levava o time da Chapecoense caiu na Col\u00f4mbia\",\"Avi\u00e3o que transportava time da Chapecoense\",\"Avi\u00f3n de Chapecoense\",\"Avi\u00f3n que transportaba Chapecoense\",\"Bras\u00edlia\",\"British Aerospace 146\",\"caiu na Col\u00f4mbia\",\"caiu na regi\u00e3o da prov\u00edncia de Antioquia\",\"Cerro Gordo\",\"Chapec\u00f3\",\"chapecoense\",\"Chapecoense distribui nota lamentando trag\u00e9dia\",\"Col\u00f4mbia\",\"Confira a lista de passageiros no avi\u00e3o da Chapecoense\",\"Contagem\",\"Copa Sul-Americanavi\u00e3o\",\"CP 2933\",\"Delfim Peixoto Filho\",\"destaque\",\"Elkin Ospina\",\"Erwin Tumiri\",\"feridos\",\"final da Copa do Brasil \u00e9 remarcada para dia 7\",\"Final da Sul-Americana\",\"Flamengo\",\"Fluminense\",\"futebol\",\"Informa\u00e7\u00f5es sobre o acidente com o avi\u00e3o da Chapecoense na Col\u00f4mbia\",\"Jackson Follmann\",\"Juiz de Fora\",\"La Ceja\",\"La Uni\u00f3n\",\"Lamia Corporation\",\"Lista de passageiros no avi\u00e3o da Chapecoense\",\"Luciano Buligon\",\"manifesta\u00e7\u00f5es\",\"Marcos Danilo Padilha\",\"Medell\u00edn\",\"mortos\",\"Oriente antioque\u00f1o\",\"papa francisco\",\"Papa Francisco lamenta acidente com chapecoense\",\"Paran\u00e1\",\"Pirapora\",\"Pirapora Futebol Clube\",\"posi\u00e7\u00e3o fetal\",\"prefeito de Chapec\u00f3\",\"prefeito de La Ceja\",\"Prefeito de La Ceja diz que dez pessoas foram resgatadas\",\"presidente da Federa\u00e7\u00e3o Catarinense de Futebol\",\"primeira partida da final da Copa Sul-Americana\",\"primeira partida da final da Copa Sul-Americana contra o Atl\u00e9tico Nacional da Col\u00f4mbia\",\"protesto santa cruz de la sierra\",\"Queda avi\u00f3n de Chapecoense\",\"queda de avi\u00e3o\",\"queda de avi\u00e3o em Cerro Gordo\",\"Queda do avi\u00e3o da Chapecoense\",\"Queda do avi\u00e3o da Chapecoense na Col\u00f4mbia\",\"Rionegro\",\"Sete Lagoas\",\"sobreviventes\",\"time\",\"trag\u00e9dia\",\"Trag\u00e9dia com avi\u00e3o que levava a Chapecoense\",\"tripulante\",\"Tripulante de avi\u00e3o da Chapecoense diz que sobreviveu gra\u00e7as \u00e0 posi\u00e7\u00e3o fetal\",\"Tripulante de avi\u00e3o da Chapecoense revela como se salvou\",\"Tripulante do voo da Chapecoense diz que sobreviveu gra\u00e7as \u00e0 posi\u00e7\u00e3o fetal\",\"Veja a lista de passageiros no avi\u00e3o da Chapecoense\",\"Ver lista de passageiros no avi\u00e3o da Chapecoense\",\"Zagueiro Demerson escapa do acidente\",\"zagueiro Marcelo Mathias\"],\"articleSection\":[\"Mundo\"],\"inLanguage\":\"pt-BR\",\"potentialAction\":[{\"@type\":\"CommentAction\",\"name\":\"Comment\",\"target\":[\"https:\\\/\\\/aconteceunovale.com.br\\\/portal\\\/?p=103118#respond\"]}]},{\"@type\":\"WebPage\",\"@id\":\"https:\\\/\\\/aconteceunovale.com.br\\\/portal\\\/?p=103118\",\"url\":\"https:\\\/\\\/aconteceunovale.com.br\\\/portal\\\/?p=103118\",\"name\":\"Tripulante de avi\u00e3o da Chapecoense revela como se salvou - Aconteceu no Vale\",\"isPartOf\":{\"@id\":\"https:\\\/\\\/aconteceunovale.com.br\\\/portal\\\/#website\"},\"primaryImageOfPage\":{\"@id\":\"https:\\\/\\\/aconteceunovale.com.br\\\/portal\\\/?p=103118#primaryimage\"},\"image\":{\"@id\":\"https:\\\/\\\/aconteceunovale.com.br\\\/portal\\\/?p=103118#primaryimage\"},\"thumbnailUrl\":\"https:\\\/\\\/aconteceunovale.com.br\\\/portal\\\/wp-content\\\/uploads\\\/2016\\\/11\\\/sobrevivente.jpg\",\"datePublished\":\"2016-11-30T16:04:10+00:00\",\"author\":{\"@id\":\"https:\\\/\\\/aconteceunovale.com.br\\\/portal\\\/#\\\/schema\\\/person\\\/633529146f2c94272bef50ac2953d589\"},\"breadcrumb\":{\"@id\":\"https:\\\/\\\/aconteceunovale.com.br\\\/portal\\\/?p=103118#breadcrumb\"},\"inLanguage\":\"pt-BR\",\"potentialAction\":[{\"@type\":\"ReadAction\",\"target\":[\"https:\\\/\\\/aconteceunovale.com.br\\\/portal\\\/?p=103118\"]}]},{\"@type\":\"ImageObject\",\"inLanguage\":\"pt-BR\",\"@id\":\"https:\\\/\\\/aconteceunovale.com.br\\\/portal\\\/?p=103118#primaryimage\",\"url\":\"https:\\\/\\\/aconteceunovale.com.br\\\/portal\\\/wp-content\\\/uploads\\\/2016\\\/11\\\/sobrevivente.jpg\",\"contentUrl\":\"https:\\\/\\\/aconteceunovale.com.br\\\/portal\\\/wp-content\\\/uploads\\\/2016\\\/11\\\/sobrevivente.jpg\",\"width\":612,\"height\":450},{\"@type\":\"BreadcrumbList\",\"@id\":\"https:\\\/\\\/aconteceunovale.com.br\\\/portal\\\/?p=103118#breadcrumb\",\"itemListElement\":[{\"@type\":\"ListItem\",\"position\":1,\"name\":\"In\u00edcio\",\"item\":\"https:\\\/\\\/aconteceunovale.com.br\\\/portal\\\/\"},{\"@type\":\"ListItem\",\"position\":2,\"name\":\"Tripulante de avi\u00e3o da Chapecoense revela como se salvou\"}]},{\"@type\":\"WebSite\",\"@id\":\"https:\\\/\\\/aconteceunovale.com.br\\\/portal\\\/#website\",\"url\":\"https:\\\/\\\/aconteceunovale.com.br\\\/portal\\\/\",\"name\":\"Aconteceu no Vale\",\"description\":\"Portal de Not\u00edcias\",\"potentialAction\":[{\"@type\":\"SearchAction\",\"target\":{\"@type\":\"EntryPoint\",\"urlTemplate\":\"https:\\\/\\\/aconteceunovale.com.br\\\/portal\\\/?s={search_term_string}\"},\"query-input\":{\"@type\":\"PropertyValueSpecification\",\"valueRequired\":true,\"valueName\":\"search_term_string\"}}],\"inLanguage\":\"pt-BR\"},{\"@type\":\"Person\",\"@id\":\"https:\\\/\\\/aconteceunovale.com.br\\\/portal\\\/#\\\/schema\\\/person\\\/633529146f2c94272bef50ac2953d589\",\"name\":\"Aconteceu no Vale\",\"description\":\"Equipe de reportagem do Aconteceu no Vale, portal de not\u00edcias do Vale do Jequitinhonha, em Minas Gerais. Cobrimos as 51 cidades do Vale desde 2013. Sugest\u00f5es de pauta e pedidos de corre\u00e7\u00e3o: contato@aconteceunovale.com.br\",\"sameAs\":[\"http:\\\/\\\/www.aconteceunovale.com.br\"],\"url\":\"https:\\\/\\\/aconteceunovale.com.br\\\/portal\\\/?author=1\"}]}<\/script>\n<!-- \/ Yoast SEO plugin. -->","yoast_head_json":{"title":"Tripulante de avi\u00e3o da Chapecoense revela como se salvou - Aconteceu no Vale","robots":{"index":"index","follow":"follow","max-snippet":"max-snippet:-1","max-image-preview":"max-image-preview:large","max-video-preview":"max-video-preview:-1"},"canonical":"https:\/\/aconteceunovale.com.br\/portal\/?p=103118","og_locale":"pt_BR","og_type":"article","og_title":"Tripulante de avi\u00e3o da Chapecoense revela como se salvou - Aconteceu no Vale","og_description":"Come\u00e7a hoje (30\/11\/2016) a dif\u00edcil tarefa de identifica\u00e7\u00e3o dos corpos das 71 pessoas que morreram no acidente a\u00e9reo com a equipe da Chapecoense, na madrugada de ter\u00e7a-feira (29), a 17 quil\u00f4metros (km) do aeroporto internacional de Rionegro, no Noroeste da Col\u00f4mbia. Nesse mesmo aeroporto tem chegado nas \u00faltimas horas, procedentes do Brasil, os familiares das [&hellip;]","og_url":"https:\/\/aconteceunovale.com.br\/portal\/?p=103118","og_site_name":"Aconteceu no Vale","article_publisher":"https:\/\/www.facebook.com\/aconteceunovale\/","article_published_time":"2016-11-30T16:04:10+00:00","og_image":[{"width":612,"height":450,"url":"https:\/\/aconteceunovale.com.br\/portal\/wp-content\/uploads\/2016\/11\/sobrevivente.jpg","type":"image\/jpeg"}],"author":"Aconteceu no Vale","twitter_card":"summary_large_image","twitter_creator":"@noticiadosvales","twitter_site":"@noticiadosvales","twitter_misc":{"Escrito por":"Aconteceu no Vale","Est. tempo de leitura":"3 minutos"},"schema":{"@context":"https:\/\/schema.org","@graph":[{"@type":"Article","@id":"https:\/\/aconteceunovale.com.br\/portal\/?p=103118#article","isPartOf":{"@id":"https:\/\/aconteceunovale.com.br\/portal\/?p=103118"},"author":{"name":"Aconteceu no Vale","@id":"https:\/\/aconteceunovale.com.br\/portal\/#\/schema\/person\/633529146f2c94272bef50ac2953d589"},"headline":"Tripulante de avi\u00e3o da Chapecoense revela como se salvou","datePublished":"2016-11-30T16:04:10+00:00","mainEntityOfPage":{"@id":"https:\/\/aconteceunovale.com.br\/portal\/?p=103118"},"wordCount":571,"commentCount":0,"image":{"@id":"https:\/\/aconteceunovale.com.br\/portal\/?p=103118#primaryimage"},"thumbnailUrl":"https:\/\/aconteceunovale.com.br\/portal\/wp-content\/uploads\/2016\/11\/sobrevivente.jpg","keywords":["Accidente a\u00e9reo del Chapecoense","Accidente del avi\u00f3n de Chapecoense","Acidente","acidente a\u00e9reo","acidente a\u00e9reo com a delega\u00e7\u00e3o da Chapecoense","Acidente avi\u00e3o Cerro Gordo","Acidente avi\u00e3o Lamia Corporation","Acidente Chapecoense","acidente com a Chapecoense","Acidente com avi\u00e3o","Acidente com avi\u00e3o da Chapecoense","Acidente com avi\u00e3o que transportava delega\u00e7\u00e3o da Chapecoense deixa 76 mortos","Acidente com o avi\u00e3o da Chapecoense","Acidente com o avi\u00e3o da Chapecoense na Col\u00f4mbia","Acidente Lamia Corporation","Aeroporto Jos\u00e9 Mar\u00eda C\u00f3rdova","Alan Ruschel","amigo de piraporense que estava no avi\u00e3o da Chapecoense","Anderson Boi\u00e3o","Anderson Roberto Martins","Antioquia","Ap\u00f3s acidente com Chapecoense","Atl\u00e9tico Nacional","Atl\u00e9tico Nacional da Col\u00f4mbia","Atl\u00e9tico Nacional de Medel\u00edn","Atl\u00e9tico Nacional de Medel\u00edn prop\u00f5e que t\u00edtulo da Copa Sul-Americana fique com Chapecoense","avi\u00e3o","avi\u00e3o com a Chapecoense","Avi\u00e3o com jogadores da Chapecoense","Avi\u00e3o Lamia","Avi\u00e3o Lamia Corporation","Avi\u00e3o que levava Chapecoense para final da Sul-Americana","avi\u00e3o que levava o time da Chapecoense","avi\u00e3o que levava o time da Chapecoense caiu na Col\u00f4mbia","Avi\u00e3o que transportava time da Chapecoense","Avi\u00f3n de Chapecoense","Avi\u00f3n que transportaba Chapecoense","Bras\u00edlia","British Aerospace 146","caiu na Col\u00f4mbia","caiu na regi\u00e3o da prov\u00edncia de Antioquia","Cerro Gordo","Chapec\u00f3","chapecoense","Chapecoense distribui nota lamentando trag\u00e9dia","Col\u00f4mbia","Confira a lista de passageiros no avi\u00e3o da Chapecoense","Contagem","Copa Sul-Americanavi\u00e3o","CP 2933","Delfim Peixoto Filho","destaque","Elkin Ospina","Erwin Tumiri","feridos","final da Copa do Brasil \u00e9 remarcada para dia 7","Final da Sul-Americana","Flamengo","Fluminense","futebol","Informa\u00e7\u00f5es sobre o acidente com o avi\u00e3o da Chapecoense na Col\u00f4mbia","Jackson Follmann","Juiz de Fora","La Ceja","La Uni\u00f3n","Lamia Corporation","Lista de passageiros no avi\u00e3o da Chapecoense","Luciano Buligon","manifesta\u00e7\u00f5es","Marcos Danilo Padilha","Medell\u00edn","mortos","Oriente antioque\u00f1o","papa francisco","Papa Francisco lamenta acidente com chapecoense","Paran\u00e1","Pirapora","Pirapora Futebol Clube","posi\u00e7\u00e3o fetal","prefeito de Chapec\u00f3","prefeito de La Ceja","Prefeito de La Ceja diz que dez pessoas foram resgatadas","presidente da Federa\u00e7\u00e3o Catarinense de Futebol","primeira partida da final da Copa Sul-Americana","primeira partida da final da Copa Sul-Americana contra o Atl\u00e9tico Nacional da Col\u00f4mbia","protesto santa cruz de la sierra","Queda avi\u00f3n de Chapecoense","queda de avi\u00e3o","queda de avi\u00e3o em Cerro Gordo","Queda do avi\u00e3o da Chapecoense","Queda do avi\u00e3o da Chapecoense na Col\u00f4mbia","Rionegro","Sete Lagoas","sobreviventes","time","trag\u00e9dia","Trag\u00e9dia com avi\u00e3o que levava a Chapecoense","tripulante","Tripulante de avi\u00e3o da Chapecoense diz que sobreviveu gra\u00e7as \u00e0 posi\u00e7\u00e3o fetal","Tripulante de avi\u00e3o da Chapecoense revela como se salvou","Tripulante do voo da Chapecoense diz que sobreviveu gra\u00e7as \u00e0 posi\u00e7\u00e3o fetal","Veja a lista de passageiros no avi\u00e3o da Chapecoense","Ver lista de passageiros no avi\u00e3o da Chapecoense","Zagueiro Demerson escapa do acidente","zagueiro Marcelo Mathias"],"articleSection":["Mundo"],"inLanguage":"pt-BR","potentialAction":[{"@type":"CommentAction","name":"Comment","target":["https:\/\/aconteceunovale.com.br\/portal\/?p=103118#respond"]}]},{"@type":"WebPage","@id":"https:\/\/aconteceunovale.com.br\/portal\/?p=103118","url":"https:\/\/aconteceunovale.com.br\/portal\/?p=103118","name":"Tripulante de avi\u00e3o da Chapecoense revela como se salvou - Aconteceu no Vale","isPartOf":{"@id":"https:\/\/aconteceunovale.com.br\/portal\/#website"},"primaryImageOfPage":{"@id":"https:\/\/aconteceunovale.com.br\/portal\/?p=103118#primaryimage"},"image":{"@id":"https:\/\/aconteceunovale.com.br\/portal\/?p=103118#primaryimage"},"thumbnailUrl":"https:\/\/aconteceunovale.com.br\/portal\/wp-content\/uploads\/2016\/11\/sobrevivente.jpg","datePublished":"2016-11-30T16:04:10+00:00","author":{"@id":"https:\/\/aconteceunovale.com.br\/portal\/#\/schema\/person\/633529146f2c94272bef50ac2953d589"},"breadcrumb":{"@id":"https:\/\/aconteceunovale.com.br\/portal\/?p=103118#breadcrumb"},"inLanguage":"pt-BR","potentialAction":[{"@type":"ReadAction","target":["https:\/\/aconteceunovale.com.br\/portal\/?p=103118"]}]},{"@type":"ImageObject","inLanguage":"pt-BR","@id":"https:\/\/aconteceunovale.com.br\/portal\/?p=103118#primaryimage","url":"https:\/\/aconteceunovale.com.br\/portal\/wp-content\/uploads\/2016\/11\/sobrevivente.jpg","contentUrl":"https:\/\/aconteceunovale.com.br\/portal\/wp-content\/uploads\/2016\/11\/sobrevivente.jpg","width":612,"height":450},{"@type":"BreadcrumbList","@id":"https:\/\/aconteceunovale.com.br\/portal\/?p=103118#breadcrumb","itemListElement":[{"@type":"ListItem","position":1,"name":"In\u00edcio","item":"https:\/\/aconteceunovale.com.br\/portal\/"},{"@type":"ListItem","position":2,"name":"Tripulante de avi\u00e3o da Chapecoense revela como se salvou"}]},{"@type":"WebSite","@id":"https:\/\/aconteceunovale.com.br\/portal\/#website","url":"https:\/\/aconteceunovale.com.br\/portal\/","name":"Aconteceu no Vale","description":"Portal de Not\u00edcias","potentialAction":[{"@type":"SearchAction","target":{"@type":"EntryPoint","urlTemplate":"https:\/\/aconteceunovale.com.br\/portal\/?s={search_term_string}"},"query-input":{"@type":"PropertyValueSpecification","valueRequired":true,"valueName":"search_term_string"}}],"inLanguage":"pt-BR"},{"@type":"Person","@id":"https:\/\/aconteceunovale.com.br\/portal\/#\/schema\/person\/633529146f2c94272bef50ac2953d589","name":"Aconteceu no Vale","description":"Equipe de reportagem do Aconteceu no Vale, portal de not\u00edcias do Vale do Jequitinhonha, em Minas Gerais. Cobrimos as 51 cidades do Vale desde 2013. Sugest\u00f5es de pauta e pedidos de corre\u00e7\u00e3o: contato@aconteceunovale.com.br","sameAs":["http:\/\/www.aconteceunovale.com.br"],"url":"https:\/\/aconteceunovale.com.br\/portal\/?author=1"}]}},"_links":{"self":[{"href":"https:\/\/aconteceunovale.com.br\/portal\/index.php?rest_route=\/wp\/v2\/posts\/103118","targetHints":{"allow":["GET"]}}],"collection":[{"href":"https:\/\/aconteceunovale.com.br\/portal\/index.php?rest_route=\/wp\/v2\/posts"}],"about":[{"href":"https:\/\/aconteceunovale.com.br\/portal\/index.php?rest_route=\/wp\/v2\/types\/post"}],"author":[{"embeddable":true,"href":"https:\/\/aconteceunovale.com.br\/portal\/index.php?rest_route=\/wp\/v2\/users\/1"}],"replies":[{"embeddable":true,"href":"https:\/\/aconteceunovale.com.br\/portal\/index.php?rest_route=%2Fwp%2Fv2%2Fcomments&post=103118"}],"version-history":[{"count":0,"href":"https:\/\/aconteceunovale.com.br\/portal\/index.php?rest_route=\/wp\/v2\/posts\/103118\/revisions"}],"wp:featuredmedia":[{"embeddable":true,"href":"https:\/\/aconteceunovale.com.br\/portal\/index.php?rest_route=\/wp\/v2\/media\/103119"}],"wp:attachment":[{"href":"https:\/\/aconteceunovale.com.br\/portal\/index.php?rest_route=%2Fwp%2Fv2%2Fmedia&parent=103118"}],"wp:term":[{"taxonomy":"category","embeddable":true,"href":"https:\/\/aconteceunovale.com.br\/portal\/index.php?rest_route=%2Fwp%2Fv2%2Fcategories&post=103118"},{"taxonomy":"post_tag","embeddable":true,"href":"https:\/\/aconteceunovale.com.br\/portal\/index.php?rest_route=%2Fwp%2Fv2%2Ftags&post=103118"}],"curies":[{"name":"wp","href":"https:\/\/api.w.org\/{rel}","templated":true}]}}