{"id":103116,"date":"2016-11-30T13:54:53","date_gmt":"2016-11-30T15:54:53","guid":{"rendered":"http:\/\/aconteceunovale.com.br\/portal\/?p=103116"},"modified":"2016-11-30T13:54:53","modified_gmt":"2016-11-30T15:54:53","slug":"governo-define-dias-de-feriados-nacionais-e-pontos-facultativos-de-2017","status":"publish","type":"post","link":"https:\/\/aconteceunovale.com.br\/portal\/?p=103116","title":{"rendered":"Governo define dias de feriados nacionais e pontos facultativos de 2017"},"content":{"rendered":"<p>Os dias de feriados nacionais e de ponto facultativo de 2017 est\u00e3o definidos na\u00a0Portaria n\u00ba 369\u00a0do Minist\u00e9rio do Planejamento, Desenvolvimento e Gest\u00e3o, divulgada hoje (30\/11\/2016), no\u00a0<em>Di\u00e1rio Oficial da Uni\u00e3o<\/em>. As datas dever\u00e3o ser observadas pelos \u00f3rg\u00e3os e entidades da Administra\u00e7\u00e3o P\u00fablica Federal direta, aut\u00e1rquica e fundacional do Poder Executivo, preservada a presta\u00e7\u00e3o dos servi\u00e7os considerados essenciais.<\/p>\n<p>Ser\u00e3o nove feriados nacionais e cinco pontos facultativos, um deles caindo em um s\u00e1bado \u2013 28 de outubro \u2013 quando \u00e9 comemorado o Dia do Servidor P\u00fablico. Segundo o minist\u00e9rio, a norma n\u00e3o\u00a0 trata da necessidade de movimenta\u00e7\u00e3o dessa data, porque ela n\u00e3o cai em dia \u00fatil. Tamb\u00e9m ressalva que \u00e9 vedada a antecipa\u00e7\u00e3o de ponto facultativo pelos \u00f3rg\u00e3os.<\/p>\n<p>A portaria estabelece ainda que os dias de guarda dos credos e religi\u00f5es n\u00e3o relacionados poder\u00e3o ser compensados, desde que previamente autorizado pelo respons\u00e1vel pela unidade administrativa de exerc\u00edcio do servidor. O minist\u00e9rio tamb\u00e9m informou que os feriados declarados em lei estadual ou municipal ser\u00e3o observados pelas reparti\u00e7\u00f5es da Administra\u00e7\u00e3o P\u00fablica Federal direta, aut\u00e1rquica e fundacional, nas respectivas localidades.<\/p>\n<p>Ser\u00e3o estes os feriados e pontos facultativo em 2017:<\/p>\n<p>\u2013 1\u00ba de janeiro: Confraterniza\u00e7\u00e3o Universal<\/p>\n<p>\u2013 27 e 28 de fevereiro: Carnaval<\/p>\n<p>\u2013 1\u00ba de mar\u00e7o: Cinzas (at\u00e9 \u00e0s 14h)<\/p>\n<p>\u2013 14 de abril: Paix\u00e3o de Cristo<\/p>\n<p>\u2013 21 de abril: Tiradentes<\/p>\n<p>\u2013 1\u00ba de maio: Dia Mundial do Trabalho<\/p>\n<p>\u2013 15 de junho: Corpus Christi<\/p>\n<p>\u2013 7 de setembro: Independ\u00eancia do Brasil<\/p>\n<p>\u2013 12 de outubro: Nossa Senhora Aparecida<\/p>\n<p>\u2013 28 de outubro: Dia do Servidor P\u00fablico<\/p>\n<p>\u2013 2 de novembro: Finados<\/p>\n<p>\u2013 15 de novembro: Proclama\u00e7\u00e3o da Rep\u00fablica<\/p>\n<p>\u2013 25 de dezembro: Natal<\/p>\n<p>(Ag\u00eancia Brasil)<\/p>\n","protected":false},"excerpt":{"rendered":"<p>Os dias de feriados nacionais e de ponto facultativo de 2017 est\u00e3o definidos na\u00a0Portaria n\u00ba 369\u00a0do Minist\u00e9rio do Planejamento, Desenvolvimento e Gest\u00e3o, divulgada hoje (30\/11\/2016), no\u00a0Di\u00e1rio Oficial da Uni\u00e3o. As datas dever\u00e3o ser observadas pelos \u00f3rg\u00e3os e entidades da Administra\u00e7\u00e3o P\u00fablica Federal direta, aut\u00e1rquica e fundacional do Poder Executivo, preservada a presta\u00e7\u00e3o dos servi\u00e7os considerados [&hellip;]<\/p>\n","protected":false},"author":1,"featured_media":83577,"comment_status":"open","ping_status":"closed","sticky":false,"template":"","format":"standard","meta":{"amp_status":"","footnotes":""},"categories":[6],"tags":[83644,128235,128234,128236,37227,128233,74966,128232,128240,128237,128238,128239,19327],"class_list":["post-103116","post","type-post","status-publish","format-standard","has-post-thumbnail","hentry","category-br","tag-83644","tag-dia-de-ponto-facultativo","tag-dia-de-ponto-facultativo-em-2017","tag-dia-do-servidor-publico","tag-feriados","tag-feriados-2017","tag-feriados-nacionais","tag-feriados-nacionais-2016","tag-governo-define-dias-de-feriados-nacionais-e-pontos-facultativos-de-2017","tag-lista-de-feriados","tag-lista-de-feriados-2017","tag-ponto-facultativo","tag-portaria"],"_links":{"self":[{"href":"https:\/\/aconteceunovale.com.br\/portal\/index.php?rest_route=\/wp\/v2\/posts\/103116","targetHints":{"allow":["GET"]}}],"collection":[{"href":"https:\/\/aconteceunovale.com.br\/portal\/index.php?rest_route=\/wp\/v2\/posts"}],"about":[{"href":"https:\/\/aconteceunovale.com.br\/portal\/index.php?rest_route=\/wp\/v2\/types\/post"}],"author":[{"embeddable":true,"href":"https:\/\/aconteceunovale.com.br\/portal\/index.php?rest_route=\/wp\/v2\/users\/1"}],"replies":[{"embeddable":true,"href":"https:\/\/aconteceunovale.com.br\/portal\/index.php?rest_route=%2Fwp%2Fv2%2Fcomments&post=103116"}],"version-history":[{"count":0,"href":"https:\/\/aconteceunovale.com.br\/portal\/index.php?rest_route=\/wp\/v2\/posts\/103116\/revisions"}],"wp:featuredmedia":[{"embeddable":true,"href":"https:\/\/aconteceunovale.com.br\/portal\/index.php?rest_route=\/wp\/v2\/media\/83577"}],"wp:attachment":[{"href":"https:\/\/aconteceunovale.com.br\/portal\/index.php?rest_route=%2Fwp%2Fv2%2Fmedia&parent=103116"}],"wp:term":[{"taxonomy":"category","embeddable":true,"href":"https:\/\/aconteceunovale.com.br\/portal\/index.php?rest_route=%2Fwp%2Fv2%2Fcategories&post=103116"},{"taxonomy":"post_tag","embeddable":true,"href":"https:\/\/aconteceunovale.com.br\/portal\/index.php?rest_route=%2Fwp%2Fv2%2Ftags&post=103116"}],"curies":[{"name":"wp","href":"https:\/\/api.w.org\/{rel}","templated":true}]}}