{"id":103113,"date":"2016-11-30T12:46:27","date_gmt":"2016-11-30T14:46:27","guid":{"rendered":"http:\/\/aconteceunovale.com.br\/portal\/?p=103113"},"modified":"2016-11-30T12:46:27","modified_gmt":"2016-11-30T14:46:27","slug":"ima-oferece-vagas-de-engenheiro-agronomo-e-medico-veterinario-em-municipios-da-regiao","status":"publish","type":"post","link":"https:\/\/aconteceunovale.com.br\/portal\/?p=103113","title":{"rendered":"IMA oferece vagas de engenheiro agr\u00f4nomo e m\u00e9dico veterin\u00e1rio em munic\u00edpios da regi\u00e3o"},"content":{"rendered":"<p>A\u00a0Secretaria de Estado de Agricultura, Pecu\u00e1ria e Abastecimento (Seapa)\u00a0abriu processo seletivo para contrata\u00e7\u00e3o tempor\u00e1ria de 43 fiscais agropecu\u00e1rios para a presta\u00e7\u00e3o de servi\u00e7os no\u00a0Instituto Mineiro de Agropecu\u00e1ria (IMA). S\u00e3o 35 vagas para m\u00e9dicos veterin\u00e1rios \u2013 inspe\u00e7\u00e3o sanit\u00e1ria animal \u2013 e oito para engenheiros agr\u00f4nomos \u2013 defesa sanit\u00e1ria vegetal. O edital foi publicado na edi\u00e7\u00e3o desta ter\u00e7a-feira (29\/11\/2016) do\u00a0Di\u00e1rio Oficial de Minas Gerais.<\/p>\n<p>A inscri\u00e7\u00e3o \u00e9 gratuita e poder\u00e1 ser realizada no per\u00edodo de\u00a012\/12\/16 a 27\/12\/16 com o envio do curr\u00edculo e da documenta\u00e7\u00e3o necess\u00e1ria para a sede do instituto na Cidade Administrativa, em Belo Horizonte, conforme especificado no edital.\u00a0A carga hor\u00e1ria de trabalho \u00e9 de oito horas di\u00e1rias, totalizando 40 horas semanais, e o sal\u00e1rio de R$ 2.983,31. Dentre os pr\u00e9-requisitos, o candidato deve ter escolaridade m\u00ednima de n\u00edvel superior completo, ser habilitado na categoria B e apresentar registro no conselho de classe competente.<\/p>\n<p>O diretor-geral do IMA, Marc\u00edlio de Sousa Magalh\u00e3es, ressalta a import\u00e2ncia do processo seletivo para a contrata\u00e7\u00e3o de novos profissionais que ir\u00e3o refor\u00e7ar o trabalho do IMA em todo o estado. \u201cA abertura desse processo seletivo permitir\u00e1 a reposi\u00e7\u00e3o de servidores cujos contratos foram encerrados em outubro deste ano\u00a0e contribuir\u00e1 para a redu\u00e7\u00e3o de riscos sanit\u00e1rios advindos da aus\u00eancia de inspe\u00e7\u00e3o, principalmente em estabelecimentos de abate&#8221;, enfatiza.<\/p>\n<p><strong>Etapas do processo seletivo<\/strong><\/p>\n<p>O processo seletivo ser\u00e1 composto de an\u00e1lise de curr\u00edculo e entrevista \u2013 n\u00e3o haver\u00e1 provas. Ap\u00f3s a an\u00e1lise de curr\u00edculo, a classifica\u00e7\u00e3o dos candidatos ser\u00e1 divulgada no site do IMA. Para a entrevista ser\u00e3o convocados os candidatos classificados com maior pontua\u00e7\u00e3o, em at\u00e9 tr\u00eas vezes o n\u00famero de vagas ofertadas. Para ser considerado habilitado nesta etapa o candidato dever\u00e1 alcan\u00e7ar, no m\u00ednimo, 60% da pontua\u00e7\u00e3o.<\/p>\n<p>O aprovados v\u00e3o realizar atividades no IMA pelo prazo de tr\u00eas anos, prorrog\u00e1veis por mais tr\u00eas. Informa\u00e7\u00f5es sobre o processo seletivo, como as regras para envio do curr\u00edculo e comunica\u00e7\u00e3o das datas e locais das entrevistas, estar\u00e3o dispon\u00edveis do site do IMA (<a href=\"http:\/\/www.ima.mg.gov.br\/\" target=\"_blank\">www.ima.mg.gov.br<\/a>) a partir de 12 de dezembro.<\/p>\n<p>Para mais informa\u00e7\u00f5es,\u00a0<a href=\"http:\/\/jornal.iof.mg.gov.br\/xmlui\/handle\/123456789\/173736?paginaCorrente=01&amp;posicaoPagCorrente=173662&amp;linkBase=http%3A%2F%2Fjornal.iof.mg.gov.br%3A80%2Fxmlui%2Fhandle%2F123456789%2F&amp;totalPaginas=84&amp;paginaDestino=75&amp;indice=0\" target=\"_blank\">acesse http:\/\/jornal.iof.mg.gov.br<\/a>\u00a0e confira \u00edntegra do edital.<\/p>\n<p>Veja, no quadro abaixo, a rela\u00e7\u00e3o completa das vagas com a indica\u00e7\u00e3o dos munic\u00edpios de atua\u00e7\u00e3o:<\/p>\n<p><img decoding=\"async\" src=\"http:\/\/aconteceunovale.com.br\/portal\/wp-content\/uploads\/2016\/11\/emprego_ima.jpg\" alt=\"\" \/><br \/>\n<\/br><\/p>\n<p>(Ag\u00eancia Minas)<\/p>\n","protected":false},"excerpt":{"rendered":"<p>A\u00a0Secretaria de Estado de Agricultura, Pecu\u00e1ria e Abastecimento (Seapa)\u00a0abriu processo seletivo para contrata\u00e7\u00e3o tempor\u00e1ria de 43 fiscais agropecu\u00e1rios para a presta\u00e7\u00e3o de servi\u00e7os no\u00a0Instituto Mineiro de Agropecu\u00e1ria (IMA). S\u00e3o 35 vagas para m\u00e9dicos veterin\u00e1rios \u2013 inspe\u00e7\u00e3o sanit\u00e1ria animal \u2013 e oito para engenheiros agr\u00f4nomos \u2013 defesa sanit\u00e1ria vegetal. O edital foi publicado na edi\u00e7\u00e3o desta [&hellip;]<\/p>\n","protected":false},"author":1,"featured_media":103114,"comment_status":"open","ping_status":"closed","sticky":false,"template":"","format":"standard","meta":{"amp_status":"","footnotes":""},"categories":[40237,40236],"tags":[194,1510,197,43202,128228,128225,247,155,20955,128230,128231,20954,204,206,104982,10060,128226,213,214,216,128229,27578,128227,164,220,222,128224,223,18771],"class_list":["post-103113","post","type-post","status-publish","format-standard","has-post-thumbnail","hentry","category-concursos","category-empregos-2","tag-belo-horizonte","tag-bom-despacho","tag-curvelo","tag-diretor-geral-do-ima","tag-edital-ima","tag-emprego-ima","tag-governador-valadares","tag-guanhaes","tag-ima","tag-ima-abre-processo-seletivo-para-engenheiro-agronomo-e-medico-veterinario-para-cidades-da-regiao","tag-ima-oferece-vagas-de-engenheiro-agronomo-e-medico-veterinario-em-municipios-da-regiao","tag-instituto-mineiro-de-agropecuaria","tag-janauba","tag-juiz-de-fora","tag-marcilio-de-sousa-magalhaes","tag-oliveira","tag-oportunidade-ima","tag-passos","tag-patos-de-minas","tag-pouso-alegre","tag-processo-seletivo-ima","tag-seapa","tag-selecao-ima","tag-teofilo-otoni","tag-uberaba","tag-unai","tag-vaga-ima","tag-varginha","tag-vicosa"],"yoast_head":"<!-- This site is optimized with the Yoast SEO plugin v28.3 - https:\/\/yoast.com\/product\/yoast-seo-wordpress\/ -->\n<title>IMA oferece vagas de engenheiro agr\u00f4nomo e m\u00e9dico veterin\u00e1rio em munic\u00edpios da regi\u00e3o - Aconteceu no Vale<\/title>\n<meta name=\"robots\" content=\"index, follow, max-snippet:-1, max-image-preview:large, max-video-preview:-1\" \/>\n<link rel=\"canonical\" href=\"https:\/\/aconteceunovale.com.br\/portal\/?p=103113\" \/>\n<meta property=\"og:locale\" content=\"pt_BR\" \/>\n<meta property=\"og:type\" content=\"article\" \/>\n<meta property=\"og:title\" content=\"IMA oferece vagas de engenheiro agr\u00f4nomo e m\u00e9dico veterin\u00e1rio em munic\u00edpios da regi\u00e3o - Aconteceu no Vale\" \/>\n<meta property=\"og:description\" content=\"A\u00a0Secretaria de Estado de Agricultura, Pecu\u00e1ria e Abastecimento (Seapa)\u00a0abriu processo seletivo para contrata\u00e7\u00e3o tempor\u00e1ria de 43 fiscais agropecu\u00e1rios para a presta\u00e7\u00e3o de servi\u00e7os no\u00a0Instituto Mineiro de Agropecu\u00e1ria (IMA). S\u00e3o 35 vagas para m\u00e9dicos veterin\u00e1rios \u2013 inspe\u00e7\u00e3o sanit\u00e1ria animal \u2013 e oito para engenheiros agr\u00f4nomos \u2013 defesa sanit\u00e1ria vegetal. O edital foi publicado na edi\u00e7\u00e3o desta [&hellip;]\" \/>\n<meta property=\"og:url\" content=\"https:\/\/aconteceunovale.com.br\/portal\/?p=103113\" \/>\n<meta property=\"og:site_name\" content=\"Aconteceu no Vale\" \/>\n<meta property=\"article:publisher\" content=\"https:\/\/www.facebook.com\/aconteceunovale\/\" \/>\n<meta property=\"article:published_time\" content=\"2016-11-30T14:46:27+00:00\" \/>\n<meta property=\"og:image\" content=\"https:\/\/aconteceunovale.com.br\/portal\/wp-content\/uploads\/2016\/11\/emprego_ima.jpg\" \/>\n\t<meta property=\"og:image:width\" content=\"678\" \/>\n\t<meta property=\"og:image:height\" content=\"377\" \/>\n\t<meta property=\"og:image:type\" content=\"image\/jpeg\" \/>\n<meta name=\"author\" content=\"Aconteceu no Vale\" \/>\n<meta name=\"twitter:card\" content=\"summary_large_image\" \/>\n<meta name=\"twitter:creator\" content=\"@noticiadosvales\" \/>\n<meta name=\"twitter:site\" content=\"@noticiadosvales\" \/>\n<meta name=\"twitter:label1\" content=\"Escrito por\" \/>\n\t<meta name=\"twitter:data1\" content=\"Aconteceu no Vale\" \/>\n\t<meta name=\"twitter:label2\" content=\"Est. tempo de leitura\" \/>\n\t<meta name=\"twitter:data2\" content=\"2 minutos\" \/>\n<script type=\"application\/ld+json\" class=\"yoast-schema-graph\">{\"@context\":\"https:\\\/\\\/schema.org\",\"@graph\":[{\"@type\":\"Article\",\"@id\":\"https:\\\/\\\/aconteceunovale.com.br\\\/portal\\\/?p=103113#article\",\"isPartOf\":{\"@id\":\"https:\\\/\\\/aconteceunovale.com.br\\\/portal\\\/?p=103113\"},\"author\":{\"name\":\"Aconteceu no Vale\",\"@id\":\"https:\\\/\\\/aconteceunovale.com.br\\\/portal\\\/#\\\/schema\\\/person\\\/633529146f2c94272bef50ac2953d589\"},\"headline\":\"IMA oferece vagas de engenheiro agr\u00f4nomo e m\u00e9dico veterin\u00e1rio em munic\u00edpios da regi\u00e3o\",\"datePublished\":\"2016-11-30T14:46:27+00:00\",\"mainEntityOfPage\":{\"@id\":\"https:\\\/\\\/aconteceunovale.com.br\\\/portal\\\/?p=103113\"},\"wordCount\":444,\"commentCount\":1,\"image\":{\"@id\":\"https:\\\/\\\/aconteceunovale.com.br\\\/portal\\\/?p=103113#primaryimage\"},\"thumbnailUrl\":\"https:\\\/\\\/aconteceunovale.com.br\\\/portal\\\/wp-content\\\/uploads\\\/2016\\\/11\\\/emprego_ima.jpg\",\"keywords\":[\"Belo Horizonte\",\"Bom Despacho\",\"Curvelo\",\"diretor-geral do IMA\",\"Edital IMA\",\"Emprego IMA\",\"Governador Valadares\",\"Guanh\u00e3es\",\"IMA\",\"IMA abre processo seletivo para engenheiro agr\u00f4nomo e m\u00e9dico veterin\u00e1rio para cidades da regi\u00e3o\",\"IMA oferece vagas de engenheiro agr\u00f4nomo e m\u00e9dico veterin\u00e1rio em munic\u00edpios da regi\u00e3o\",\"Instituto Mineiro de Agropecu\u00e1ria\",\"Jana\u00faba\",\"Juiz de Fora\",\"Marc\u00edlio de Sousa Magalh\u00e3es\",\"Oliveira\",\"Oportunidade iMA\",\"Passos\",\"Patos de Minas\",\"Pouso Alegre\",\"Processo seletivo IMA\",\"Seapa\",\"Sele\u00e7\u00e3o IMA\",\"Te\u00f3filo Otoni\",\"Uberaba\",\"Una\u00ed\",\"Vaga IMA\",\"Varginha\",\"Vi\u00e7osa\"],\"articleSection\":[\"Concursos\",\"Empregos\"],\"inLanguage\":\"pt-BR\",\"potentialAction\":[{\"@type\":\"CommentAction\",\"name\":\"Comment\",\"target\":[\"https:\\\/\\\/aconteceunovale.com.br\\\/portal\\\/?p=103113#respond\"]}]},{\"@type\":\"WebPage\",\"@id\":\"https:\\\/\\\/aconteceunovale.com.br\\\/portal\\\/?p=103113\",\"url\":\"https:\\\/\\\/aconteceunovale.com.br\\\/portal\\\/?p=103113\",\"name\":\"IMA oferece vagas de engenheiro agr\u00f4nomo e m\u00e9dico veterin\u00e1rio em munic\u00edpios da regi\u00e3o - Aconteceu no Vale\",\"isPartOf\":{\"@id\":\"https:\\\/\\\/aconteceunovale.com.br\\\/portal\\\/#website\"},\"primaryImageOfPage\":{\"@id\":\"https:\\\/\\\/aconteceunovale.com.br\\\/portal\\\/?p=103113#primaryimage\"},\"image\":{\"@id\":\"https:\\\/\\\/aconteceunovale.com.br\\\/portal\\\/?p=103113#primaryimage\"},\"thumbnailUrl\":\"https:\\\/\\\/aconteceunovale.com.br\\\/portal\\\/wp-content\\\/uploads\\\/2016\\\/11\\\/emprego_ima.jpg\",\"datePublished\":\"2016-11-30T14:46:27+00:00\",\"author\":{\"@id\":\"https:\\\/\\\/aconteceunovale.com.br\\\/portal\\\/#\\\/schema\\\/person\\\/633529146f2c94272bef50ac2953d589\"},\"breadcrumb\":{\"@id\":\"https:\\\/\\\/aconteceunovale.com.br\\\/portal\\\/?p=103113#breadcrumb\"},\"inLanguage\":\"pt-BR\",\"potentialAction\":[{\"@type\":\"ReadAction\",\"target\":[\"https:\\\/\\\/aconteceunovale.com.br\\\/portal\\\/?p=103113\"]}]},{\"@type\":\"ImageObject\",\"inLanguage\":\"pt-BR\",\"@id\":\"https:\\\/\\\/aconteceunovale.com.br\\\/portal\\\/?p=103113#primaryimage\",\"url\":\"https:\\\/\\\/aconteceunovale.com.br\\\/portal\\\/wp-content\\\/uploads\\\/2016\\\/11\\\/emprego_ima.jpg\",\"contentUrl\":\"https:\\\/\\\/aconteceunovale.com.br\\\/portal\\\/wp-content\\\/uploads\\\/2016\\\/11\\\/emprego_ima.jpg\",\"width\":678,\"height\":377},{\"@type\":\"BreadcrumbList\",\"@id\":\"https:\\\/\\\/aconteceunovale.com.br\\\/portal\\\/?p=103113#breadcrumb\",\"itemListElement\":[{\"@type\":\"ListItem\",\"position\":1,\"name\":\"In\u00edcio\",\"item\":\"https:\\\/\\\/aconteceunovale.com.br\\\/portal\\\/\"},{\"@type\":\"ListItem\",\"position\":2,\"name\":\"IMA oferece vagas de engenheiro agr\u00f4nomo e m\u00e9dico veterin\u00e1rio em munic\u00edpios da regi\u00e3o\"}]},{\"@type\":\"WebSite\",\"@id\":\"https:\\\/\\\/aconteceunovale.com.br\\\/portal\\\/#website\",\"url\":\"https:\\\/\\\/aconteceunovale.com.br\\\/portal\\\/\",\"name\":\"Aconteceu no Vale\",\"description\":\"Portal de Not\u00edcias\",\"potentialAction\":[{\"@type\":\"SearchAction\",\"target\":{\"@type\":\"EntryPoint\",\"urlTemplate\":\"https:\\\/\\\/aconteceunovale.com.br\\\/portal\\\/?s={search_term_string}\"},\"query-input\":{\"@type\":\"PropertyValueSpecification\",\"valueRequired\":true,\"valueName\":\"search_term_string\"}}],\"inLanguage\":\"pt-BR\"},{\"@type\":\"Person\",\"@id\":\"https:\\\/\\\/aconteceunovale.com.br\\\/portal\\\/#\\\/schema\\\/person\\\/633529146f2c94272bef50ac2953d589\",\"name\":\"Aconteceu no Vale\",\"description\":\"Equipe de reportagem do Aconteceu no Vale, portal de not\u00edcias do Vale do Jequitinhonha, em Minas Gerais. Cobrimos as 51 cidades do Vale desde 2013. Sugest\u00f5es de pauta e pedidos de corre\u00e7\u00e3o: contato@aconteceunovale.com.br\",\"sameAs\":[\"http:\\\/\\\/www.aconteceunovale.com.br\"],\"url\":\"https:\\\/\\\/aconteceunovale.com.br\\\/portal\\\/?author=1\"}]}<\/script>\n<!-- \/ Yoast SEO plugin. -->","yoast_head_json":{"title":"IMA oferece vagas de engenheiro agr\u00f4nomo e m\u00e9dico veterin\u00e1rio em munic\u00edpios da regi\u00e3o - Aconteceu no Vale","robots":{"index":"index","follow":"follow","max-snippet":"max-snippet:-1","max-image-preview":"max-image-preview:large","max-video-preview":"max-video-preview:-1"},"canonical":"https:\/\/aconteceunovale.com.br\/portal\/?p=103113","og_locale":"pt_BR","og_type":"article","og_title":"IMA oferece vagas de engenheiro agr\u00f4nomo e m\u00e9dico veterin\u00e1rio em munic\u00edpios da regi\u00e3o - Aconteceu no Vale","og_description":"A\u00a0Secretaria de Estado de Agricultura, Pecu\u00e1ria e Abastecimento (Seapa)\u00a0abriu processo seletivo para contrata\u00e7\u00e3o tempor\u00e1ria de 43 fiscais agropecu\u00e1rios para a presta\u00e7\u00e3o de servi\u00e7os no\u00a0Instituto Mineiro de Agropecu\u00e1ria (IMA). S\u00e3o 35 vagas para m\u00e9dicos veterin\u00e1rios \u2013 inspe\u00e7\u00e3o sanit\u00e1ria animal \u2013 e oito para engenheiros agr\u00f4nomos \u2013 defesa sanit\u00e1ria vegetal. O edital foi publicado na edi\u00e7\u00e3o desta [&hellip;]","og_url":"https:\/\/aconteceunovale.com.br\/portal\/?p=103113","og_site_name":"Aconteceu no Vale","article_publisher":"https:\/\/www.facebook.com\/aconteceunovale\/","article_published_time":"2016-11-30T14:46:27+00:00","og_image":[{"width":678,"height":377,"url":"https:\/\/aconteceunovale.com.br\/portal\/wp-content\/uploads\/2016\/11\/emprego_ima.jpg","type":"image\/jpeg"}],"author":"Aconteceu no Vale","twitter_card":"summary_large_image","twitter_creator":"@noticiadosvales","twitter_site":"@noticiadosvales","twitter_misc":{"Escrito por":"Aconteceu no Vale","Est. tempo de leitura":"2 minutos"},"schema":{"@context":"https:\/\/schema.org","@graph":[{"@type":"Article","@id":"https:\/\/aconteceunovale.com.br\/portal\/?p=103113#article","isPartOf":{"@id":"https:\/\/aconteceunovale.com.br\/portal\/?p=103113"},"author":{"name":"Aconteceu no Vale","@id":"https:\/\/aconteceunovale.com.br\/portal\/#\/schema\/person\/633529146f2c94272bef50ac2953d589"},"headline":"IMA oferece vagas de engenheiro agr\u00f4nomo e m\u00e9dico veterin\u00e1rio em munic\u00edpios da regi\u00e3o","datePublished":"2016-11-30T14:46:27+00:00","mainEntityOfPage":{"@id":"https:\/\/aconteceunovale.com.br\/portal\/?p=103113"},"wordCount":444,"commentCount":1,"image":{"@id":"https:\/\/aconteceunovale.com.br\/portal\/?p=103113#primaryimage"},"thumbnailUrl":"https:\/\/aconteceunovale.com.br\/portal\/wp-content\/uploads\/2016\/11\/emprego_ima.jpg","keywords":["Belo Horizonte","Bom Despacho","Curvelo","diretor-geral do IMA","Edital IMA","Emprego IMA","Governador Valadares","Guanh\u00e3es","IMA","IMA abre processo seletivo para engenheiro agr\u00f4nomo e m\u00e9dico veterin\u00e1rio para cidades da regi\u00e3o","IMA oferece vagas de engenheiro agr\u00f4nomo e m\u00e9dico veterin\u00e1rio em munic\u00edpios da regi\u00e3o","Instituto Mineiro de Agropecu\u00e1ria","Jana\u00faba","Juiz de Fora","Marc\u00edlio de Sousa Magalh\u00e3es","Oliveira","Oportunidade iMA","Passos","Patos de Minas","Pouso Alegre","Processo seletivo IMA","Seapa","Sele\u00e7\u00e3o IMA","Te\u00f3filo Otoni","Uberaba","Una\u00ed","Vaga IMA","Varginha","Vi\u00e7osa"],"articleSection":["Concursos","Empregos"],"inLanguage":"pt-BR","potentialAction":[{"@type":"CommentAction","name":"Comment","target":["https:\/\/aconteceunovale.com.br\/portal\/?p=103113#respond"]}]},{"@type":"WebPage","@id":"https:\/\/aconteceunovale.com.br\/portal\/?p=103113","url":"https:\/\/aconteceunovale.com.br\/portal\/?p=103113","name":"IMA oferece vagas de engenheiro agr\u00f4nomo e m\u00e9dico veterin\u00e1rio em munic\u00edpios da regi\u00e3o - Aconteceu no Vale","isPartOf":{"@id":"https:\/\/aconteceunovale.com.br\/portal\/#website"},"primaryImageOfPage":{"@id":"https:\/\/aconteceunovale.com.br\/portal\/?p=103113#primaryimage"},"image":{"@id":"https:\/\/aconteceunovale.com.br\/portal\/?p=103113#primaryimage"},"thumbnailUrl":"https:\/\/aconteceunovale.com.br\/portal\/wp-content\/uploads\/2016\/11\/emprego_ima.jpg","datePublished":"2016-11-30T14:46:27+00:00","author":{"@id":"https:\/\/aconteceunovale.com.br\/portal\/#\/schema\/person\/633529146f2c94272bef50ac2953d589"},"breadcrumb":{"@id":"https:\/\/aconteceunovale.com.br\/portal\/?p=103113#breadcrumb"},"inLanguage":"pt-BR","potentialAction":[{"@type":"ReadAction","target":["https:\/\/aconteceunovale.com.br\/portal\/?p=103113"]}]},{"@type":"ImageObject","inLanguage":"pt-BR","@id":"https:\/\/aconteceunovale.com.br\/portal\/?p=103113#primaryimage","url":"https:\/\/aconteceunovale.com.br\/portal\/wp-content\/uploads\/2016\/11\/emprego_ima.jpg","contentUrl":"https:\/\/aconteceunovale.com.br\/portal\/wp-content\/uploads\/2016\/11\/emprego_ima.jpg","width":678,"height":377},{"@type":"BreadcrumbList","@id":"https:\/\/aconteceunovale.com.br\/portal\/?p=103113#breadcrumb","itemListElement":[{"@type":"ListItem","position":1,"name":"In\u00edcio","item":"https:\/\/aconteceunovale.com.br\/portal\/"},{"@type":"ListItem","position":2,"name":"IMA oferece vagas de engenheiro agr\u00f4nomo e m\u00e9dico veterin\u00e1rio em munic\u00edpios da regi\u00e3o"}]},{"@type":"WebSite","@id":"https:\/\/aconteceunovale.com.br\/portal\/#website","url":"https:\/\/aconteceunovale.com.br\/portal\/","name":"Aconteceu no Vale","description":"Portal de Not\u00edcias","potentialAction":[{"@type":"SearchAction","target":{"@type":"EntryPoint","urlTemplate":"https:\/\/aconteceunovale.com.br\/portal\/?s={search_term_string}"},"query-input":{"@type":"PropertyValueSpecification","valueRequired":true,"valueName":"search_term_string"}}],"inLanguage":"pt-BR"},{"@type":"Person","@id":"https:\/\/aconteceunovale.com.br\/portal\/#\/schema\/person\/633529146f2c94272bef50ac2953d589","name":"Aconteceu no Vale","description":"Equipe de reportagem do Aconteceu no Vale, portal de not\u00edcias do Vale do Jequitinhonha, em Minas Gerais. Cobrimos as 51 cidades do Vale desde 2013. Sugest\u00f5es de pauta e pedidos de corre\u00e7\u00e3o: contato@aconteceunovale.com.br","sameAs":["http:\/\/www.aconteceunovale.com.br"],"url":"https:\/\/aconteceunovale.com.br\/portal\/?author=1"}]}},"_links":{"self":[{"href":"https:\/\/aconteceunovale.com.br\/portal\/index.php?rest_route=\/wp\/v2\/posts\/103113","targetHints":{"allow":["GET"]}}],"collection":[{"href":"https:\/\/aconteceunovale.com.br\/portal\/index.php?rest_route=\/wp\/v2\/posts"}],"about":[{"href":"https:\/\/aconteceunovale.com.br\/portal\/index.php?rest_route=\/wp\/v2\/types\/post"}],"author":[{"embeddable":true,"href":"https:\/\/aconteceunovale.com.br\/portal\/index.php?rest_route=\/wp\/v2\/users\/1"}],"replies":[{"embeddable":true,"href":"https:\/\/aconteceunovale.com.br\/portal\/index.php?rest_route=%2Fwp%2Fv2%2Fcomments&post=103113"}],"version-history":[{"count":0,"href":"https:\/\/aconteceunovale.com.br\/portal\/index.php?rest_route=\/wp\/v2\/posts\/103113\/revisions"}],"wp:featuredmedia":[{"embeddable":true,"href":"https:\/\/aconteceunovale.com.br\/portal\/index.php?rest_route=\/wp\/v2\/media\/103114"}],"wp:attachment":[{"href":"https:\/\/aconteceunovale.com.br\/portal\/index.php?rest_route=%2Fwp%2Fv2%2Fmedia&parent=103113"}],"wp:term":[{"taxonomy":"category","embeddable":true,"href":"https:\/\/aconteceunovale.com.br\/portal\/index.php?rest_route=%2Fwp%2Fv2%2Fcategories&post=103113"},{"taxonomy":"post_tag","embeddable":true,"href":"https:\/\/aconteceunovale.com.br\/portal\/index.php?rest_route=%2Fwp%2Fv2%2Ftags&post=103113"}],"curies":[{"name":"wp","href":"https:\/\/api.w.org\/{rel}","templated":true}]}}