{"id":103106,"date":"2016-11-30T09:13:12","date_gmt":"2016-11-30T11:13:12","guid":{"rendered":"http:\/\/aconteceunovale.com.br\/portal\/?p=103106"},"modified":"2016-11-30T09:13:12","modified_gmt":"2016-11-30T11:13:12","slug":"autoridades-deixam-de-lado-um-dos-piores-desastres-ambientais-da-historia-do-vale-do-jequitinhonha","status":"publish","type":"post","link":"https:\/\/aconteceunovale.com.br\/portal\/?p=103106","title":{"rendered":"Autoridades \u2018deixam de lado\u2019 um dos piores desastres ambientais da hist\u00f3ria do Vale do Jequitinhonha"},"content":{"rendered":"<p>Um inc\u00eandio florestal \u2013 considerado um dos piores desastres ambientais da hist\u00f3ria do Vale do Jequitinhonha \u2013 pode ter sido criminoso e, mesmo assim, corre o risco de ficar sem esclarecimentos. O fogo consumiu cerca de 2.500 hectares (o equivalente a 2.500 campos de futebol) de vegeta\u00e7\u00e3o de Mata Atl\u00e2ntica e Cerrado em uma fazenda entre as cidades de Coronel Murta e Itinga, h\u00e1 mais de um m\u00eas. At\u00e9 o momento, as investiga\u00e7\u00f5es sobre a autoria das chamas, que foram combatidas pelos bombeiros, n\u00e3o avan\u00e7aram.<\/p>\n<p>Segundo um servidor da delegacia de Pol\u00edcia Civil de Ara\u00e7ua\u00ed, na mesma regi\u00e3o, que pediu para n\u00e3o ser identificado, o caso nem sequer foi encaminhado para ser investigado pela corpora\u00e7\u00e3o. J\u00e1 a assessoria do Minist\u00e9rio P\u00fablico de Minas Gerais (MPMG) \u2013 que teria recebido uma den\u00fancia do caso \u2013 informou que a promotoria de Ara\u00e7ua\u00ed tamb\u00e9m n\u00e3o teve conhecimento do inc\u00eandio.<\/p>\n<p>De acordo com o chefe do Departamento Municipal do Meio Ambiente de Coronel Murta, Vital Moutinho, as chamas atingiram um local de dif\u00edcil acesso, que era ref\u00fagio da fauna nativa da regi\u00e3o. \u201cA \u00e1rea estava preservada h\u00e1 muito tempo, tinha \u00e1rvores como perobas e aroeiras, al\u00e9m de aves e animais como tatus, veados campeiros, pacas e at\u00e9 on\u00e7a parda. \u00c9 uma pena\u201d, disse.<\/p>\n<p>Na opini\u00e3o da superintendente executiva da Associa\u00e7\u00e3o Mineira de Defesa do Ambiente (Amda), Dalce Ricas, a falta de investiga\u00e7\u00e3o dos inc\u00eandios florestais \u00e9 um incentivo para que eles continuem ocorrendo no Estado.<\/p>\n<p>\u201cEstimamos que 95% desses inc\u00eandios n\u00e3o sejam investigados. Raramente se consegue estabelecer uma rela\u00e7\u00e3o direta entre a pessoa que inicia as chamas e o desastre ambiental, a n\u00e3o ser que ocorra um flagrante\u201d, detalhou.<\/p>\n<p>Para Dalce, um avan\u00e7o na apura\u00e7\u00e3o dos casos poderia intimidar os propriet\u00e1rios rurais que t\u00eam as queimadas como pr\u00e1tica corriqueira. \u201c\u00c9 comum que um lugar pegue fogo e que o dono n\u00e3o chame os bombeiros, porque ele mesmo que ateou. S\u00f3 quando sai do controle \u00e9 que ele pede socorro. Uma investiga\u00e7\u00e3o mais profunda seria positiva para fazer eles pensarem duas vezes\u201d, afirmou.<\/p>\n<p><strong>\u00c1rea n\u00e3o poder\u00e1 ter planta\u00e7\u00e3o<\/strong><\/p>\n<p>O avan\u00e7o da cultura do eucalipto na regi\u00e3o do Vale do Jequitinhonha, em Minas Gerais, pode ter motivado o inc\u00eandio que devastou os 2.500 hectares, na opini\u00e3o do chefe do Departamento Municipal do Meio Ambiente de Coronel Murta, Vital Moutinho, j\u00e1 que o terreno devastado fica pr\u00f3ximo a uma planta\u00e7\u00e3o da \u00e1rvore.<\/p>\n<p>\u201cO desmatamento na regi\u00e3o tem se agravado bastante com essa nova cultura. Imaginamos que tenham incendiado o terreno para plantar eucaliptos depois\u201d, avaliou Moutinho.<\/p>\n<p>Por\u00e9m, segundo a Secretaria de Estado de Meio Ambiente e Desenvolvimento Sustent\u00e1vel de Minas Gerais (Semad), uma \u00e1rea de mata que tenha sido queimada n\u00e3o pode abrigar uma planta\u00e7\u00e3o. \u201c\u00c1reas degradadas devem ser recuperadas e n\u00e3o podem ser utilizadas para outras atividades\u201d, afirmou a Semad, por meio de nota.<\/p>\n<p><img decoding=\"async\" src=\"http:\/\/aconteceunovale.com.br\/portal\/wp-content\/uploads\/2016\/11\/incendio_jequi_2.jpg\" alt=\"\" \/><em>Cerca de 2500 hectares foram consumidos pelas chamas (Foto: Divulga\u00e7\u00e3o)<\/em><br \/>\n<\/br><\/p>\n<p><em>(Fonte: O Tempo Online)<\/em><\/p>\n","protected":false},"excerpt":{"rendered":"<p>Um inc\u00eandio florestal \u2013 considerado um dos piores desastres ambientais da hist\u00f3ria do Vale do Jequitinhonha \u2013 pode ter sido criminoso e, mesmo assim, corre o risco de ficar sem esclarecimentos. O fogo consumiu cerca de 2.500 hectares (o equivalente a 2.500 campos de futebol) de vegeta\u00e7\u00e3o de Mata Atl\u00e2ntica e Cerrado em uma fazenda [&hellip;]<\/p>\n","protected":false},"author":1,"featured_media":100830,"comment_status":"open","ping_status":"closed","sticky":false,"template":"","format":"standard","meta":{"amp_status":"","footnotes":""},"categories":[120],"tags":[128215,128216,128218,128217,483,128214,128212,128211,123827,96591,123828,189,123829,54230,164,128210,128209,128213],"class_list":["post-103106","post","type-post","status-publish","format-standard","has-post-thumbnail","hentry","category-jequi","tag-amda","tag-associacao-mineira-de-defesa-do-ambiente","tag-autoridades-ainda-nao-investigarao-um-dos-piores-desastres-ambientais-da-historia-do-vale-do-jequitinhonha","tag-autoridades-deixam-de-lado-um-dos-piores-desastres-ambientais-da-historia-do-vale-do-jequitinhonha","tag-coronel-murta","tag-dalce-ricas","tag-departamento-municipal-do-meio-ambiente-de-coronel-murta","tag-desastres-ambientais-da-historia-do-vale-do-jequitinhonha","tag-incendio-consome-cerca-de-2-600-hectares-de-mata-no-vale-do-jequitinhonha","tag-incendio-em-coronel-murta","tag-incendio-na-divisa-entre-coronel-murta-e-itinga","tag-itinga","tag-joaquim-roberto-de-sa","tag-policia-civil-de-aracuai","tag-teofilo-otoni","tag-um-dos-piores-desastres-ambientais-da-historia-do-vale-do-jequitinhonha","tag-um-dos-piores-desastres-ambientais-da-historia-do-vale-do-jequitinhonha-fica-sem-solucao","tag-vital-moutinho"],"_links":{"self":[{"href":"https:\/\/aconteceunovale.com.br\/portal\/index.php?rest_route=\/wp\/v2\/posts\/103106","targetHints":{"allow":["GET"]}}],"collection":[{"href":"https:\/\/aconteceunovale.com.br\/portal\/index.php?rest_route=\/wp\/v2\/posts"}],"about":[{"href":"https:\/\/aconteceunovale.com.br\/portal\/index.php?rest_route=\/wp\/v2\/types\/post"}],"author":[{"embeddable":true,"href":"https:\/\/aconteceunovale.com.br\/portal\/index.php?rest_route=\/wp\/v2\/users\/1"}],"replies":[{"embeddable":true,"href":"https:\/\/aconteceunovale.com.br\/portal\/index.php?rest_route=%2Fwp%2Fv2%2Fcomments&post=103106"}],"version-history":[{"count":0,"href":"https:\/\/aconteceunovale.com.br\/portal\/index.php?rest_route=\/wp\/v2\/posts\/103106\/revisions"}],"wp:featuredmedia":[{"embeddable":true,"href":"https:\/\/aconteceunovale.com.br\/portal\/index.php?rest_route=\/wp\/v2\/media\/100830"}],"wp:attachment":[{"href":"https:\/\/aconteceunovale.com.br\/portal\/index.php?rest_route=%2Fwp%2Fv2%2Fmedia&parent=103106"}],"wp:term":[{"taxonomy":"category","embeddable":true,"href":"https:\/\/aconteceunovale.com.br\/portal\/index.php?rest_route=%2Fwp%2Fv2%2Fcategories&post=103106"},{"taxonomy":"post_tag","embeddable":true,"href":"https:\/\/aconteceunovale.com.br\/portal\/index.php?rest_route=%2Fwp%2Fv2%2Ftags&post=103106"}],"curies":[{"name":"wp","href":"https:\/\/api.w.org\/{rel}","templated":true}]}}