{"id":103100,"date":"2016-11-30T08:40:52","date_gmt":"2016-11-30T10:40:52","guid":{"rendered":"http:\/\/aconteceunovale.com.br\/portal\/?p=103100"},"modified":"2016-11-30T08:40:52","modified_gmt":"2016-11-30T10:40:52","slug":"reservas-em-hoteis-de-fatima-ja-estao-esgotadas-para-centenario-da-aparicao","status":"publish","type":"post","link":"https:\/\/aconteceunovale.com.br\/portal\/?p=103100","title":{"rendered":"Reservas em hot\u00e9is de F\u00e1tima j\u00e1 est\u00e3o esgotadas para centen\u00e1rio da apari\u00e7\u00e3o"},"content":{"rendered":"<p>A rede hoteleira da cidade portuguesa de F\u00e1tima est\u00e1 com lota\u00e7\u00e3o esgotada para os dias de 12 e 13 de maio do ano que vem, quando haver\u00e1 grande comemora\u00e7\u00e3o do Centen\u00e1rio da Apari\u00e7\u00e3o de Nossa Senhora no santu\u00e1rio local. Em setembro deste ano, ap\u00f3s o papa Francisco confirmar presen\u00e7a no evento, diversas cidades pr\u00f3ximas a F\u00e1tima tamb\u00e9m tiveram suas reservas esgotadas.<\/p>\n<p>Com as reservas esgotadas nos hot\u00e9is de F\u00e1tima, muitos fi\u00e9is tiveram que procurar quartos a dezenas de quil\u00f4metros do santu\u00e1rio. Numa pesquisa feita no \u00faltimo fim de semana em um site de reservas, apenas um quarto ainda estava dispon\u00edvel em F\u00e1tima durante o centen\u00e1rio. O pre\u00e7o nesse hotel, um estabelecimento de quatro estrelas, \u00e9 1.692 euros para passar a noite das comemora\u00e7\u00f5es.<\/p>\n<p>Al\u00e9m desse hotel, o estabelecimento mais pr\u00f3ximo a F\u00e1tima com vagas dispon\u00edveis fica a 22 quil\u00f4metros (km) de dist\u00e2ncia e tamb\u00e9m tinha apenas um quarto vago. O pre\u00e7o da estadia durante o evento sai por 530 euros.<\/p>\n<p>Cidades pr\u00f3ximas ao santu\u00e1rio da Cova da Iria, onde Nossa Senhora teria sido vista, como Caba\u00e7os (a 33 km de F\u00e1tima), Marinha Grande (a 25 km), Carregueira (a 31 km) e Nazar\u00e9 (a 35 km) tamb\u00e9m j\u00e1 est\u00e3o lotadas, com pouqu\u00edssimas op\u00e7\u00f5es de alojamento, a pre\u00e7os altos.<\/p>\n<p>De acordo com informa\u00e7\u00f5es da Associa\u00e7\u00e3o Empresarial Our\u00e9m\/F\u00e1tima (Aciso), os hot\u00e9is da cidade t\u00eam sua capacidade esgotada todos os anos durante as comemora\u00e7\u00f5es da apari\u00e7\u00e3o. No ano que vem, para o centen\u00e1rio, certamente o volume de fi\u00e9is a visitar o santu\u00e1rio ser\u00e1 maior, mas os hot\u00e9is das cidades vizinhas \u00e9 que devem sentir o impacto do aumento no fluxo de peregrinos que se deslocam a p\u00e9 at\u00e9 F\u00e1tima, para passar a noite no local, em ora\u00e7\u00e3o.<\/p>\n<p><strong>Apari\u00e7\u00e3o de Nossa Senhora<\/strong><\/p>\n<p>As comemora\u00e7\u00f5es do centen\u00e1rio de F\u00e1tima remetem ao ano de 1917, quando tr\u00eas pequenos pastores \u2013 os irm\u00e3os Francisco e Jacinta e L\u00facia, prima dos dois \u2013 afirmaram ver Nossa Senhora na Cova da Iria, a 2,5 quil\u00f4metros da cidade.<\/p>\n<p>Segundo relatos da \u00e9poca, naquele ano Nossa Senhora teria aparecido v\u00e1rias vezes para as tr\u00eas crian\u00e7as, entre maio e outubro. No dia 13 de outubro, uma multid\u00e3o teria presenciado o chamado Milagre do Sol quando, repentinamente, uma chuva que ca\u00eda cessou e as roupas das pessoas secaram instantaneamente.<\/p>\n<p>A fama da cidade como ponto de peregrina\u00e7\u00e3o transformou o local em um dos destinos mais procurados de Portugal, atraindo milhares de peregrinos e visitantes todos os anos. (Ag\u00eancia Brasil)<\/p>\n","protected":false},"excerpt":{"rendered":"<p>A rede hoteleira da cidade portuguesa de F\u00e1tima est\u00e1 com lota\u00e7\u00e3o esgotada para os dias de 12 e 13 de maio do ano que vem, quando haver\u00e1 grande comemora\u00e7\u00e3o do Centen\u00e1rio da Apari\u00e7\u00e3o de Nossa Senhora no santu\u00e1rio local. Em setembro deste ano, ap\u00f3s o papa Francisco confirmar presen\u00e7a no evento, diversas cidades pr\u00f3ximas a [&hellip;]<\/p>\n","protected":false},"author":1,"featured_media":93899,"comment_status":"open","ping_status":"closed","sticky":false,"template":"","format":"standard","meta":{"amp_status":"","footnotes":""},"categories":[28848],"tags":[128202,128203,128200,128197,128198,128201,88967,128204,128205,128199,18919,128196,128195,29629],"class_list":["post-103100","post","type-post","status-publish","format-standard","has-post-thumbnail","hentry","category-mundo","tag-aparicao-de-nossa-semhora","tag-centenario","tag-centenario-da-aparicao-de-nossa-senhora-de-fatima","tag-centenario-da-aparicao-de-nossa-senhora-em-fatima","tag-centenario-nossa-senhora-de-fatima","tag-comemoracoes-do-centenario-de-fatima","tag-fatima","tag-hoteis","tag-milagre-do-sol","tag-nossa-senhora-em-fatima","tag-portugal","tag-reservas-em-hoteis-de-fatima","tag-reservas-em-hoteis-de-fatima-ja-estao-esgotadas-para-centenario-da-aparicao","tag-vagas"],"_links":{"self":[{"href":"https:\/\/aconteceunovale.com.br\/portal\/index.php?rest_route=\/wp\/v2\/posts\/103100","targetHints":{"allow":["GET"]}}],"collection":[{"href":"https:\/\/aconteceunovale.com.br\/portal\/index.php?rest_route=\/wp\/v2\/posts"}],"about":[{"href":"https:\/\/aconteceunovale.com.br\/portal\/index.php?rest_route=\/wp\/v2\/types\/post"}],"author":[{"embeddable":true,"href":"https:\/\/aconteceunovale.com.br\/portal\/index.php?rest_route=\/wp\/v2\/users\/1"}],"replies":[{"embeddable":true,"href":"https:\/\/aconteceunovale.com.br\/portal\/index.php?rest_route=%2Fwp%2Fv2%2Fcomments&post=103100"}],"version-history":[{"count":0,"href":"https:\/\/aconteceunovale.com.br\/portal\/index.php?rest_route=\/wp\/v2\/posts\/103100\/revisions"}],"wp:featuredmedia":[{"embeddable":true,"href":"https:\/\/aconteceunovale.com.br\/portal\/index.php?rest_route=\/wp\/v2\/media\/93899"}],"wp:attachment":[{"href":"https:\/\/aconteceunovale.com.br\/portal\/index.php?rest_route=%2Fwp%2Fv2%2Fmedia&parent=103100"}],"wp:term":[{"taxonomy":"category","embeddable":true,"href":"https:\/\/aconteceunovale.com.br\/portal\/index.php?rest_route=%2Fwp%2Fv2%2Fcategories&post=103100"},{"taxonomy":"post_tag","embeddable":true,"href":"https:\/\/aconteceunovale.com.br\/portal\/index.php?rest_route=%2Fwp%2Fv2%2Ftags&post=103100"}],"curies":[{"name":"wp","href":"https:\/\/api.w.org\/{rel}","templated":true}]}}