{"id":103094,"date":"2016-11-30T08:36:17","date_gmt":"2016-11-30T10:36:17","guid":{"rendered":"http:\/\/aconteceunovale.com.br\/portal\/?p=103094"},"modified":"2016-11-30T08:36:17","modified_gmt":"2016-11-30T10:36:17","slug":"acidente-com-caminhao-da-aeronautica-deixa-25-feridos-no-rio-de-janeiro","status":"publish","type":"post","link":"https:\/\/aconteceunovale.com.br\/portal\/?p=103094","title":{"rendered":"Acidente com caminh\u00e3o da Aeron\u00e1utica deixa 25 feridos no Rio de Janeiro"},"content":{"rendered":"<p>Um acidente envolvendo um caminh\u00e3o da For\u00e7a A\u00e9rea Brasileira (FAB) deixou 25 feridos na manh\u00e3 de hoje (30\/11\/2016) na Avenida Brasil, na zona norte do Rio de Janeiro. De acordo com o Corpo de Bombeiros, a partir de uma an\u00e1lise r\u00e1pida dos bombeiros no local, nenhuma das v\u00edtimas est\u00e1 em estado grave.<\/p>\n<p>Tr\u00eas feridos j\u00e1 foram encaminhados para o Hospital Municipal Albert Schweitzer. O destino dos demais feridos ainda n\u00e3o foi divulgado.<\/p>\n<p>De acordo com o Centro de Opera\u00e7\u00f5es da prefeitura, o acidente ocorreu na pista seletiva da Avenida Brasil, no sentido zona oeste, na altura de Coelho Neto, zona norte da cidade, e envolveu mais dois caminh\u00f5es. Tanto a pista seletiva quanto a pista lateral est\u00e3o interditadas por causa do acidente e para a atua\u00e7\u00e3o de v\u00e1rios quart\u00e9is dos bombeiros.<\/p>\n<p><img decoding=\"async\" src=\"http:\/\/aconteceunovale.com.br\/portal\/wp-content\/uploads\/2016\/11\/acidente_combio_fab_1.jpg\" alt=\"\" \/><em>Acidente aconteceu na Avenida Brasil (Foto: Reprodu\u00e7\u00e3o\/TV Globo)<\/em><br \/>\n<\/br><\/p>\n<p><img decoding=\"async\" src=\"http:\/\/aconteceunovale.com.br\/portal\/wp-content\/uploads\/2016\/11\/acidente_combio_fab_2.jpg\" alt=\"\" \/><em>Acidente aconteceu na Avenida Brasil (Foto: Reprodu\u00e7\u00e3o\/TV Globo)<\/em><br \/>\n<\/br><\/p>\n<p><img decoding=\"async\" src=\"http:\/\/aconteceunovale.com.br\/portal\/wp-content\/uploads\/2016\/11\/acidente_combio_fab_3.jpg\" alt=\"\" \/><em>Acidente aconteceu na Avenida Brasil (Foto: Reprodu\u00e7\u00e3o\/TV Globo)<\/em><br \/>\n<\/br><\/p>\n<p><em>(Fonte: Ag\u00eancia Brasil)<\/em><\/p>\n","protected":false},"excerpt":{"rendered":"<p>Um acidente envolvendo um caminh\u00e3o da For\u00e7a A\u00e9rea Brasileira (FAB) deixou 25 feridos na manh\u00e3 de hoje (30\/11\/2016) na Avenida Brasil, na zona norte do Rio de Janeiro. De acordo com o Corpo de Bombeiros, a partir de uma an\u00e1lise r\u00e1pida dos bombeiros no local, nenhuma das v\u00edtimas est\u00e1 em estado grave. Tr\u00eas feridos j\u00e1 [&hellip;]<\/p>\n","protected":false},"author":1,"featured_media":103096,"comment_status":"open","ping_status":"closed","sticky":false,"template":"","format":"standard","meta":{"amp_status":"","footnotes":""},"categories":[6],"tags":[694,128188,128190,128193,128192,128194,128189,128185,128184,128186,128187,29584,16695,128191,105244,19785,62935,32296,1104],"class_list":["post-103094","post","type-post","status-publish","format-standard","has-post-thumbnail","hentry","category-br","tag-acidente","tag-acidente-avenida-brasil","tag-acidente-caminhao-da-fab-na-avenida-brasil","tag-acidente-caminhao-do-batalhao-de-infantaria-da-aeronautica","tag-acidente-com-batalhao-de-infantaria-da-aeronautica","tag-acidente-com-caminhao-da-aeronautica-deixa-25-feridos-no-rio-de-janeiro","tag-acidente-comboio-da-fab-na-avenida-brasil","tag-acidente-envolvendo-um-caminhao-da-fab","tag-acidente-envolvendo-um-caminhao-da-forca-aerea-brasileira","tag-acidente-fab","tag-acidente-forca-aerea-brasileira","tag-aeronautica","tag-avenida-brasil","tag-batalhao-de-infantaria-da-aeronautica","tag-caminhao","tag-fab","tag-feridos","tag-forca-aerea-brasileira","tag-rio-de-janeiro"],"yoast_head":"<!-- This site is optimized with the Yoast SEO plugin v28.3 - https:\/\/yoast.com\/product\/yoast-seo-wordpress\/ -->\n<title>Acidente com caminh\u00e3o da Aeron\u00e1utica deixa 25 feridos no Rio de Janeiro - Aconteceu no Vale<\/title>\n<meta name=\"robots\" content=\"index, follow, max-snippet:-1, max-image-preview:large, max-video-preview:-1\" \/>\n<link rel=\"canonical\" href=\"https:\/\/aconteceunovale.com.br\/portal\/?p=103094\" \/>\n<meta property=\"og:locale\" content=\"pt_BR\" \/>\n<meta property=\"og:type\" content=\"article\" \/>\n<meta property=\"og:title\" content=\"Acidente com caminh\u00e3o da Aeron\u00e1utica deixa 25 feridos no Rio de Janeiro - Aconteceu no Vale\" \/>\n<meta property=\"og:description\" content=\"Um acidente envolvendo um caminh\u00e3o da For\u00e7a A\u00e9rea Brasileira (FAB) deixou 25 feridos na manh\u00e3 de hoje (30\/11\/2016) na Avenida Brasil, na zona norte do Rio de Janeiro. De acordo com o Corpo de Bombeiros, a partir de uma an\u00e1lise r\u00e1pida dos bombeiros no local, nenhuma das v\u00edtimas est\u00e1 em estado grave. Tr\u00eas feridos j\u00e1 [&hellip;]\" \/>\n<meta property=\"og:url\" content=\"https:\/\/aconteceunovale.com.br\/portal\/?p=103094\" \/>\n<meta property=\"og:site_name\" content=\"Aconteceu no Vale\" \/>\n<meta property=\"article:publisher\" content=\"https:\/\/www.facebook.com\/aconteceunovale\/\" \/>\n<meta property=\"article:published_time\" content=\"2016-11-30T10:36:17+00:00\" \/>\n<meta property=\"og:image\" content=\"https:\/\/aconteceunovale.com.br\/portal\/wp-content\/uploads\/2016\/11\/acidente_combio_fab_2.jpg\" \/>\n\t<meta property=\"og:image:width\" content=\"678\" \/>\n\t<meta property=\"og:image:height\" content=\"317\" \/>\n\t<meta property=\"og:image:type\" content=\"image\/jpeg\" \/>\n<meta name=\"author\" content=\"Aconteceu no Vale\" \/>\n<meta name=\"twitter:card\" content=\"summary_large_image\" \/>\n<meta name=\"twitter:creator\" content=\"@noticiadosvales\" \/>\n<meta name=\"twitter:site\" content=\"@noticiadosvales\" \/>\n<meta name=\"twitter:label1\" content=\"Escrito por\" \/>\n\t<meta name=\"twitter:data1\" content=\"Aconteceu no Vale\" \/>\n\t<meta name=\"twitter:label2\" content=\"Est. tempo de leitura\" \/>\n\t<meta name=\"twitter:data2\" content=\"1 minuto\" \/>\n<script type=\"application\/ld+json\" class=\"yoast-schema-graph\">{\"@context\":\"https:\\\/\\\/schema.org\",\"@graph\":[{\"@type\":\"Article\",\"@id\":\"https:\\\/\\\/aconteceunovale.com.br\\\/portal\\\/?p=103094#article\",\"isPartOf\":{\"@id\":\"https:\\\/\\\/aconteceunovale.com.br\\\/portal\\\/?p=103094\"},\"author\":{\"name\":\"Aconteceu no Vale\",\"@id\":\"https:\\\/\\\/aconteceunovale.com.br\\\/portal\\\/#\\\/schema\\\/person\\\/633529146f2c94272bef50ac2953d589\"},\"headline\":\"Acidente com caminh\u00e3o da Aeron\u00e1utica deixa 25 feridos no Rio de Janeiro\",\"datePublished\":\"2016-11-30T10:36:17+00:00\",\"mainEntityOfPage\":{\"@id\":\"https:\\\/\\\/aconteceunovale.com.br\\\/portal\\\/?p=103094\"},\"wordCount\":190,\"commentCount\":0,\"image\":{\"@id\":\"https:\\\/\\\/aconteceunovale.com.br\\\/portal\\\/?p=103094#primaryimage\"},\"thumbnailUrl\":\"https:\\\/\\\/aconteceunovale.com.br\\\/portal\\\/wp-content\\\/uploads\\\/2016\\\/11\\\/acidente_combio_fab_2.jpg\",\"keywords\":[\"Acidente\",\"Acidente Avenida Brasil\",\"Acidente caminh\u00e3o da FAB na Avenida Brasil\",\"Acidente caminh\u00e3o do Batalh\u00e3o de Infantaria da Aeron\u00e1utica\",\"Acidente com Batalh\u00e3o de Infantaria da Aeron\u00e1utica\",\"Acidente com caminh\u00e3o da Aeron\u00e1utica deixa 25 feridos no Rio de Janeiro\",\"Acidente comboio da FAB na Avenida Brasil\",\"acidente envolvendo um caminh\u00e3o da FAB\",\"acidente envolvendo um caminh\u00e3o da For\u00e7a A\u00e9rea Brasileira\",\"Acidente FAB\",\"Acidente For\u00e7a A\u00e9rea Brasileira\",\"Aeron\u00e1utica\",\"Avenida Brasil\",\"Batalh\u00e3o de Infantaria da Aeron\u00e1utica\",\"caminh\u00e3o\",\"FAB\",\"feridos\",\"For\u00e7a A\u00e9rea Brasileira\",\"Rio de Janeiro\"],\"articleSection\":[\"Brasil\"],\"inLanguage\":\"pt-BR\",\"potentialAction\":[{\"@type\":\"CommentAction\",\"name\":\"Comment\",\"target\":[\"https:\\\/\\\/aconteceunovale.com.br\\\/portal\\\/?p=103094#respond\"]}]},{\"@type\":\"WebPage\",\"@id\":\"https:\\\/\\\/aconteceunovale.com.br\\\/portal\\\/?p=103094\",\"url\":\"https:\\\/\\\/aconteceunovale.com.br\\\/portal\\\/?p=103094\",\"name\":\"Acidente com caminh\u00e3o da Aeron\u00e1utica deixa 25 feridos no Rio de Janeiro - Aconteceu no Vale\",\"isPartOf\":{\"@id\":\"https:\\\/\\\/aconteceunovale.com.br\\\/portal\\\/#website\"},\"primaryImageOfPage\":{\"@id\":\"https:\\\/\\\/aconteceunovale.com.br\\\/portal\\\/?p=103094#primaryimage\"},\"image\":{\"@id\":\"https:\\\/\\\/aconteceunovale.com.br\\\/portal\\\/?p=103094#primaryimage\"},\"thumbnailUrl\":\"https:\\\/\\\/aconteceunovale.com.br\\\/portal\\\/wp-content\\\/uploads\\\/2016\\\/11\\\/acidente_combio_fab_2.jpg\",\"datePublished\":\"2016-11-30T10:36:17+00:00\",\"author\":{\"@id\":\"https:\\\/\\\/aconteceunovale.com.br\\\/portal\\\/#\\\/schema\\\/person\\\/633529146f2c94272bef50ac2953d589\"},\"breadcrumb\":{\"@id\":\"https:\\\/\\\/aconteceunovale.com.br\\\/portal\\\/?p=103094#breadcrumb\"},\"inLanguage\":\"pt-BR\",\"potentialAction\":[{\"@type\":\"ReadAction\",\"target\":[\"https:\\\/\\\/aconteceunovale.com.br\\\/portal\\\/?p=103094\"]}]},{\"@type\":\"ImageObject\",\"inLanguage\":\"pt-BR\",\"@id\":\"https:\\\/\\\/aconteceunovale.com.br\\\/portal\\\/?p=103094#primaryimage\",\"url\":\"https:\\\/\\\/aconteceunovale.com.br\\\/portal\\\/wp-content\\\/uploads\\\/2016\\\/11\\\/acidente_combio_fab_2.jpg\",\"contentUrl\":\"https:\\\/\\\/aconteceunovale.com.br\\\/portal\\\/wp-content\\\/uploads\\\/2016\\\/11\\\/acidente_combio_fab_2.jpg\",\"width\":678,\"height\":317},{\"@type\":\"BreadcrumbList\",\"@id\":\"https:\\\/\\\/aconteceunovale.com.br\\\/portal\\\/?p=103094#breadcrumb\",\"itemListElement\":[{\"@type\":\"ListItem\",\"position\":1,\"name\":\"In\u00edcio\",\"item\":\"https:\\\/\\\/aconteceunovale.com.br\\\/portal\\\/\"},{\"@type\":\"ListItem\",\"position\":2,\"name\":\"Acidente com caminh\u00e3o da Aeron\u00e1utica deixa 25 feridos no Rio de Janeiro\"}]},{\"@type\":\"WebSite\",\"@id\":\"https:\\\/\\\/aconteceunovale.com.br\\\/portal\\\/#website\",\"url\":\"https:\\\/\\\/aconteceunovale.com.br\\\/portal\\\/\",\"name\":\"Aconteceu no Vale\",\"description\":\"Portal de Not\u00edcias\",\"potentialAction\":[{\"@type\":\"SearchAction\",\"target\":{\"@type\":\"EntryPoint\",\"urlTemplate\":\"https:\\\/\\\/aconteceunovale.com.br\\\/portal\\\/?s={search_term_string}\"},\"query-input\":{\"@type\":\"PropertyValueSpecification\",\"valueRequired\":true,\"valueName\":\"search_term_string\"}}],\"inLanguage\":\"pt-BR\"},{\"@type\":\"Person\",\"@id\":\"https:\\\/\\\/aconteceunovale.com.br\\\/portal\\\/#\\\/schema\\\/person\\\/633529146f2c94272bef50ac2953d589\",\"name\":\"Aconteceu no Vale\",\"description\":\"Equipe de reportagem do Aconteceu no Vale, portal de not\u00edcias do Vale do Jequitinhonha, em Minas Gerais. Cobrimos as 51 cidades do Vale desde 2013. Sugest\u00f5es de pauta e pedidos de corre\u00e7\u00e3o: contato@aconteceunovale.com.br\",\"sameAs\":[\"http:\\\/\\\/www.aconteceunovale.com.br\"],\"url\":\"https:\\\/\\\/aconteceunovale.com.br\\\/portal\\\/?author=1\"}]}<\/script>\n<!-- \/ Yoast SEO plugin. -->","yoast_head_json":{"title":"Acidente com caminh\u00e3o da Aeron\u00e1utica deixa 25 feridos no Rio de Janeiro - Aconteceu no Vale","robots":{"index":"index","follow":"follow","max-snippet":"max-snippet:-1","max-image-preview":"max-image-preview:large","max-video-preview":"max-video-preview:-1"},"canonical":"https:\/\/aconteceunovale.com.br\/portal\/?p=103094","og_locale":"pt_BR","og_type":"article","og_title":"Acidente com caminh\u00e3o da Aeron\u00e1utica deixa 25 feridos no Rio de Janeiro - Aconteceu no Vale","og_description":"Um acidente envolvendo um caminh\u00e3o da For\u00e7a A\u00e9rea Brasileira (FAB) deixou 25 feridos na manh\u00e3 de hoje (30\/11\/2016) na Avenida Brasil, na zona norte do Rio de Janeiro. De acordo com o Corpo de Bombeiros, a partir de uma an\u00e1lise r\u00e1pida dos bombeiros no local, nenhuma das v\u00edtimas est\u00e1 em estado grave. Tr\u00eas feridos j\u00e1 [&hellip;]","og_url":"https:\/\/aconteceunovale.com.br\/portal\/?p=103094","og_site_name":"Aconteceu no Vale","article_publisher":"https:\/\/www.facebook.com\/aconteceunovale\/","article_published_time":"2016-11-30T10:36:17+00:00","og_image":[{"width":678,"height":317,"url":"https:\/\/aconteceunovale.com.br\/portal\/wp-content\/uploads\/2016\/11\/acidente_combio_fab_2.jpg","type":"image\/jpeg"}],"author":"Aconteceu no Vale","twitter_card":"summary_large_image","twitter_creator":"@noticiadosvales","twitter_site":"@noticiadosvales","twitter_misc":{"Escrito por":"Aconteceu no Vale","Est. tempo de leitura":"1 minuto"},"schema":{"@context":"https:\/\/schema.org","@graph":[{"@type":"Article","@id":"https:\/\/aconteceunovale.com.br\/portal\/?p=103094#article","isPartOf":{"@id":"https:\/\/aconteceunovale.com.br\/portal\/?p=103094"},"author":{"name":"Aconteceu no Vale","@id":"https:\/\/aconteceunovale.com.br\/portal\/#\/schema\/person\/633529146f2c94272bef50ac2953d589"},"headline":"Acidente com caminh\u00e3o da Aeron\u00e1utica deixa 25 feridos no Rio de Janeiro","datePublished":"2016-11-30T10:36:17+00:00","mainEntityOfPage":{"@id":"https:\/\/aconteceunovale.com.br\/portal\/?p=103094"},"wordCount":190,"commentCount":0,"image":{"@id":"https:\/\/aconteceunovale.com.br\/portal\/?p=103094#primaryimage"},"thumbnailUrl":"https:\/\/aconteceunovale.com.br\/portal\/wp-content\/uploads\/2016\/11\/acidente_combio_fab_2.jpg","keywords":["Acidente","Acidente Avenida Brasil","Acidente caminh\u00e3o da FAB na Avenida Brasil","Acidente caminh\u00e3o do Batalh\u00e3o de Infantaria da Aeron\u00e1utica","Acidente com Batalh\u00e3o de Infantaria da Aeron\u00e1utica","Acidente com caminh\u00e3o da Aeron\u00e1utica deixa 25 feridos no Rio de Janeiro","Acidente comboio da FAB na Avenida Brasil","acidente envolvendo um caminh\u00e3o da FAB","acidente envolvendo um caminh\u00e3o da For\u00e7a A\u00e9rea Brasileira","Acidente FAB","Acidente For\u00e7a A\u00e9rea Brasileira","Aeron\u00e1utica","Avenida Brasil","Batalh\u00e3o de Infantaria da Aeron\u00e1utica","caminh\u00e3o","FAB","feridos","For\u00e7a A\u00e9rea Brasileira","Rio de Janeiro"],"articleSection":["Brasil"],"inLanguage":"pt-BR","potentialAction":[{"@type":"CommentAction","name":"Comment","target":["https:\/\/aconteceunovale.com.br\/portal\/?p=103094#respond"]}]},{"@type":"WebPage","@id":"https:\/\/aconteceunovale.com.br\/portal\/?p=103094","url":"https:\/\/aconteceunovale.com.br\/portal\/?p=103094","name":"Acidente com caminh\u00e3o da Aeron\u00e1utica deixa 25 feridos no Rio de Janeiro - Aconteceu no Vale","isPartOf":{"@id":"https:\/\/aconteceunovale.com.br\/portal\/#website"},"primaryImageOfPage":{"@id":"https:\/\/aconteceunovale.com.br\/portal\/?p=103094#primaryimage"},"image":{"@id":"https:\/\/aconteceunovale.com.br\/portal\/?p=103094#primaryimage"},"thumbnailUrl":"https:\/\/aconteceunovale.com.br\/portal\/wp-content\/uploads\/2016\/11\/acidente_combio_fab_2.jpg","datePublished":"2016-11-30T10:36:17+00:00","author":{"@id":"https:\/\/aconteceunovale.com.br\/portal\/#\/schema\/person\/633529146f2c94272bef50ac2953d589"},"breadcrumb":{"@id":"https:\/\/aconteceunovale.com.br\/portal\/?p=103094#breadcrumb"},"inLanguage":"pt-BR","potentialAction":[{"@type":"ReadAction","target":["https:\/\/aconteceunovale.com.br\/portal\/?p=103094"]}]},{"@type":"ImageObject","inLanguage":"pt-BR","@id":"https:\/\/aconteceunovale.com.br\/portal\/?p=103094#primaryimage","url":"https:\/\/aconteceunovale.com.br\/portal\/wp-content\/uploads\/2016\/11\/acidente_combio_fab_2.jpg","contentUrl":"https:\/\/aconteceunovale.com.br\/portal\/wp-content\/uploads\/2016\/11\/acidente_combio_fab_2.jpg","width":678,"height":317},{"@type":"BreadcrumbList","@id":"https:\/\/aconteceunovale.com.br\/portal\/?p=103094#breadcrumb","itemListElement":[{"@type":"ListItem","position":1,"name":"In\u00edcio","item":"https:\/\/aconteceunovale.com.br\/portal\/"},{"@type":"ListItem","position":2,"name":"Acidente com caminh\u00e3o da Aeron\u00e1utica deixa 25 feridos no Rio de Janeiro"}]},{"@type":"WebSite","@id":"https:\/\/aconteceunovale.com.br\/portal\/#website","url":"https:\/\/aconteceunovale.com.br\/portal\/","name":"Aconteceu no Vale","description":"Portal de Not\u00edcias","potentialAction":[{"@type":"SearchAction","target":{"@type":"EntryPoint","urlTemplate":"https:\/\/aconteceunovale.com.br\/portal\/?s={search_term_string}"},"query-input":{"@type":"PropertyValueSpecification","valueRequired":true,"valueName":"search_term_string"}}],"inLanguage":"pt-BR"},{"@type":"Person","@id":"https:\/\/aconteceunovale.com.br\/portal\/#\/schema\/person\/633529146f2c94272bef50ac2953d589","name":"Aconteceu no Vale","description":"Equipe de reportagem do Aconteceu no Vale, portal de not\u00edcias do Vale do Jequitinhonha, em Minas Gerais. Cobrimos as 51 cidades do Vale desde 2013. Sugest\u00f5es de pauta e pedidos de corre\u00e7\u00e3o: contato@aconteceunovale.com.br","sameAs":["http:\/\/www.aconteceunovale.com.br"],"url":"https:\/\/aconteceunovale.com.br\/portal\/?author=1"}]}},"_links":{"self":[{"href":"https:\/\/aconteceunovale.com.br\/portal\/index.php?rest_route=\/wp\/v2\/posts\/103094","targetHints":{"allow":["GET"]}}],"collection":[{"href":"https:\/\/aconteceunovale.com.br\/portal\/index.php?rest_route=\/wp\/v2\/posts"}],"about":[{"href":"https:\/\/aconteceunovale.com.br\/portal\/index.php?rest_route=\/wp\/v2\/types\/post"}],"author":[{"embeddable":true,"href":"https:\/\/aconteceunovale.com.br\/portal\/index.php?rest_route=\/wp\/v2\/users\/1"}],"replies":[{"embeddable":true,"href":"https:\/\/aconteceunovale.com.br\/portal\/index.php?rest_route=%2Fwp%2Fv2%2Fcomments&post=103094"}],"version-history":[{"count":0,"href":"https:\/\/aconteceunovale.com.br\/portal\/index.php?rest_route=\/wp\/v2\/posts\/103094\/revisions"}],"wp:featuredmedia":[{"embeddable":true,"href":"https:\/\/aconteceunovale.com.br\/portal\/index.php?rest_route=\/wp\/v2\/media\/103096"}],"wp:attachment":[{"href":"https:\/\/aconteceunovale.com.br\/portal\/index.php?rest_route=%2Fwp%2Fv2%2Fmedia&parent=103094"}],"wp:term":[{"taxonomy":"category","embeddable":true,"href":"https:\/\/aconteceunovale.com.br\/portal\/index.php?rest_route=%2Fwp%2Fv2%2Fcategories&post=103094"},{"taxonomy":"post_tag","embeddable":true,"href":"https:\/\/aconteceunovale.com.br\/portal\/index.php?rest_route=%2Fwp%2Fv2%2Ftags&post=103094"}],"curies":[{"name":"wp","href":"https:\/\/api.w.org\/{rel}","templated":true}]}}