{"id":103092,"date":"2016-11-30T08:29:38","date_gmt":"2016-11-30T10:29:38","guid":{"rendered":"http:\/\/aconteceunovale.com.br\/portal\/?p=103092"},"modified":"2016-11-30T08:29:38","modified_gmt":"2016-11-30T10:29:38","slug":"senado-aprova-pec-do-teto-de-gastos-em-primeiro-turno","status":"publish","type":"post","link":"https:\/\/aconteceunovale.com.br\/portal\/?p=103092","title":{"rendered":"Senado aprova PEC do Teto de Gastos em primeiro turno"},"content":{"rendered":"<p>Os senadores rejeitaram todas as emendas ao texto da Proposta de Emenda \u00e0 Constitui\u00e7\u00e3o do Teto de Gastos. Com isso, foi mantido o texto aprovado na C\u00e2mara no primeiro turno de vota\u00e7\u00e3o no Senado.<\/p>\n<p>Foram apresentados tr\u00eas destaques para vota\u00e7\u00e3o em separado. Um deles propunha retirar a sa\u00fade e a educa\u00e7\u00e3o do teto de gastos. Assim, o limite de gastos para os pr\u00f3ximos 20 anos valeria para todas as outras \u00e1reas, exceto para essas duas.<\/p>\n<p>O segundo destaque previa que, ap\u00f3s aprovada, a PEC deveria passar por referendo. Os senadores de oposi\u00e7\u00e3o queriam que a popula\u00e7\u00e3o pudesse opinar se concorda com a proposta de impor o limite de gastos p\u00fablicos equivalente ao valor do ano anterior corrigido pela infla\u00e7\u00e3o.<\/p>\n<p>O \u00faltimo destaque propunha que os juros da d\u00edvida p\u00fablica tamb\u00e9m estivessem inclu\u00eddos no teto, de modo que o gasto do governo com isso tamb\u00e9m tivesse que obedecer ao limite. Os tr\u00eas destaques foram rejeitados.<\/p>\n<p>Com isso, os senadores conclu\u00edram a vota\u00e7\u00e3o da PEC em primeiro turno. Ela passar\u00e1 agora por tr\u00eas sess\u00f5es de discuss\u00e3o em segundo turno e tem a pr\u00f3xima vota\u00e7\u00e3o marcada para o dia 13 de dezembro. Se for aprovada sem altera\u00e7\u00f5es, a PEC ser\u00e1 promulgada no dia 15 de dezembro. (Ag\u00eancia Brasil)<\/p>\n","protected":false},"excerpt":{"rendered":"<p>Os senadores rejeitaram todas as emendas ao texto da Proposta de Emenda \u00e0 Constitui\u00e7\u00e3o do Teto de Gastos. Com isso, foi mantido o texto aprovado na C\u00e2mara no primeiro turno de vota\u00e7\u00e3o no Senado. Foram apresentados tr\u00eas destaques para vota\u00e7\u00e3o em separado. Um deles propunha retirar a sa\u00fade e a educa\u00e7\u00e3o do teto de gastos. [&hellip;]<\/p>\n","protected":false},"author":1,"featured_media":48654,"comment_status":"open","ping_status":"closed","sticky":false,"template":"","format":"standard","meta":{"amp_status":"","footnotes":""},"categories":[6,40240],"tags":[128179,128180,128182,96130,124244,128181,121967,21938,128183],"class_list":["post-103092","post","type-post","status-publish","format-standard","has-post-thumbnail","hentry","category-br","category-politica","tag-aprovacao-da-pec-55","tag-aprovacao-da-pec-55-em-primeiro-turno","tag-aprovacao-da-pec-55-no-senado","tag-gastos-publicos","tag-pec-55","tag-pec-55-no-senado","tag-pec-do-teto-dos-gastos-publicos","tag-senado","tag-senado-aprova-pec-do-teto-de-gastos-em-primeiro-turno"],"yoast_head":"<!-- This site is optimized with the Yoast SEO plugin v28.3 - https:\/\/yoast.com\/product\/yoast-seo-wordpress\/ -->\n<title>Senado aprova PEC do Teto de Gastos em primeiro turno - Aconteceu no Vale<\/title>\n<meta name=\"robots\" content=\"index, follow, max-snippet:-1, max-image-preview:large, max-video-preview:-1\" \/>\n<link rel=\"canonical\" href=\"https:\/\/aconteceunovale.com.br\/portal\/?p=103092\" \/>\n<meta property=\"og:locale\" content=\"pt_BR\" \/>\n<meta property=\"og:type\" content=\"article\" \/>\n<meta property=\"og:title\" content=\"Senado aprova PEC do Teto de Gastos em primeiro turno - Aconteceu no Vale\" \/>\n<meta property=\"og:description\" content=\"Os senadores rejeitaram todas as emendas ao texto da Proposta de Emenda \u00e0 Constitui\u00e7\u00e3o do Teto de Gastos. Com isso, foi mantido o texto aprovado na C\u00e2mara no primeiro turno de vota\u00e7\u00e3o no Senado. Foram apresentados tr\u00eas destaques para vota\u00e7\u00e3o em separado. Um deles propunha retirar a sa\u00fade e a educa\u00e7\u00e3o do teto de gastos. [&hellip;]\" \/>\n<meta property=\"og:url\" content=\"https:\/\/aconteceunovale.com.br\/portal\/?p=103092\" \/>\n<meta property=\"og:site_name\" content=\"Aconteceu no Vale\" \/>\n<meta property=\"article:publisher\" content=\"https:\/\/www.facebook.com\/aconteceunovale\/\" \/>\n<meta property=\"article:published_time\" content=\"2016-11-30T10:29:38+00:00\" \/>\n<meta property=\"og:image\" content=\"https:\/\/aconteceunovale.com.br\/portal\/wp-content\/uploads\/2014\/12\/congresso_nacional.jpg\" \/>\n\t<meta property=\"og:image:width\" content=\"678\" \/>\n\t<meta property=\"og:image:height\" content=\"384\" \/>\n\t<meta property=\"og:image:type\" content=\"image\/jpeg\" \/>\n<meta name=\"author\" content=\"Aconteceu no Vale\" \/>\n<meta name=\"twitter:card\" content=\"summary_large_image\" \/>\n<meta name=\"twitter:creator\" content=\"@noticiadosvales\" \/>\n<meta name=\"twitter:site\" content=\"@noticiadosvales\" \/>\n<meta name=\"twitter:label1\" content=\"Escrito por\" \/>\n\t<meta name=\"twitter:data1\" content=\"Aconteceu no Vale\" \/>\n\t<meta name=\"twitter:label2\" content=\"Est. tempo de leitura\" \/>\n\t<meta name=\"twitter:data2\" content=\"1 minuto\" \/>\n<script type=\"application\/ld+json\" class=\"yoast-schema-graph\">{\"@context\":\"https:\\\/\\\/schema.org\",\"@graph\":[{\"@type\":\"Article\",\"@id\":\"https:\\\/\\\/aconteceunovale.com.br\\\/portal\\\/?p=103092#article\",\"isPartOf\":{\"@id\":\"https:\\\/\\\/aconteceunovale.com.br\\\/portal\\\/?p=103092\"},\"author\":{\"name\":\"Aconteceu no Vale\",\"@id\":\"https:\\\/\\\/aconteceunovale.com.br\\\/portal\\\/#\\\/schema\\\/person\\\/633529146f2c94272bef50ac2953d589\"},\"headline\":\"Senado aprova PEC do Teto de Gastos em primeiro turno\",\"datePublished\":\"2016-11-30T10:29:38+00:00\",\"mainEntityOfPage\":{\"@id\":\"https:\\\/\\\/aconteceunovale.com.br\\\/portal\\\/?p=103092\"},\"wordCount\":239,\"commentCount\":0,\"image\":{\"@id\":\"https:\\\/\\\/aconteceunovale.com.br\\\/portal\\\/?p=103092#primaryimage\"},\"thumbnailUrl\":\"https:\\\/\\\/aconteceunovale.com.br\\\/portal\\\/wp-content\\\/uploads\\\/2014\\\/12\\\/congresso_nacional.jpg\",\"keywords\":[\"Aprova\u00e7\u00e3o da PEC 55\",\"Aprova\u00e7\u00e3o da PEC 55 em primeiro turno\",\"Aprova\u00e7\u00e3o da PEC 55 no Senado\",\"gastos p\u00fablicos\",\"PEC 55\",\"PEC 55 no Senado\",\"PEC do teto dos gastos p\u00fablicos\",\"Senado\",\"Senado aprova PEC do Teto de Gastos em primeiro turno\"],\"articleSection\":[\"Brasil\",\"Pol\u00edtica\"],\"inLanguage\":\"pt-BR\",\"potentialAction\":[{\"@type\":\"CommentAction\",\"name\":\"Comment\",\"target\":[\"https:\\\/\\\/aconteceunovale.com.br\\\/portal\\\/?p=103092#respond\"]}]},{\"@type\":\"WebPage\",\"@id\":\"https:\\\/\\\/aconteceunovale.com.br\\\/portal\\\/?p=103092\",\"url\":\"https:\\\/\\\/aconteceunovale.com.br\\\/portal\\\/?p=103092\",\"name\":\"Senado aprova PEC do Teto de Gastos em primeiro turno - Aconteceu no Vale\",\"isPartOf\":{\"@id\":\"https:\\\/\\\/aconteceunovale.com.br\\\/portal\\\/#website\"},\"primaryImageOfPage\":{\"@id\":\"https:\\\/\\\/aconteceunovale.com.br\\\/portal\\\/?p=103092#primaryimage\"},\"image\":{\"@id\":\"https:\\\/\\\/aconteceunovale.com.br\\\/portal\\\/?p=103092#primaryimage\"},\"thumbnailUrl\":\"https:\\\/\\\/aconteceunovale.com.br\\\/portal\\\/wp-content\\\/uploads\\\/2014\\\/12\\\/congresso_nacional.jpg\",\"datePublished\":\"2016-11-30T10:29:38+00:00\",\"author\":{\"@id\":\"https:\\\/\\\/aconteceunovale.com.br\\\/portal\\\/#\\\/schema\\\/person\\\/633529146f2c94272bef50ac2953d589\"},\"breadcrumb\":{\"@id\":\"https:\\\/\\\/aconteceunovale.com.br\\\/portal\\\/?p=103092#breadcrumb\"},\"inLanguage\":\"pt-BR\",\"potentialAction\":[{\"@type\":\"ReadAction\",\"target\":[\"https:\\\/\\\/aconteceunovale.com.br\\\/portal\\\/?p=103092\"]}]},{\"@type\":\"ImageObject\",\"inLanguage\":\"pt-BR\",\"@id\":\"https:\\\/\\\/aconteceunovale.com.br\\\/portal\\\/?p=103092#primaryimage\",\"url\":\"https:\\\/\\\/aconteceunovale.com.br\\\/portal\\\/wp-content\\\/uploads\\\/2014\\\/12\\\/congresso_nacional.jpg\",\"contentUrl\":\"https:\\\/\\\/aconteceunovale.com.br\\\/portal\\\/wp-content\\\/uploads\\\/2014\\\/12\\\/congresso_nacional.jpg\",\"width\":678,\"height\":384},{\"@type\":\"BreadcrumbList\",\"@id\":\"https:\\\/\\\/aconteceunovale.com.br\\\/portal\\\/?p=103092#breadcrumb\",\"itemListElement\":[{\"@type\":\"ListItem\",\"position\":1,\"name\":\"In\u00edcio\",\"item\":\"https:\\\/\\\/aconteceunovale.com.br\\\/portal\\\/\"},{\"@type\":\"ListItem\",\"position\":2,\"name\":\"Senado aprova PEC do Teto de Gastos em primeiro turno\"}]},{\"@type\":\"WebSite\",\"@id\":\"https:\\\/\\\/aconteceunovale.com.br\\\/portal\\\/#website\",\"url\":\"https:\\\/\\\/aconteceunovale.com.br\\\/portal\\\/\",\"name\":\"Aconteceu no Vale\",\"description\":\"Portal de Not\u00edcias\",\"potentialAction\":[{\"@type\":\"SearchAction\",\"target\":{\"@type\":\"EntryPoint\",\"urlTemplate\":\"https:\\\/\\\/aconteceunovale.com.br\\\/portal\\\/?s={search_term_string}\"},\"query-input\":{\"@type\":\"PropertyValueSpecification\",\"valueRequired\":true,\"valueName\":\"search_term_string\"}}],\"inLanguage\":\"pt-BR\"},{\"@type\":\"Person\",\"@id\":\"https:\\\/\\\/aconteceunovale.com.br\\\/portal\\\/#\\\/schema\\\/person\\\/633529146f2c94272bef50ac2953d589\",\"name\":\"Aconteceu no Vale\",\"description\":\"Equipe de reportagem do Aconteceu no Vale, portal de not\u00edcias do Vale do Jequitinhonha, em Minas Gerais. Cobrimos as 51 cidades do Vale desde 2013. Sugest\u00f5es de pauta e pedidos de corre\u00e7\u00e3o: contato@aconteceunovale.com.br\",\"sameAs\":[\"http:\\\/\\\/www.aconteceunovale.com.br\"],\"url\":\"https:\\\/\\\/aconteceunovale.com.br\\\/portal\\\/?author=1\"}]}<\/script>\n<!-- \/ Yoast SEO plugin. -->","yoast_head_json":{"title":"Senado aprova PEC do Teto de Gastos em primeiro turno - Aconteceu no Vale","robots":{"index":"index","follow":"follow","max-snippet":"max-snippet:-1","max-image-preview":"max-image-preview:large","max-video-preview":"max-video-preview:-1"},"canonical":"https:\/\/aconteceunovale.com.br\/portal\/?p=103092","og_locale":"pt_BR","og_type":"article","og_title":"Senado aprova PEC do Teto de Gastos em primeiro turno - Aconteceu no Vale","og_description":"Os senadores rejeitaram todas as emendas ao texto da Proposta de Emenda \u00e0 Constitui\u00e7\u00e3o do Teto de Gastos. Com isso, foi mantido o texto aprovado na C\u00e2mara no primeiro turno de vota\u00e7\u00e3o no Senado. Foram apresentados tr\u00eas destaques para vota\u00e7\u00e3o em separado. Um deles propunha retirar a sa\u00fade e a educa\u00e7\u00e3o do teto de gastos. [&hellip;]","og_url":"https:\/\/aconteceunovale.com.br\/portal\/?p=103092","og_site_name":"Aconteceu no Vale","article_publisher":"https:\/\/www.facebook.com\/aconteceunovale\/","article_published_time":"2016-11-30T10:29:38+00:00","og_image":[{"width":678,"height":384,"url":"https:\/\/aconteceunovale.com.br\/portal\/wp-content\/uploads\/2014\/12\/congresso_nacional.jpg","type":"image\/jpeg"}],"author":"Aconteceu no Vale","twitter_card":"summary_large_image","twitter_creator":"@noticiadosvales","twitter_site":"@noticiadosvales","twitter_misc":{"Escrito por":"Aconteceu no Vale","Est. tempo de leitura":"1 minuto"},"schema":{"@context":"https:\/\/schema.org","@graph":[{"@type":"Article","@id":"https:\/\/aconteceunovale.com.br\/portal\/?p=103092#article","isPartOf":{"@id":"https:\/\/aconteceunovale.com.br\/portal\/?p=103092"},"author":{"name":"Aconteceu no Vale","@id":"https:\/\/aconteceunovale.com.br\/portal\/#\/schema\/person\/633529146f2c94272bef50ac2953d589"},"headline":"Senado aprova PEC do Teto de Gastos em primeiro turno","datePublished":"2016-11-30T10:29:38+00:00","mainEntityOfPage":{"@id":"https:\/\/aconteceunovale.com.br\/portal\/?p=103092"},"wordCount":239,"commentCount":0,"image":{"@id":"https:\/\/aconteceunovale.com.br\/portal\/?p=103092#primaryimage"},"thumbnailUrl":"https:\/\/aconteceunovale.com.br\/portal\/wp-content\/uploads\/2014\/12\/congresso_nacional.jpg","keywords":["Aprova\u00e7\u00e3o da PEC 55","Aprova\u00e7\u00e3o da PEC 55 em primeiro turno","Aprova\u00e7\u00e3o da PEC 55 no Senado","gastos p\u00fablicos","PEC 55","PEC 55 no Senado","PEC do teto dos gastos p\u00fablicos","Senado","Senado aprova PEC do Teto de Gastos em primeiro turno"],"articleSection":["Brasil","Pol\u00edtica"],"inLanguage":"pt-BR","potentialAction":[{"@type":"CommentAction","name":"Comment","target":["https:\/\/aconteceunovale.com.br\/portal\/?p=103092#respond"]}]},{"@type":"WebPage","@id":"https:\/\/aconteceunovale.com.br\/portal\/?p=103092","url":"https:\/\/aconteceunovale.com.br\/portal\/?p=103092","name":"Senado aprova PEC do Teto de Gastos em primeiro turno - Aconteceu no Vale","isPartOf":{"@id":"https:\/\/aconteceunovale.com.br\/portal\/#website"},"primaryImageOfPage":{"@id":"https:\/\/aconteceunovale.com.br\/portal\/?p=103092#primaryimage"},"image":{"@id":"https:\/\/aconteceunovale.com.br\/portal\/?p=103092#primaryimage"},"thumbnailUrl":"https:\/\/aconteceunovale.com.br\/portal\/wp-content\/uploads\/2014\/12\/congresso_nacional.jpg","datePublished":"2016-11-30T10:29:38+00:00","author":{"@id":"https:\/\/aconteceunovale.com.br\/portal\/#\/schema\/person\/633529146f2c94272bef50ac2953d589"},"breadcrumb":{"@id":"https:\/\/aconteceunovale.com.br\/portal\/?p=103092#breadcrumb"},"inLanguage":"pt-BR","potentialAction":[{"@type":"ReadAction","target":["https:\/\/aconteceunovale.com.br\/portal\/?p=103092"]}]},{"@type":"ImageObject","inLanguage":"pt-BR","@id":"https:\/\/aconteceunovale.com.br\/portal\/?p=103092#primaryimage","url":"https:\/\/aconteceunovale.com.br\/portal\/wp-content\/uploads\/2014\/12\/congresso_nacional.jpg","contentUrl":"https:\/\/aconteceunovale.com.br\/portal\/wp-content\/uploads\/2014\/12\/congresso_nacional.jpg","width":678,"height":384},{"@type":"BreadcrumbList","@id":"https:\/\/aconteceunovale.com.br\/portal\/?p=103092#breadcrumb","itemListElement":[{"@type":"ListItem","position":1,"name":"In\u00edcio","item":"https:\/\/aconteceunovale.com.br\/portal\/"},{"@type":"ListItem","position":2,"name":"Senado aprova PEC do Teto de Gastos em primeiro turno"}]},{"@type":"WebSite","@id":"https:\/\/aconteceunovale.com.br\/portal\/#website","url":"https:\/\/aconteceunovale.com.br\/portal\/","name":"Aconteceu no Vale","description":"Portal de Not\u00edcias","potentialAction":[{"@type":"SearchAction","target":{"@type":"EntryPoint","urlTemplate":"https:\/\/aconteceunovale.com.br\/portal\/?s={search_term_string}"},"query-input":{"@type":"PropertyValueSpecification","valueRequired":true,"valueName":"search_term_string"}}],"inLanguage":"pt-BR"},{"@type":"Person","@id":"https:\/\/aconteceunovale.com.br\/portal\/#\/schema\/person\/633529146f2c94272bef50ac2953d589","name":"Aconteceu no Vale","description":"Equipe de reportagem do Aconteceu no Vale, portal de not\u00edcias do Vale do Jequitinhonha, em Minas Gerais. Cobrimos as 51 cidades do Vale desde 2013. Sugest\u00f5es de pauta e pedidos de corre\u00e7\u00e3o: contato@aconteceunovale.com.br","sameAs":["http:\/\/www.aconteceunovale.com.br"],"url":"https:\/\/aconteceunovale.com.br\/portal\/?author=1"}]}},"_links":{"self":[{"href":"https:\/\/aconteceunovale.com.br\/portal\/index.php?rest_route=\/wp\/v2\/posts\/103092","targetHints":{"allow":["GET"]}}],"collection":[{"href":"https:\/\/aconteceunovale.com.br\/portal\/index.php?rest_route=\/wp\/v2\/posts"}],"about":[{"href":"https:\/\/aconteceunovale.com.br\/portal\/index.php?rest_route=\/wp\/v2\/types\/post"}],"author":[{"embeddable":true,"href":"https:\/\/aconteceunovale.com.br\/portal\/index.php?rest_route=\/wp\/v2\/users\/1"}],"replies":[{"embeddable":true,"href":"https:\/\/aconteceunovale.com.br\/portal\/index.php?rest_route=%2Fwp%2Fv2%2Fcomments&post=103092"}],"version-history":[{"count":0,"href":"https:\/\/aconteceunovale.com.br\/portal\/index.php?rest_route=\/wp\/v2\/posts\/103092\/revisions"}],"wp:featuredmedia":[{"embeddable":true,"href":"https:\/\/aconteceunovale.com.br\/portal\/index.php?rest_route=\/wp\/v2\/media\/48654"}],"wp:attachment":[{"href":"https:\/\/aconteceunovale.com.br\/portal\/index.php?rest_route=%2Fwp%2Fv2%2Fmedia&parent=103092"}],"wp:term":[{"taxonomy":"category","embeddable":true,"href":"https:\/\/aconteceunovale.com.br\/portal\/index.php?rest_route=%2Fwp%2Fv2%2Fcategories&post=103092"},{"taxonomy":"post_tag","embeddable":true,"href":"https:\/\/aconteceunovale.com.br\/portal\/index.php?rest_route=%2Fwp%2Fv2%2Ftags&post=103092"}],"curies":[{"name":"wp","href":"https:\/\/api.w.org\/{rel}","templated":true}]}}