{"id":103088,"date":"2016-11-30T08:21:41","date_gmt":"2016-11-30T10:21:41","guid":{"rendered":"http:\/\/aconteceunovale.com.br\/portal\/?p=103088"},"modified":"2016-11-30T08:21:41","modified_gmt":"2016-11-30T10:21:41","slug":"aborto-nos-tres-primeiros-meses-de-gravidez-nao-e-crime-decide-primeira-turma-do-stf","status":"publish","type":"post","link":"https:\/\/aconteceunovale.com.br\/portal\/?p=103088","title":{"rendered":"Aborto nos tr\u00eas primeiros meses de gravidez n\u00e3o \u00e9 crime, decide Primeira Turma do STF"},"content":{"rendered":"<p>A Primeira Turma do Supremo Tribunal Federal (STF) decidiu ontem (29\/11\/2016) descriminalizar o aborto no primeiro trimestre da gravidez. Seguindo voto do ministro Lu\u00eds Roberto Barroso, o colegiado entendeu que s\u00e3o inconstitucionais os artigos do C\u00f3digo Penal que criminalizam o aborto. O entendimento, no entanto, vale apenas para um caso concreto julgado pelo grupo nesta ter\u00e7a-feira.<\/p>\n<p>A decis\u00e3o da Turma foi tomada com base no voto do ministro Lu\u00eds Roberto Barroso. Para o ministro, a criminaliza\u00e7\u00e3o do aborto nos tr\u00eas primeiros meses da gesta\u00e7\u00e3o viola os direitos sexuais e reprodutivos da mulher, o direito \u00e0 autonomia de fazer suas escolhas e o direito \u00e0 integridade f\u00edsica e ps\u00edquica.<\/p>\n<p>No voto, Barroso tamb\u00e9m ressaltou que a criminaliza\u00e7\u00e3o do aborto n\u00e3o \u00e9 aplicada em pa\u00edses democr\u00e1ticos e desenvolvidos, como os Estados Unidos, Alemanha, Fran\u00e7a, Reino Unido e Holanda, entre outros.<\/p>\n<p>\u201cEm verdade, a criminaliza\u00e7\u00e3o confere uma prote\u00e7\u00e3o deficiente aos direitos sexuais e reprodutivos, \u00e0 autonomia, \u00e0 integridade ps\u00edquica e f\u00edsica, e \u00e0 sa\u00fade da mulher, com reflexos sobre a igualdade de g\u00eanero e impacto desproporcional sobre as mulheres mais pobres. Al\u00e9m disso, criminalizar a mulher que deseja abortar gera custos sociais e para o sistema de sa\u00fade, que decorrem da necessidade de a mulher se submeter a procedimentos inseguros, com aumento da morbidade e da letalidade\u201d, decidiu Barroso.<\/p>\n<p>Apesar de admitir a descriminaliza\u00e7\u00e3o do aborto nos tr\u00eas primeiros meses, Barroso entendeu que a criminaliza\u00e7\u00e3o do procedimento pode ser aplicada a partir dos meses seguintes.<\/p>\n<p>\u201cA interrup\u00e7\u00e3o volunt\u00e1ria da gesta\u00e7\u00e3o n\u00e3o deve ser criminalizada, pelo menos, durante o primeiro trimestre da gesta\u00e7\u00e3o. Durante esse per\u00edodo, o c\u00f3rtex cerebral \u2013 que permite que o feto desenvolva sentimentos e racionalidade \u2013 ainda n\u00e3o foi formado, nem h\u00e1 qualquer potencialidade de vida fora do \u00fatero materno. Por tudo isso, \u00e9 preciso conferir interpreta\u00e7\u00e3o conforme a Constitui\u00e7\u00e3o aos Artigos 124 e 126 do C\u00f3digo Penal, para excluir do seu \u00e2mbito de incid\u00eancia a interrup\u00e7\u00e3o volunt\u00e1ria da gesta\u00e7\u00e3o efetivada no primeiro trimestre\u201d, disse Barroso.<\/p>\n<p><strong>Pris\u00f5es<\/strong><\/p>\n<p>O caso julgado pelo colegiado tratava da revoga\u00e7\u00e3o de pris\u00e3o de cinco pessoas detidas em uma opera\u00e7\u00e3o da pol\u00edcia do Rio de Janeiro em uma cl\u00ednica clandestina, entre elas m\u00e9dicos e outros funcion\u00e1rios. Os cinco ministros da Primeira Turma votaram pela manuten\u00e7\u00e3o da liberdade dos envolvidos. Rosa Weber, Edson Fachin acompanharam o voto de Barroso. No entanto, Marco Aur\u00e9lio e Luiz Fux n\u00e3o votaram sobre a quest\u00e3o do aborto e deliberaram apenas sobre a legalidade da pris\u00e3o. (Ag\u00eancia Brasil)<\/p>\n","protected":false},"excerpt":{"rendered":"<p>A Primeira Turma do Supremo Tribunal Federal (STF) decidiu ontem (29\/11\/2016) descriminalizar o aborto no primeiro trimestre da gravidez. Seguindo voto do ministro Lu\u00eds Roberto Barroso, o colegiado entendeu que s\u00e3o inconstitucionais os artigos do C\u00f3digo Penal que criminalizam o aborto. O entendimento, no entanto, vale apenas para um caso concreto julgado pelo grupo nesta [&hellip;]<\/p>\n","protected":false},"author":1,"featured_media":103090,"comment_status":"open","ping_status":"closed","sticky":false,"template":"","format":"standard","meta":{"amp_status":"","footnotes":""},"categories":[6],"tags":[38979,128174,128175,128177,128173,128172,128176,15392,35138,128171,128178,28511],"class_list":["post-103088","post","type-post","status-publish","format-standard","has-post-thumbnail","hentry","category-br","tag-aborto","tag-aborto-legalizado-no-brasil","tag-aborto-no-brasil","tag-aborto-no-primeiro-trimestre-da-gravidez","tag-aborto-nos-tres-primeiros-meses-de-gravidez","tag-aborto-nos-tres-primeiros-meses-de-gravidez-nao-e-crime","tag-descriminalizar-o-aborto-no-primeiro-trimestre-da-gravidez","tag-legalizacao-do-aborto","tag-luis-roberto-barroso","tag-primeira-turma-do-stf","tag-primeira-turna","tag-stf"],"yoast_head":"<!-- This site is optimized with the Yoast SEO plugin v28.3 - https:\/\/yoast.com\/product\/yoast-seo-wordpress\/ -->\n<title>Aborto nos tr\u00eas primeiros meses de gravidez n\u00e3o \u00e9 crime, decide Primeira Turma do STF - Aconteceu no Vale<\/title>\n<meta name=\"robots\" content=\"index, follow, max-snippet:-1, max-image-preview:large, max-video-preview:-1\" \/>\n<link rel=\"canonical\" href=\"https:\/\/aconteceunovale.com.br\/portal\/?p=103088\" \/>\n<meta property=\"og:locale\" content=\"pt_BR\" \/>\n<meta property=\"og:type\" content=\"article\" \/>\n<meta property=\"og:title\" content=\"Aborto nos tr\u00eas primeiros meses de gravidez n\u00e3o \u00e9 crime, decide Primeira Turma do STF - Aconteceu no Vale\" \/>\n<meta property=\"og:description\" content=\"A Primeira Turma do Supremo Tribunal Federal (STF) decidiu ontem (29\/11\/2016) descriminalizar o aborto no primeiro trimestre da gravidez. Seguindo voto do ministro Lu\u00eds Roberto Barroso, o colegiado entendeu que s\u00e3o inconstitucionais os artigos do C\u00f3digo Penal que criminalizam o aborto. O entendimento, no entanto, vale apenas para um caso concreto julgado pelo grupo nesta [&hellip;]\" \/>\n<meta property=\"og:url\" content=\"https:\/\/aconteceunovale.com.br\/portal\/?p=103088\" \/>\n<meta property=\"og:site_name\" content=\"Aconteceu no Vale\" \/>\n<meta property=\"article:publisher\" content=\"https:\/\/www.facebook.com\/aconteceunovale\/\" \/>\n<meta property=\"article:published_time\" content=\"2016-11-30T10:21:41+00:00\" \/>\n<meta property=\"og:image\" content=\"https:\/\/aconteceunovale.com.br\/portal\/wp-content\/uploads\/2016\/11\/aborto3meses.jpg\" \/>\n\t<meta property=\"og:image:width\" content=\"600\" \/>\n\t<meta property=\"og:image:height\" content=\"450\" \/>\n\t<meta property=\"og:image:type\" content=\"image\/jpeg\" \/>\n<meta name=\"author\" content=\"Aconteceu no Vale\" \/>\n<meta name=\"twitter:card\" content=\"summary_large_image\" \/>\n<meta name=\"twitter:creator\" content=\"@noticiadosvales\" \/>\n<meta name=\"twitter:site\" content=\"@noticiadosvales\" \/>\n<meta name=\"twitter:label1\" content=\"Escrito por\" \/>\n\t<meta name=\"twitter:data1\" content=\"Aconteceu no Vale\" \/>\n\t<meta name=\"twitter:label2\" content=\"Est. tempo de leitura\" \/>\n\t<meta name=\"twitter:data2\" content=\"2 minutos\" \/>\n<script type=\"application\/ld+json\" class=\"yoast-schema-graph\">{\"@context\":\"https:\\\/\\\/schema.org\",\"@graph\":[{\"@type\":\"Article\",\"@id\":\"https:\\\/\\\/aconteceunovale.com.br\\\/portal\\\/?p=103088#article\",\"isPartOf\":{\"@id\":\"https:\\\/\\\/aconteceunovale.com.br\\\/portal\\\/?p=103088\"},\"author\":{\"name\":\"Aconteceu no Vale\",\"@id\":\"https:\\\/\\\/aconteceunovale.com.br\\\/portal\\\/#\\\/schema\\\/person\\\/633529146f2c94272bef50ac2953d589\"},\"headline\":\"Aborto nos tr\u00eas primeiros meses de gravidez n\u00e3o \u00e9 crime, decide Primeira Turma do STF\",\"datePublished\":\"2016-11-30T10:21:41+00:00\",\"mainEntityOfPage\":{\"@id\":\"https:\\\/\\\/aconteceunovale.com.br\\\/portal\\\/?p=103088\"},\"wordCount\":467,\"commentCount\":0,\"image\":{\"@id\":\"https:\\\/\\\/aconteceunovale.com.br\\\/portal\\\/?p=103088#primaryimage\"},\"thumbnailUrl\":\"https:\\\/\\\/aconteceunovale.com.br\\\/portal\\\/wp-content\\\/uploads\\\/2016\\\/11\\\/aborto3meses.jpg\",\"keywords\":[\"aborto\",\"Aborto legalizado no brasil\",\"Aborto no brasil\",\"Aborto no primeiro trimestre da gravidez\",\"Aborto nos tr\u00eas primeiros meses de gravidez\",\"Aborto nos tr\u00eas primeiros meses de gravidez n\u00e3o \u00e9 crime\",\"descriminalizar o aborto no primeiro trimestre da gravidez\",\"legaliza\u00e7\u00e3o do aborto\",\"Luis Roberto Barroso\",\"Primeira Turma do STF\",\"Primeira Turna\",\"STF\"],\"articleSection\":[\"Brasil\"],\"inLanguage\":\"pt-BR\",\"potentialAction\":[{\"@type\":\"CommentAction\",\"name\":\"Comment\",\"target\":[\"https:\\\/\\\/aconteceunovale.com.br\\\/portal\\\/?p=103088#respond\"]}]},{\"@type\":\"WebPage\",\"@id\":\"https:\\\/\\\/aconteceunovale.com.br\\\/portal\\\/?p=103088\",\"url\":\"https:\\\/\\\/aconteceunovale.com.br\\\/portal\\\/?p=103088\",\"name\":\"Aborto nos tr\u00eas primeiros meses de gravidez n\u00e3o \u00e9 crime, decide Primeira Turma do STF - Aconteceu no Vale\",\"isPartOf\":{\"@id\":\"https:\\\/\\\/aconteceunovale.com.br\\\/portal\\\/#website\"},\"primaryImageOfPage\":{\"@id\":\"https:\\\/\\\/aconteceunovale.com.br\\\/portal\\\/?p=103088#primaryimage\"},\"image\":{\"@id\":\"https:\\\/\\\/aconteceunovale.com.br\\\/portal\\\/?p=103088#primaryimage\"},\"thumbnailUrl\":\"https:\\\/\\\/aconteceunovale.com.br\\\/portal\\\/wp-content\\\/uploads\\\/2016\\\/11\\\/aborto3meses.jpg\",\"datePublished\":\"2016-11-30T10:21:41+00:00\",\"author\":{\"@id\":\"https:\\\/\\\/aconteceunovale.com.br\\\/portal\\\/#\\\/schema\\\/person\\\/633529146f2c94272bef50ac2953d589\"},\"breadcrumb\":{\"@id\":\"https:\\\/\\\/aconteceunovale.com.br\\\/portal\\\/?p=103088#breadcrumb\"},\"inLanguage\":\"pt-BR\",\"potentialAction\":[{\"@type\":\"ReadAction\",\"target\":[\"https:\\\/\\\/aconteceunovale.com.br\\\/portal\\\/?p=103088\"]}]},{\"@type\":\"ImageObject\",\"inLanguage\":\"pt-BR\",\"@id\":\"https:\\\/\\\/aconteceunovale.com.br\\\/portal\\\/?p=103088#primaryimage\",\"url\":\"https:\\\/\\\/aconteceunovale.com.br\\\/portal\\\/wp-content\\\/uploads\\\/2016\\\/11\\\/aborto3meses.jpg\",\"contentUrl\":\"https:\\\/\\\/aconteceunovale.com.br\\\/portal\\\/wp-content\\\/uploads\\\/2016\\\/11\\\/aborto3meses.jpg\",\"width\":600,\"height\":450},{\"@type\":\"BreadcrumbList\",\"@id\":\"https:\\\/\\\/aconteceunovale.com.br\\\/portal\\\/?p=103088#breadcrumb\",\"itemListElement\":[{\"@type\":\"ListItem\",\"position\":1,\"name\":\"In\u00edcio\",\"item\":\"https:\\\/\\\/aconteceunovale.com.br\\\/portal\\\/\"},{\"@type\":\"ListItem\",\"position\":2,\"name\":\"Aborto nos tr\u00eas primeiros meses de gravidez n\u00e3o \u00e9 crime, decide Primeira Turma do STF\"}]},{\"@type\":\"WebSite\",\"@id\":\"https:\\\/\\\/aconteceunovale.com.br\\\/portal\\\/#website\",\"url\":\"https:\\\/\\\/aconteceunovale.com.br\\\/portal\\\/\",\"name\":\"Aconteceu no Vale\",\"description\":\"Portal de Not\u00edcias\",\"potentialAction\":[{\"@type\":\"SearchAction\",\"target\":{\"@type\":\"EntryPoint\",\"urlTemplate\":\"https:\\\/\\\/aconteceunovale.com.br\\\/portal\\\/?s={search_term_string}\"},\"query-input\":{\"@type\":\"PropertyValueSpecification\",\"valueRequired\":true,\"valueName\":\"search_term_string\"}}],\"inLanguage\":\"pt-BR\"},{\"@type\":\"Person\",\"@id\":\"https:\\\/\\\/aconteceunovale.com.br\\\/portal\\\/#\\\/schema\\\/person\\\/633529146f2c94272bef50ac2953d589\",\"name\":\"Aconteceu no Vale\",\"description\":\"Equipe de reportagem do Aconteceu no Vale, portal de not\u00edcias do Vale do Jequitinhonha, em Minas Gerais. Cobrimos as 51 cidades do Vale desde 2013. Sugest\u00f5es de pauta e pedidos de corre\u00e7\u00e3o: contato@aconteceunovale.com.br\",\"sameAs\":[\"http:\\\/\\\/www.aconteceunovale.com.br\"],\"url\":\"https:\\\/\\\/aconteceunovale.com.br\\\/portal\\\/?author=1\"}]}<\/script>\n<!-- \/ Yoast SEO plugin. -->","yoast_head_json":{"title":"Aborto nos tr\u00eas primeiros meses de gravidez n\u00e3o \u00e9 crime, decide Primeira Turma do STF - Aconteceu no Vale","robots":{"index":"index","follow":"follow","max-snippet":"max-snippet:-1","max-image-preview":"max-image-preview:large","max-video-preview":"max-video-preview:-1"},"canonical":"https:\/\/aconteceunovale.com.br\/portal\/?p=103088","og_locale":"pt_BR","og_type":"article","og_title":"Aborto nos tr\u00eas primeiros meses de gravidez n\u00e3o \u00e9 crime, decide Primeira Turma do STF - Aconteceu no Vale","og_description":"A Primeira Turma do Supremo Tribunal Federal (STF) decidiu ontem (29\/11\/2016) descriminalizar o aborto no primeiro trimestre da gravidez. Seguindo voto do ministro Lu\u00eds Roberto Barroso, o colegiado entendeu que s\u00e3o inconstitucionais os artigos do C\u00f3digo Penal que criminalizam o aborto. O entendimento, no entanto, vale apenas para um caso concreto julgado pelo grupo nesta [&hellip;]","og_url":"https:\/\/aconteceunovale.com.br\/portal\/?p=103088","og_site_name":"Aconteceu no Vale","article_publisher":"https:\/\/www.facebook.com\/aconteceunovale\/","article_published_time":"2016-11-30T10:21:41+00:00","og_image":[{"width":600,"height":450,"url":"https:\/\/aconteceunovale.com.br\/portal\/wp-content\/uploads\/2016\/11\/aborto3meses.jpg","type":"image\/jpeg"}],"author":"Aconteceu no Vale","twitter_card":"summary_large_image","twitter_creator":"@noticiadosvales","twitter_site":"@noticiadosvales","twitter_misc":{"Escrito por":"Aconteceu no Vale","Est. tempo de leitura":"2 minutos"},"schema":{"@context":"https:\/\/schema.org","@graph":[{"@type":"Article","@id":"https:\/\/aconteceunovale.com.br\/portal\/?p=103088#article","isPartOf":{"@id":"https:\/\/aconteceunovale.com.br\/portal\/?p=103088"},"author":{"name":"Aconteceu no Vale","@id":"https:\/\/aconteceunovale.com.br\/portal\/#\/schema\/person\/633529146f2c94272bef50ac2953d589"},"headline":"Aborto nos tr\u00eas primeiros meses de gravidez n\u00e3o \u00e9 crime, decide Primeira Turma do STF","datePublished":"2016-11-30T10:21:41+00:00","mainEntityOfPage":{"@id":"https:\/\/aconteceunovale.com.br\/portal\/?p=103088"},"wordCount":467,"commentCount":0,"image":{"@id":"https:\/\/aconteceunovale.com.br\/portal\/?p=103088#primaryimage"},"thumbnailUrl":"https:\/\/aconteceunovale.com.br\/portal\/wp-content\/uploads\/2016\/11\/aborto3meses.jpg","keywords":["aborto","Aborto legalizado no brasil","Aborto no brasil","Aborto no primeiro trimestre da gravidez","Aborto nos tr\u00eas primeiros meses de gravidez","Aborto nos tr\u00eas primeiros meses de gravidez n\u00e3o \u00e9 crime","descriminalizar o aborto no primeiro trimestre da gravidez","legaliza\u00e7\u00e3o do aborto","Luis Roberto Barroso","Primeira Turma do STF","Primeira Turna","STF"],"articleSection":["Brasil"],"inLanguage":"pt-BR","potentialAction":[{"@type":"CommentAction","name":"Comment","target":["https:\/\/aconteceunovale.com.br\/portal\/?p=103088#respond"]}]},{"@type":"WebPage","@id":"https:\/\/aconteceunovale.com.br\/portal\/?p=103088","url":"https:\/\/aconteceunovale.com.br\/portal\/?p=103088","name":"Aborto nos tr\u00eas primeiros meses de gravidez n\u00e3o \u00e9 crime, decide Primeira Turma do STF - Aconteceu no Vale","isPartOf":{"@id":"https:\/\/aconteceunovale.com.br\/portal\/#website"},"primaryImageOfPage":{"@id":"https:\/\/aconteceunovale.com.br\/portal\/?p=103088#primaryimage"},"image":{"@id":"https:\/\/aconteceunovale.com.br\/portal\/?p=103088#primaryimage"},"thumbnailUrl":"https:\/\/aconteceunovale.com.br\/portal\/wp-content\/uploads\/2016\/11\/aborto3meses.jpg","datePublished":"2016-11-30T10:21:41+00:00","author":{"@id":"https:\/\/aconteceunovale.com.br\/portal\/#\/schema\/person\/633529146f2c94272bef50ac2953d589"},"breadcrumb":{"@id":"https:\/\/aconteceunovale.com.br\/portal\/?p=103088#breadcrumb"},"inLanguage":"pt-BR","potentialAction":[{"@type":"ReadAction","target":["https:\/\/aconteceunovale.com.br\/portal\/?p=103088"]}]},{"@type":"ImageObject","inLanguage":"pt-BR","@id":"https:\/\/aconteceunovale.com.br\/portal\/?p=103088#primaryimage","url":"https:\/\/aconteceunovale.com.br\/portal\/wp-content\/uploads\/2016\/11\/aborto3meses.jpg","contentUrl":"https:\/\/aconteceunovale.com.br\/portal\/wp-content\/uploads\/2016\/11\/aborto3meses.jpg","width":600,"height":450},{"@type":"BreadcrumbList","@id":"https:\/\/aconteceunovale.com.br\/portal\/?p=103088#breadcrumb","itemListElement":[{"@type":"ListItem","position":1,"name":"In\u00edcio","item":"https:\/\/aconteceunovale.com.br\/portal\/"},{"@type":"ListItem","position":2,"name":"Aborto nos tr\u00eas primeiros meses de gravidez n\u00e3o \u00e9 crime, decide Primeira Turma do STF"}]},{"@type":"WebSite","@id":"https:\/\/aconteceunovale.com.br\/portal\/#website","url":"https:\/\/aconteceunovale.com.br\/portal\/","name":"Aconteceu no Vale","description":"Portal de Not\u00edcias","potentialAction":[{"@type":"SearchAction","target":{"@type":"EntryPoint","urlTemplate":"https:\/\/aconteceunovale.com.br\/portal\/?s={search_term_string}"},"query-input":{"@type":"PropertyValueSpecification","valueRequired":true,"valueName":"search_term_string"}}],"inLanguage":"pt-BR"},{"@type":"Person","@id":"https:\/\/aconteceunovale.com.br\/portal\/#\/schema\/person\/633529146f2c94272bef50ac2953d589","name":"Aconteceu no Vale","description":"Equipe de reportagem do Aconteceu no Vale, portal de not\u00edcias do Vale do Jequitinhonha, em Minas Gerais. Cobrimos as 51 cidades do Vale desde 2013. Sugest\u00f5es de pauta e pedidos de corre\u00e7\u00e3o: contato@aconteceunovale.com.br","sameAs":["http:\/\/www.aconteceunovale.com.br"],"url":"https:\/\/aconteceunovale.com.br\/portal\/?author=1"}]}},"_links":{"self":[{"href":"https:\/\/aconteceunovale.com.br\/portal\/index.php?rest_route=\/wp\/v2\/posts\/103088","targetHints":{"allow":["GET"]}}],"collection":[{"href":"https:\/\/aconteceunovale.com.br\/portal\/index.php?rest_route=\/wp\/v2\/posts"}],"about":[{"href":"https:\/\/aconteceunovale.com.br\/portal\/index.php?rest_route=\/wp\/v2\/types\/post"}],"author":[{"embeddable":true,"href":"https:\/\/aconteceunovale.com.br\/portal\/index.php?rest_route=\/wp\/v2\/users\/1"}],"replies":[{"embeddable":true,"href":"https:\/\/aconteceunovale.com.br\/portal\/index.php?rest_route=%2Fwp%2Fv2%2Fcomments&post=103088"}],"version-history":[{"count":0,"href":"https:\/\/aconteceunovale.com.br\/portal\/index.php?rest_route=\/wp\/v2\/posts\/103088\/revisions"}],"wp:featuredmedia":[{"embeddable":true,"href":"https:\/\/aconteceunovale.com.br\/portal\/index.php?rest_route=\/wp\/v2\/media\/103090"}],"wp:attachment":[{"href":"https:\/\/aconteceunovale.com.br\/portal\/index.php?rest_route=%2Fwp%2Fv2%2Fmedia&parent=103088"}],"wp:term":[{"taxonomy":"category","embeddable":true,"href":"https:\/\/aconteceunovale.com.br\/portal\/index.php?rest_route=%2Fwp%2Fv2%2Fcategories&post=103088"},{"taxonomy":"post_tag","embeddable":true,"href":"https:\/\/aconteceunovale.com.br\/portal\/index.php?rest_route=%2Fwp%2Fv2%2Ftags&post=103088"}],"curies":[{"name":"wp","href":"https:\/\/api.w.org\/{rel}","templated":true}]}}