{"id":103080,"date":"2016-11-30T08:02:02","date_gmt":"2016-11-30T10:02:02","guid":{"rendered":"http:\/\/aconteceunovale.com.br\/portal\/?p=103080"},"modified":"2016-11-30T08:02:02","modified_gmt":"2016-11-30T10:02:02","slug":"previsao-do-tempo-para-minas-gerais-nesta-quarta-feira-30-de-novembro","status":"publish","type":"post","link":"https:\/\/aconteceunovale.com.br\/portal\/?p=103080","title":{"rendered":"Previs\u00e3o do tempo para Minas Gerais, nesta quarta-feira, 30 de novembro"},"content":{"rendered":"<h4><strong><em>Frente fria mant\u00e9m instabilidade em todas as regi\u00f5es do estado, com possibilidade de chuva forte no Sul, Vertentes, Mata, Rio Doce e RMBH.<\/em><\/strong><\/h4>\n<p>Nesta quarta-feira (30\/11) uma frente fria mant\u00e9m o tempo inst\u00e1vel em todas as regi\u00f5es de Minas Gerais. H\u00e1 risco de chuva forte, com raios e rajadas de vento, no Sul, Campo das Vertentes, Zona da Mata, Vale do Rio Doce, Metropolitana de Belo Horizonte e Centro.<\/p>\n<p>No Noroeste e Tri\u00e2ngulo Mineiro o c\u00e9u fica nublado a parcialmente nublado, com pancadas de chuva e trovoadas no decorrer do dia. Na faixa norte do estado o sol predomina pela manh\u00e3, mas \u00e0 tarde ocorrem pancadas de chuva isoladas.<\/p>\n<p>Na Regi\u00e3o Metropolitana de Belo Horizonte e na capital mineira o dia ser\u00e1 de c\u00e9u encoberto, com pancadas de chuva, raios e rajadas de vento ocasionais. A temperatura deve variar entre 18\u00b0C e 26\u00b0C, com umidade relativa do ar em torno de 70% \u00e0 tarde em BH.<\/p>\n<p>A temperatura tende a sofrer um decl\u00ednio a partir do final da tarde nos munic\u00edpios situados mais na parte central, sul e sudeste do estado, por causa da incurs\u00e3o de uma massa de ar frio vinda da Regi\u00e3o Sul do pa\u00eds. <\/p>\n","protected":false},"excerpt":{"rendered":"<p>Frente fria mant\u00e9m instabilidade em todas as regi\u00f5es do estado, com possibilidade de chuva forte no Sul, Vertentes, Mata, Rio Doce e RMBH. Nesta quarta-feira (30\/11) uma frente fria mant\u00e9m o tempo inst\u00e1vel em todas as regi\u00f5es de Minas Gerais. H\u00e1 risco de chuva forte, com raios e rajadas de vento, no Sul, Campo das [&hellip;]<\/p>\n","protected":false},"author":1,"featured_media":101017,"comment_status":"open","ping_status":"closed","sticky":false,"template":"","format":"standard","meta":{"amp_status":"","footnotes":""},"categories":[123],"tags":[128151,194,131,47774,1956,27340,128156,87201,128155,1839,128153,29094,128152,128154],"class_list":["post-103080","post","type-post","status-publish","format-standard","has-post-thumbnail","hentry","category-gerais","tag-30-de-novembro","tag-belo-horizonte","tag-minas-gerais","tag-nesta-quarta-feira","tag-previsao-do-tempo","tag-previsao-do-tempo-para-belo-horizonte","tag-previsao-do-tempo-para-belo-horizonte-30-de-novembro","tag-previsao-do-tempo-para-belo-horizonte-nesta-quarta-feira","tag-previsao-do-tempo-para-belo-horizonte-nesta-quarta-feira-30-de-novembro","tag-previsao-do-tempo-para-minas-gerais","tag-previsao-do-tempo-para-minas-gerais-30-de-novembro","tag-previsao-do-tempo-para-minas-gerais-nesta-quarta-feira","tag-previsao-do-tempo-para-minas-gerais-nesta-quarta-feira-30-de-novembro","tag-quarta-feira-30-de-novembro"],"yoast_head":"<!-- This site is optimized with the Yoast SEO plugin v28.3 - https:\/\/yoast.com\/product\/yoast-seo-wordpress\/ -->\n<title>Previs\u00e3o do tempo para Minas Gerais, nesta quarta-feira, 30 de novembro - Aconteceu no Vale<\/title>\n<meta name=\"robots\" content=\"index, follow, max-snippet:-1, max-image-preview:large, max-video-preview:-1\" \/>\n<link rel=\"canonical\" href=\"https:\/\/aconteceunovale.com.br\/portal\/?p=103080\" \/>\n<meta property=\"og:locale\" content=\"pt_BR\" \/>\n<meta property=\"og:type\" content=\"article\" \/>\n<meta property=\"og:title\" content=\"Previs\u00e3o do tempo para Minas Gerais, nesta quarta-feira, 30 de novembro - Aconteceu no Vale\" \/>\n<meta property=\"og:description\" content=\"Frente fria mant\u00e9m instabilidade em todas as regi\u00f5es do estado, com possibilidade de chuva forte no Sul, Vertentes, Mata, Rio Doce e RMBH. Nesta quarta-feira (30\/11) uma frente fria mant\u00e9m o tempo inst\u00e1vel em todas as regi\u00f5es de Minas Gerais. H\u00e1 risco de chuva forte, com raios e rajadas de vento, no Sul, Campo das [&hellip;]\" \/>\n<meta property=\"og:url\" content=\"https:\/\/aconteceunovale.com.br\/portal\/?p=103080\" \/>\n<meta property=\"og:site_name\" content=\"Aconteceu no Vale\" \/>\n<meta property=\"article:publisher\" content=\"https:\/\/www.facebook.com\/aconteceunovale\/\" \/>\n<meta property=\"article:published_time\" content=\"2016-11-30T10:02:02+00:00\" \/>\n<meta property=\"og:image\" content=\"https:\/\/aconteceunovale.com.br\/portal\/wp-content\/uploads\/2016\/11\/previsao_do_tempo.jpg\" \/>\n\t<meta property=\"og:image:width\" content=\"537\" \/>\n\t<meta property=\"og:image:height\" content=\"338\" \/>\n\t<meta property=\"og:image:type\" content=\"image\/jpeg\" \/>\n<meta name=\"author\" content=\"Aconteceu no Vale\" \/>\n<meta name=\"twitter:card\" content=\"summary_large_image\" \/>\n<meta name=\"twitter:creator\" content=\"@noticiadosvales\" \/>\n<meta name=\"twitter:site\" content=\"@noticiadosvales\" \/>\n<meta name=\"twitter:label1\" content=\"Escrito por\" \/>\n\t<meta name=\"twitter:data1\" content=\"Aconteceu no Vale\" \/>\n\t<meta name=\"twitter:label2\" content=\"Est. tempo de leitura\" \/>\n\t<meta name=\"twitter:data2\" content=\"1 minuto\" \/>\n<script type=\"application\/ld+json\" class=\"yoast-schema-graph\">{\"@context\":\"https:\\\/\\\/schema.org\",\"@graph\":[{\"@type\":\"Article\",\"@id\":\"https:\\\/\\\/aconteceunovale.com.br\\\/portal\\\/?p=103080#article\",\"isPartOf\":{\"@id\":\"https:\\\/\\\/aconteceunovale.com.br\\\/portal\\\/?p=103080\"},\"author\":{\"name\":\"Aconteceu no Vale\",\"@id\":\"https:\\\/\\\/aconteceunovale.com.br\\\/portal\\\/#\\\/schema\\\/person\\\/633529146f2c94272bef50ac2953d589\"},\"headline\":\"Previs\u00e3o do tempo para Minas Gerais, nesta quarta-feira, 30 de novembro\",\"datePublished\":\"2016-11-30T10:02:02+00:00\",\"mainEntityOfPage\":{\"@id\":\"https:\\\/\\\/aconteceunovale.com.br\\\/portal\\\/?p=103080\"},\"wordCount\":218,\"commentCount\":0,\"image\":{\"@id\":\"https:\\\/\\\/aconteceunovale.com.br\\\/portal\\\/?p=103080#primaryimage\"},\"thumbnailUrl\":\"https:\\\/\\\/aconteceunovale.com.br\\\/portal\\\/wp-content\\\/uploads\\\/2016\\\/11\\\/previsao_do_tempo.jpg\",\"keywords\":[\"30 de novembro\",\"Belo Horizonte\",\"Minas Gerais\",\"nesta quarta-feira\",\"previs\u00e3o do tempo\",\"Previs\u00e3o do tempo para belo horizonte\",\"Previs\u00e3o do tempo para Belo Horizonte 30 de novembro\",\"Previs\u00e3o do tempo para Belo Horizonte nesta quarta-feira\",\"Previs\u00e3o do tempo para Belo Horizonte nesta quarta-feira 30 de novembro\",\"previs\u00e3o do tempo para minas gerais\",\"Previs\u00e3o do tempo para Minas Gerais 30 de novembro\",\"Previs\u00e3o do tempo para Minas Gerais nesta quarta-feira\",\"Previs\u00e3o do tempo para Minas Gerais nesta quarta-feira 30 de novembro\",\"quarta-feira 30 de novembro\"],\"articleSection\":[\"Minas Gerais\"],\"inLanguage\":\"pt-BR\",\"potentialAction\":[{\"@type\":\"CommentAction\",\"name\":\"Comment\",\"target\":[\"https:\\\/\\\/aconteceunovale.com.br\\\/portal\\\/?p=103080#respond\"]}]},{\"@type\":\"WebPage\",\"@id\":\"https:\\\/\\\/aconteceunovale.com.br\\\/portal\\\/?p=103080\",\"url\":\"https:\\\/\\\/aconteceunovale.com.br\\\/portal\\\/?p=103080\",\"name\":\"Previs\u00e3o do tempo para Minas Gerais, nesta quarta-feira, 30 de novembro - Aconteceu no Vale\",\"isPartOf\":{\"@id\":\"https:\\\/\\\/aconteceunovale.com.br\\\/portal\\\/#website\"},\"primaryImageOfPage\":{\"@id\":\"https:\\\/\\\/aconteceunovale.com.br\\\/portal\\\/?p=103080#primaryimage\"},\"image\":{\"@id\":\"https:\\\/\\\/aconteceunovale.com.br\\\/portal\\\/?p=103080#primaryimage\"},\"thumbnailUrl\":\"https:\\\/\\\/aconteceunovale.com.br\\\/portal\\\/wp-content\\\/uploads\\\/2016\\\/11\\\/previsao_do_tempo.jpg\",\"datePublished\":\"2016-11-30T10:02:02+00:00\",\"author\":{\"@id\":\"https:\\\/\\\/aconteceunovale.com.br\\\/portal\\\/#\\\/schema\\\/person\\\/633529146f2c94272bef50ac2953d589\"},\"breadcrumb\":{\"@id\":\"https:\\\/\\\/aconteceunovale.com.br\\\/portal\\\/?p=103080#breadcrumb\"},\"inLanguage\":\"pt-BR\",\"potentialAction\":[{\"@type\":\"ReadAction\",\"target\":[\"https:\\\/\\\/aconteceunovale.com.br\\\/portal\\\/?p=103080\"]}]},{\"@type\":\"ImageObject\",\"inLanguage\":\"pt-BR\",\"@id\":\"https:\\\/\\\/aconteceunovale.com.br\\\/portal\\\/?p=103080#primaryimage\",\"url\":\"https:\\\/\\\/aconteceunovale.com.br\\\/portal\\\/wp-content\\\/uploads\\\/2016\\\/11\\\/previsao_do_tempo.jpg\",\"contentUrl\":\"https:\\\/\\\/aconteceunovale.com.br\\\/portal\\\/wp-content\\\/uploads\\\/2016\\\/11\\\/previsao_do_tempo.jpg\",\"width\":537,\"height\":338},{\"@type\":\"BreadcrumbList\",\"@id\":\"https:\\\/\\\/aconteceunovale.com.br\\\/portal\\\/?p=103080#breadcrumb\",\"itemListElement\":[{\"@type\":\"ListItem\",\"position\":1,\"name\":\"In\u00edcio\",\"item\":\"https:\\\/\\\/aconteceunovale.com.br\\\/portal\\\/\"},{\"@type\":\"ListItem\",\"position\":2,\"name\":\"Previs\u00e3o do tempo para Minas Gerais, nesta quarta-feira, 30 de novembro\"}]},{\"@type\":\"WebSite\",\"@id\":\"https:\\\/\\\/aconteceunovale.com.br\\\/portal\\\/#website\",\"url\":\"https:\\\/\\\/aconteceunovale.com.br\\\/portal\\\/\",\"name\":\"Aconteceu no Vale\",\"description\":\"Portal de Not\u00edcias\",\"potentialAction\":[{\"@type\":\"SearchAction\",\"target\":{\"@type\":\"EntryPoint\",\"urlTemplate\":\"https:\\\/\\\/aconteceunovale.com.br\\\/portal\\\/?s={search_term_string}\"},\"query-input\":{\"@type\":\"PropertyValueSpecification\",\"valueRequired\":true,\"valueName\":\"search_term_string\"}}],\"inLanguage\":\"pt-BR\"},{\"@type\":\"Person\",\"@id\":\"https:\\\/\\\/aconteceunovale.com.br\\\/portal\\\/#\\\/schema\\\/person\\\/633529146f2c94272bef50ac2953d589\",\"name\":\"Aconteceu no Vale\",\"description\":\"Equipe de reportagem do Aconteceu no Vale, portal de not\u00edcias do Vale do Jequitinhonha, em Minas Gerais. Cobrimos as 51 cidades do Vale desde 2013. Sugest\u00f5es de pauta e pedidos de corre\u00e7\u00e3o: contato@aconteceunovale.com.br\",\"sameAs\":[\"http:\\\/\\\/www.aconteceunovale.com.br\"],\"url\":\"https:\\\/\\\/aconteceunovale.com.br\\\/portal\\\/?author=1\"}]}<\/script>\n<!-- \/ Yoast SEO plugin. -->","yoast_head_json":{"title":"Previs\u00e3o do tempo para Minas Gerais, nesta quarta-feira, 30 de novembro - Aconteceu no Vale","robots":{"index":"index","follow":"follow","max-snippet":"max-snippet:-1","max-image-preview":"max-image-preview:large","max-video-preview":"max-video-preview:-1"},"canonical":"https:\/\/aconteceunovale.com.br\/portal\/?p=103080","og_locale":"pt_BR","og_type":"article","og_title":"Previs\u00e3o do tempo para Minas Gerais, nesta quarta-feira, 30 de novembro - Aconteceu no Vale","og_description":"Frente fria mant\u00e9m instabilidade em todas as regi\u00f5es do estado, com possibilidade de chuva forte no Sul, Vertentes, Mata, Rio Doce e RMBH. Nesta quarta-feira (30\/11) uma frente fria mant\u00e9m o tempo inst\u00e1vel em todas as regi\u00f5es de Minas Gerais. H\u00e1 risco de chuva forte, com raios e rajadas de vento, no Sul, Campo das [&hellip;]","og_url":"https:\/\/aconteceunovale.com.br\/portal\/?p=103080","og_site_name":"Aconteceu no Vale","article_publisher":"https:\/\/www.facebook.com\/aconteceunovale\/","article_published_time":"2016-11-30T10:02:02+00:00","og_image":[{"width":537,"height":338,"url":"https:\/\/aconteceunovale.com.br\/portal\/wp-content\/uploads\/2016\/11\/previsao_do_tempo.jpg","type":"image\/jpeg"}],"author":"Aconteceu no Vale","twitter_card":"summary_large_image","twitter_creator":"@noticiadosvales","twitter_site":"@noticiadosvales","twitter_misc":{"Escrito por":"Aconteceu no Vale","Est. tempo de leitura":"1 minuto"},"schema":{"@context":"https:\/\/schema.org","@graph":[{"@type":"Article","@id":"https:\/\/aconteceunovale.com.br\/portal\/?p=103080#article","isPartOf":{"@id":"https:\/\/aconteceunovale.com.br\/portal\/?p=103080"},"author":{"name":"Aconteceu no Vale","@id":"https:\/\/aconteceunovale.com.br\/portal\/#\/schema\/person\/633529146f2c94272bef50ac2953d589"},"headline":"Previs\u00e3o do tempo para Minas Gerais, nesta quarta-feira, 30 de novembro","datePublished":"2016-11-30T10:02:02+00:00","mainEntityOfPage":{"@id":"https:\/\/aconteceunovale.com.br\/portal\/?p=103080"},"wordCount":218,"commentCount":0,"image":{"@id":"https:\/\/aconteceunovale.com.br\/portal\/?p=103080#primaryimage"},"thumbnailUrl":"https:\/\/aconteceunovale.com.br\/portal\/wp-content\/uploads\/2016\/11\/previsao_do_tempo.jpg","keywords":["30 de novembro","Belo Horizonte","Minas Gerais","nesta quarta-feira","previs\u00e3o do tempo","Previs\u00e3o do tempo para belo horizonte","Previs\u00e3o do tempo para Belo Horizonte 30 de novembro","Previs\u00e3o do tempo para Belo Horizonte nesta quarta-feira","Previs\u00e3o do tempo para Belo Horizonte nesta quarta-feira 30 de novembro","previs\u00e3o do tempo para minas gerais","Previs\u00e3o do tempo para Minas Gerais 30 de novembro","Previs\u00e3o do tempo para Minas Gerais nesta quarta-feira","Previs\u00e3o do tempo para Minas Gerais nesta quarta-feira 30 de novembro","quarta-feira 30 de novembro"],"articleSection":["Minas Gerais"],"inLanguage":"pt-BR","potentialAction":[{"@type":"CommentAction","name":"Comment","target":["https:\/\/aconteceunovale.com.br\/portal\/?p=103080#respond"]}]},{"@type":"WebPage","@id":"https:\/\/aconteceunovale.com.br\/portal\/?p=103080","url":"https:\/\/aconteceunovale.com.br\/portal\/?p=103080","name":"Previs\u00e3o do tempo para Minas Gerais, nesta quarta-feira, 30 de novembro - Aconteceu no Vale","isPartOf":{"@id":"https:\/\/aconteceunovale.com.br\/portal\/#website"},"primaryImageOfPage":{"@id":"https:\/\/aconteceunovale.com.br\/portal\/?p=103080#primaryimage"},"image":{"@id":"https:\/\/aconteceunovale.com.br\/portal\/?p=103080#primaryimage"},"thumbnailUrl":"https:\/\/aconteceunovale.com.br\/portal\/wp-content\/uploads\/2016\/11\/previsao_do_tempo.jpg","datePublished":"2016-11-30T10:02:02+00:00","author":{"@id":"https:\/\/aconteceunovale.com.br\/portal\/#\/schema\/person\/633529146f2c94272bef50ac2953d589"},"breadcrumb":{"@id":"https:\/\/aconteceunovale.com.br\/portal\/?p=103080#breadcrumb"},"inLanguage":"pt-BR","potentialAction":[{"@type":"ReadAction","target":["https:\/\/aconteceunovale.com.br\/portal\/?p=103080"]}]},{"@type":"ImageObject","inLanguage":"pt-BR","@id":"https:\/\/aconteceunovale.com.br\/portal\/?p=103080#primaryimage","url":"https:\/\/aconteceunovale.com.br\/portal\/wp-content\/uploads\/2016\/11\/previsao_do_tempo.jpg","contentUrl":"https:\/\/aconteceunovale.com.br\/portal\/wp-content\/uploads\/2016\/11\/previsao_do_tempo.jpg","width":537,"height":338},{"@type":"BreadcrumbList","@id":"https:\/\/aconteceunovale.com.br\/portal\/?p=103080#breadcrumb","itemListElement":[{"@type":"ListItem","position":1,"name":"In\u00edcio","item":"https:\/\/aconteceunovale.com.br\/portal\/"},{"@type":"ListItem","position":2,"name":"Previs\u00e3o do tempo para Minas Gerais, nesta quarta-feira, 30 de novembro"}]},{"@type":"WebSite","@id":"https:\/\/aconteceunovale.com.br\/portal\/#website","url":"https:\/\/aconteceunovale.com.br\/portal\/","name":"Aconteceu no Vale","description":"Portal de Not\u00edcias","potentialAction":[{"@type":"SearchAction","target":{"@type":"EntryPoint","urlTemplate":"https:\/\/aconteceunovale.com.br\/portal\/?s={search_term_string}"},"query-input":{"@type":"PropertyValueSpecification","valueRequired":true,"valueName":"search_term_string"}}],"inLanguage":"pt-BR"},{"@type":"Person","@id":"https:\/\/aconteceunovale.com.br\/portal\/#\/schema\/person\/633529146f2c94272bef50ac2953d589","name":"Aconteceu no Vale","description":"Equipe de reportagem do Aconteceu no Vale, portal de not\u00edcias do Vale do Jequitinhonha, em Minas Gerais. Cobrimos as 51 cidades do Vale desde 2013. Sugest\u00f5es de pauta e pedidos de corre\u00e7\u00e3o: contato@aconteceunovale.com.br","sameAs":["http:\/\/www.aconteceunovale.com.br"],"url":"https:\/\/aconteceunovale.com.br\/portal\/?author=1"}]}},"_links":{"self":[{"href":"https:\/\/aconteceunovale.com.br\/portal\/index.php?rest_route=\/wp\/v2\/posts\/103080","targetHints":{"allow":["GET"]}}],"collection":[{"href":"https:\/\/aconteceunovale.com.br\/portal\/index.php?rest_route=\/wp\/v2\/posts"}],"about":[{"href":"https:\/\/aconteceunovale.com.br\/portal\/index.php?rest_route=\/wp\/v2\/types\/post"}],"author":[{"embeddable":true,"href":"https:\/\/aconteceunovale.com.br\/portal\/index.php?rest_route=\/wp\/v2\/users\/1"}],"replies":[{"embeddable":true,"href":"https:\/\/aconteceunovale.com.br\/portal\/index.php?rest_route=%2Fwp%2Fv2%2Fcomments&post=103080"}],"version-history":[{"count":0,"href":"https:\/\/aconteceunovale.com.br\/portal\/index.php?rest_route=\/wp\/v2\/posts\/103080\/revisions"}],"wp:featuredmedia":[{"embeddable":true,"href":"https:\/\/aconteceunovale.com.br\/portal\/index.php?rest_route=\/wp\/v2\/media\/101017"}],"wp:attachment":[{"href":"https:\/\/aconteceunovale.com.br\/portal\/index.php?rest_route=%2Fwp%2Fv2%2Fmedia&parent=103080"}],"wp:term":[{"taxonomy":"category","embeddable":true,"href":"https:\/\/aconteceunovale.com.br\/portal\/index.php?rest_route=%2Fwp%2Fv2%2Fcategories&post=103080"},{"taxonomy":"post_tag","embeddable":true,"href":"https:\/\/aconteceunovale.com.br\/portal\/index.php?rest_route=%2Fwp%2Fv2%2Ftags&post=103080"}],"curies":[{"name":"wp","href":"https:\/\/api.w.org\/{rel}","templated":true}]}}