{"id":103053,"date":"2016-11-29T22:33:54","date_gmt":"2016-11-30T00:33:54","guid":{"rendered":"http:\/\/aconteceunovale.com.br\/portal\/?p=103053"},"modified":"2016-11-29T22:33:54","modified_gmt":"2016-11-30T00:33:54","slug":"suspeito-de-envolvimento-na-morte-de-comerciante-na-zona-rural-de-jaiba-e-detido-em-sao-joao-da-ponte","status":"publish","type":"post","link":"https:\/\/aconteceunovale.com.br\/portal\/?p=103053","title":{"rendered":"Suspeito de envolvimento na morte de comerciante na zona rural de Ja\u00edba \u00e9 detido em S\u00e3o Jo\u00e3o da Ponte"},"content":{"rendered":"<p>Um adolescente de 16 anos foi detido na tarde desta ter\u00e7a-feira (29\/11\/2016) em S\u00e3o Jo\u00e3o da Ponte, no Norte de Minas, suspeito de envolvimento no assassinato de Jo\u00e3o Batista Alves da Silva na zona rural de Ja\u00edba, na tarde desta segunda-feira (28). Quatro rapazes participaram do crime, de acordo com a Pol\u00edcia Militar (PM).<\/p>\n<p>A pol\u00edcia informou tamb\u00e9m que ap\u00f3s o crime, os envolvidos foram a uma fazenda na comunidade do DER, \u00e0s margens da rodovia MG-401, assaltaram uma propriedade e fugiram em uma caminhonete.<\/p>\n<p>Durante a fuga, eles foram vistos passando pela cidade de Varzel\u00e2ndia. Policiais de S\u00e3o Jo\u00e3o da Ponte foram acionados e prepararam um cerco e bloqueio na regi\u00e3o. O carro com os quatro suspeitos do crime foi abordado no povoado de Brejinho, distante cerca de 10 quil\u00f4metros da cidade.<\/p>\n<p>Tr\u00eas jovens conseguiram fugir por uma mata, mas o adolescente foi abordado e detido. No ve\u00edculo os policiais encontraram quatro armas de fogo e, durante buscas na mata pr\u00f3xima ao local da abordagem, foi encontrada uma bolsa com outras tr\u00eas armas. Ao todo foram apreendidas cinco espingardas, dois rev\u00f3lveres, muni\u00e7\u00f5es e diversos objetos roubados pelo grupo.<\/p>\n<p>Aos militares o menor confessou estar envolvido no homic\u00eddio de Ja\u00edba. Ele alegou que o motivo seria vingan\u00e7a, pois a v\u00edtima seria o mandante do assassinato de um de seus irm\u00e3os. Ele afirmou tamb\u00e9m que foi \u00e0 propriedade da v\u00edtima somente com o intuito de mat\u00e1-la. Os militares continuam as buscas na regi\u00e3o para tentar localizar os outros tr\u00eas envolvidos.<\/p>\n<p><img decoding=\"async\" src=\"http:\/\/aconteceunovale.com.br\/portal\/wp-content\/uploads\/2016\/11\/caso_jaiba_2.jpg\" alt=\"\" \/><em>Um suspeito foi detido pela PM (Foto: Divulga\u00e7\u00e3o\/PM)<\/em><br \/>\n<\/br><\/p>\n<p><strong>Entenda o caso<\/strong><\/p>\n<p>Jo\u00e3o Batista Alves da Silva, de 50 anos, foi morto enquanto tentava evitar que a filha fosse atingida por tiros. Segundo a Pol\u00edcia Militar, ele viu o momento em que quatro criminosos armados disparavam em dire\u00e7\u00e3o a ela e tentou defend\u00ea-la com um fac\u00e3o, mas acabou sendo atingido por diversos disparos.<\/p>\n<p>Depois de matarem o Jo\u00e3o Batista, os criminosos invadiram a casa dele e reviraram o im\u00f3vel. Eles ainda atearam fogo em quatro ve\u00edculos e roubaram R$ 450.<\/p>\n<p><img decoding=\"async\" src=\"http:\/\/aconteceunovale.com.br\/portal\/wp-content\/uploads\/2016\/11\/caso_jaiba_11.jpeg\" alt=\"\" \/><em>Grupo colocou fogo em quatro ve\u00edculos (Foto: Pol\u00edcia Militar\/Divulga\u00e7\u00e3o)<\/em><br \/>\n<\/br><\/p>\n<p><img decoding=\"async\" src=\"http:\/\/aconteceunovale.com.br\/portal\/wp-content\/uploads\/2016\/11\/caso_jaiba_3.jpg\" alt=\"\" \/><em>Armas apreendidas pela PM (Foto: Divulga\u00e7\u00e3o\/PM)<\/em><br \/>\n<\/br><\/p>\n<p><img decoding=\"async\" src=\"http:\/\/aconteceunovale.com.br\/portal\/wp-content\/uploads\/2016\/11\/caso_jaiba_5.jpg\" alt=\"\" \/><em>Armas apreendidas pela PM (Foto: Divulga\u00e7\u00e3o\/PM)<\/em><br \/>\n<\/br><\/p>\n<p><img decoding=\"async\" src=\"http:\/\/aconteceunovale.com.br\/portal\/wp-content\/uploads\/2016\/11\/caso_jaiba_4.jpg\" alt=\"\" \/><em>Ve\u00edculo recuperado pela PM (Foto: Divulga\u00e7\u00e3o\/PM)<\/em><br \/>\n<\/br><\/p>\n<p><em>(Fonte: G1 Grande Minas)<\/em><\/p>\n","protected":false},"excerpt":{"rendered":"<p>Um adolescente de 16 anos foi detido na tarde desta ter\u00e7a-feira (29\/11\/2016) em S\u00e3o Jo\u00e3o da Ponte, no Norte de Minas, suspeito de envolvimento no assassinato de Jo\u00e3o Batista Alves da Silva na zona rural de Ja\u00edba, na tarde desta segunda-feira (28). Quatro rapazes participaram do crime, de acordo com a Pol\u00edcia Militar (PM). A [&hellip;]<\/p>\n","protected":false},"author":1,"featured_media":103056,"comment_status":"open","ping_status":"closed","sticky":false,"template":"","format":"standard","meta":{"amp_status":"","footnotes":""},"categories":[1236],"tags":[83774,128053,1018,74229,1058,128054,128101,128100,83773,128102,83771],"class_list":["post-103053","post","type-post","status-publish","format-standard","has-post-thumbnail","hentry","category-norte_de_minas","tag-assassinato-jaiba","tag-criminosos-matam-dono-de-bar-e-colocam-fogo-em-veiculos-no-municipio-de-jaiba","tag-destaque","tag-homicidio-jaiba","tag-jaiba","tag-joao-batista-alves-da-silva","tag-joao-sem-medo","tag-morte-joao-sem-medo","tag-morto-jaiba","tag-suspeito-de-envolvimento-na-morte-de-comerciante-na-zona-rural-de-jaiba-e-detido-em-sao-joao-da-ponte","tag-violencia-jaiba"],"_links":{"self":[{"href":"https:\/\/aconteceunovale.com.br\/portal\/index.php?rest_route=\/wp\/v2\/posts\/103053","targetHints":{"allow":["GET"]}}],"collection":[{"href":"https:\/\/aconteceunovale.com.br\/portal\/index.php?rest_route=\/wp\/v2\/posts"}],"about":[{"href":"https:\/\/aconteceunovale.com.br\/portal\/index.php?rest_route=\/wp\/v2\/types\/post"}],"author":[{"embeddable":true,"href":"https:\/\/aconteceunovale.com.br\/portal\/index.php?rest_route=\/wp\/v2\/users\/1"}],"replies":[{"embeddable":true,"href":"https:\/\/aconteceunovale.com.br\/portal\/index.php?rest_route=%2Fwp%2Fv2%2Fcomments&post=103053"}],"version-history":[{"count":0,"href":"https:\/\/aconteceunovale.com.br\/portal\/index.php?rest_route=\/wp\/v2\/posts\/103053\/revisions"}],"wp:featuredmedia":[{"embeddable":true,"href":"https:\/\/aconteceunovale.com.br\/portal\/index.php?rest_route=\/wp\/v2\/media\/103056"}],"wp:attachment":[{"href":"https:\/\/aconteceunovale.com.br\/portal\/index.php?rest_route=%2Fwp%2Fv2%2Fmedia&parent=103053"}],"wp:term":[{"taxonomy":"category","embeddable":true,"href":"https:\/\/aconteceunovale.com.br\/portal\/index.php?rest_route=%2Fwp%2Fv2%2Fcategories&post=103053"},{"taxonomy":"post_tag","embeddable":true,"href":"https:\/\/aconteceunovale.com.br\/portal\/index.php?rest_route=%2Fwp%2Fv2%2Ftags&post=103053"}],"curies":[{"name":"wp","href":"https:\/\/api.w.org\/{rel}","templated":true}]}}