{"id":103050,"date":"2016-11-29T22:04:29","date_gmt":"2016-11-30T00:04:29","guid":{"rendered":"http:\/\/aconteceunovale.com.br\/portal\/?p=103050"},"modified":"2016-11-29T22:04:29","modified_gmt":"2016-11-30T00:04:29","slug":"ele-estava-no-melhor-momento-da-carreira-diz-amigo-de-piraporense-que-estava-no-aviao-da-chapecoense","status":"publish","type":"post","link":"https:\/\/aconteceunovale.com.br\/portal\/?p=103050","title":{"rendered":"\u201cEle estava no melhor momento da carreira&#8221;, diz amigo de piraporense que estava no avi\u00e3o da Chapecoense"},"content":{"rendered":"<p>No tr\u00e1gico acidente a\u00e9reo que sofreu a Associa\u00e7\u00e3o Chapecoense de Futebol, na madrugada desta ter\u00e7a-feira (29\/11\/2016), entre os mais de 70 mortos est\u00e1 o treinador de goleiros Anderson Martins, natural de Pirapora. Boi\u00e3o, como era chamado pelos colegas em Chapec\u00f3, viveu toda a inf\u00e2ncia e adolesc\u00eancia no Norte de Minas, onde deixou o pai, tios, primos e colegas de futebol amador. A fam\u00edlia de Anderson soube do acidente atrav\u00e9s da televis\u00e3o.<\/p>\n<p>H\u00e1 pelo menos tr\u00eas anos, o treinador de goleiros programava voltar \u00e0 cidade natal, e pretendia levar esposa e filhos, que moravam com ele em Santa Catarina. Anderson n\u00e3o pode fazer as visitas que gostaria, mas deixou saudades entre os entes queridos.<\/p>\n<p>\u201cA not\u00edcia foi um choque. Ele era um menino muito bom, batalhador. Ele fazia planos de visitar o pessoal daqui agora, no fim do ano, mas infelizmente n\u00e3o deu tempo. \u00c9 muito dif\u00edcil de aceitar\u201d, lamenta Lourival Martins, tio de Anderson.<\/p>\n<p>No Norte de Minas, o apelido do at\u00e9 ent\u00e3o goleiro era F\u00e1bio J\u00fanior. Cresceu jogando nos campos de v\u00e1rzea de Pirapora, sobretudo no antigo \u201cCampo de Cereso\u201d, que deu lugar a um supermercado no Bairro Santos Dumont. O tio de Anderson conta que ele sempre quis ser goleiro.<\/p>\n<p>\u201cDesde muito novo ele queria mesmo ser goleiro. Nunca ocupou outra posi\u00e7\u00e3o nos campos. Ele saiu daqui para tentar esse sonho, e quando viu que n\u00e3o ia dar certo, encontrou a chance de virar treinador de goleiros. Ele estava realizado, ficando famoso entre os clubes grandes por causa dos resultados que vinha conseguindo com os goleiros que preparava. Eu disse para o pai dele \u2018Anderson est\u00e1 de parab\u00e9ns\u2019\u201d, lembra Lourival, que tamb\u00e9m j\u00e1 foi treinador de futebol.<\/p>\n<p><img decoding=\"async\" src=\"http:\/\/aconteceunovale.com.br\/portal\/wp-content\/uploads\/2016\/11\/boiao_chape.jpg\" alt=\"\" \/><em>Anderson Boi\u00e3o, em Santa Catarina (Foto: Julia Galvao\/FutebolSC.com)<\/em><br \/>\n<\/br><\/p>\n<p><strong>Hist\u00f3ria no Pirapora Futebol Clube<\/strong><\/p>\n<p>A rela\u00e7\u00e3o de Boi\u00e3o com a defesa dos times come\u00e7ou muito cedo. O time de futebol de Pirapora, no auge da adolesc\u00eancia do esportista, come\u00e7ava a dar passos acertados e se destacar em Minas Gerais. Em uma das competi\u00e7\u00f5es, a equipe ganhou um campeonato amador e foi vista por clubes maiores. A partir de ent\u00e3o, Anderson, com 16 anos, foi defender outros gols.<\/p>\n<p>\u201cAnderson jogava com a gente aqui na cidade e sempre era diferencial no time. Fazias grandes defesas, tinha vontade de pegar a bola. Come\u00e7amos a ganhar alguns jogos e, quando vencemos o campeonato amador, o time do Democrata de Sete Lagoas o chamou para jogar. A\u00ed ele foi embora, foi atr\u00e1s do sonho dele\u201d, conta Luiz Pereira, amigo de inf\u00e2ncia de Anderson e dirigente do Pirapora Futebol Clube.<\/p>\n<p>V\u00e1rias traves emolduraram a trajet\u00f3ria de Anderson depois da passagem por Sete Lagoas. Jogou em times no Distrito Federal, inclusive no Bras\u00edlia, depois foi goleiro no Paran\u00e1. Viu a oportunidade de virar treinador de goleiros no Chapecoense e, no auge da carreira, teve o sonho interrompido.<\/p>\n<p>\u201cN\u00f3s sempre nos fal\u00e1vamos, quase todas as noites pelas redes sociais. Anderson contava que o Danilo, goleiro da Chapecoense, estava se destacando, e que as pessoas estavam reconhecendo o trabalho dele. Estava sendo cotado pelos grandes clubes e pretendia crescer cada vez mais ao lado dos jogadores. Eles foram acreditando na vit\u00f3ria, mas n\u00e3o puderam voltar para as fam\u00edlias\u201d, diz Luiz.<\/p>\n<p>\u201cEle estava no melhor momento da carreira. Trocamos camisas dos nosso times recentemente, ele me disse que iria fazer a viagem, e que quando voltasse postaria uma foto usando a camisa do Pirapora nas redes sociais\u201d, fala Luiz Pereira, amigo de Anderson e dono do Pirapora Esporte Clube.<\/p>\n<p><strong>O \u2018Boi\u00e3o\u2019<\/strong><\/p>\n<p>Em Chapec\u00f3 desde 2008, Anderson virou Boi\u00e3o no sul do Brasil. O apelido era uma brincadeira entre os colegas de clube. Ao procurar pelo almo\u00e7o pronto, o treinador de goleiros perguntou sobre a \u201cboia\u201d, g\u00edria usada pelos norte-mineiros quando se referem ao prato feito.<\/p>\n<p>O amigo Luiz Pereira n\u00e3o usa camisa de time, mas, nesta ter\u00e7a, a camisa do Chapecoense foi escolhida pelo treinador. \u201cNunca visto materiais de times, mas hoje \u00e9 com o Chapec\u00f3 que vou ficar o dia todo. A imagem que vai ficar do Anderson s\u00e3o os jogos nos campinhos de terra, as brincadeiras, quando chamava ele de \u2018barca furada\u2019. \u00c9 duro de aceitar uma perda dessas\u201d, comenta.<\/p>\n<p><em>(Fonte: G1 Grande Minas)<\/em><\/p>\n","protected":false},"excerpt":{"rendered":"<p>No tr\u00e1gico acidente a\u00e9reo que sofreu a Associa\u00e7\u00e3o Chapecoense de Futebol, na madrugada desta ter\u00e7a-feira (29\/11\/2016), entre os mais de 70 mortos est\u00e1 o treinador de goleiros Anderson Martins, natural de Pirapora. Boi\u00e3o, como era chamado pelos colegas em Chapec\u00f3, viveu toda a inf\u00e2ncia e adolesc\u00eancia no Norte de Minas, onde deixou o pai, tios, [&hellip;]<\/p>\n","protected":false},"author":1,"featured_media":103051,"comment_status":"open","ping_status":"closed","sticky":false,"template":"","format":"standard","meta":{"amp_status":"","footnotes":""},"categories":[59,1236],"tags":[128014,128009,694,72438,128020,127999,127987,128006,128049,128002,128015,128031,128005,128004,127986,127975,127993,128099,128039,128040,127981,128050,128046,127979,128052,128045,19787,128030,128019,127985,127984,128016,127972,127974,128018,128010,128013,4606,128001,127973,127982,127998,9083,13241,128029,15464,128022,956,128047,127980,128028,1018,127992,62935,128051,128017,14190,15603,21232,128003,127995,206,127988,127989,127983,128021,128026,35767,127994,80046,26352,128012,946,128048,18373,254,128098,128025,127991,127996,128027,127978,127977,37778,128011,63041,127997,128008,128007,127976,1532,127990,65331,128000,128023,128024,128041,128038],"class_list":["post-103050","post","type-post","status-publish","format-standard","has-post-thumbnail","hentry","category-sports","category-norte_de_minas","tag-accidente-aereo-del-chapecoense","tag-accidente-del-avion-de-chapecoense","tag-acidente","tag-acidente-aereo","tag-acidente-aereo-com-a-delegacao-da-chapecoense","tag-acidente-aviao-cerro-gordo","tag-acidente-aviao-lamia-corporation","tag-acidente-chapecoense","tag-acidente-com-a-chapecoense","tag-acidente-com-aviao","tag-acidente-com-aviao-da-chapecoense","tag-acidente-com-aviao-que-transportava-delegacao-da-chapecoense-deixa-76-mortos","tag-acidente-com-o-aviao-da-chapecoense","tag-acidente-com-o-aviao-da-chapecoense-na-colombia","tag-acidente-lamia-corporation","tag-aeroporto-jose-maria-cordova","tag-alan-ruschel","tag-amigo-de-piraporense-que-estava-no-aviao-da-chapecoense","tag-anderson-boiao","tag-anderson-roberto-martins","tag-antioquia","tag-apos-acidente-com-chapecoense","tag-atletico-nacional","tag-atletico-nacional-da-colombia","tag-atletico-nacional-de-medelin","tag-atletico-nacional-de-medelin-propoe-que-titulo-da-copa-sul-americana-fique-com-chapecoense","tag-aviao","tag-aviao-com-a-chapecoense","tag-aviao-com-jogadores-da-chapecoense","tag-aviao-lamia","tag-aviao-lamia-corporation","tag-aviao-que-levava-chapecoense-para-final-da-sul-americana","tag-aviao-que-levava-o-time-da-chapecoense","tag-aviao-que-levava-o-time-da-chapecoense-caiu-na-colombia","tag-aviao-que-transportava-time-da-chapecoense","tag-avion-de-chapecoense","tag-avion-que-transportaba-chapecoense","tag-brasilia","tag-british-aerospace-146","tag-caiu-na-colombia","tag-caiu-na-regiao-da-provincia-de-antioquia","tag-cerro-gordo","tag-chapeco","tag-chapecoense","tag-chapecoense-distribui-nota-lamentando-tragedia","tag-colombia","tag-confira-a-lista-de-passageiros-no-aviao-da-chapecoense","tag-contagem","tag-copa-sul-americanaviao","tag-cp-2933","tag-delfim-peixoto-filho","tag-destaque","tag-elkin-ospina","tag-feridos","tag-final-da-copa-do-brasil-e-remarcada-para-dia-7","tag-final-da-sul-americana","tag-flamengo","tag-fluminense","tag-futebol","tag-informacoes-sobre-o-acidente-com-o-aviao-da-chapecoense-na-colombia","tag-jackson-follmann","tag-juiz-de-fora","tag-la-ceja","tag-la-union","tag-lamia-corporation","tag-lista-de-passageiros-no-aviao-da-chapecoense","tag-luciano-buligon","tag-manifestacoes","tag-marcos-danilo-padilha","tag-medellin","tag-mortos","tag-oriente-antioqueno","tag-papa-francisco","tag-papa-francisco-lamenta-acidente-com-chapecoense","tag-parana","tag-pirapora","tag-pirapora-futebol-clube","tag-prefeito-de-chapeco","tag-prefeito-de-la-ceja","tag-prefeito-de-la-ceja-diz-que-dez-pessoas-foram-resgatadas","tag-presidente-da-federacao-catarinense-de-futebol","tag-primeira-partida-da-final-da-copa-sul-americana","tag-primeira-partida-da-final-da-copa-sul-americana-contra-o-atletico-nacional-da-colombia","tag-protesto-santa-cruz-de-la-sierra","tag-queda-avion-de-chapecoense","tag-queda-de-aviao","tag-queda-de-aviao-em-cerro-gordo","tag-queda-do-aviao-da-chapecoense","tag-queda-do-aviao-da-chapecoense-na-colombia","tag-rionegro","tag-sete-lagoas","tag-time","tag-tragedia","tag-tragedia-com-aviao-que-levava-a-chapecoense","tag-veja-a-lista-de-passageiros-no-aviao-da-chapecoense","tag-ver-lista-de-passageiros-no-aviao-da-chapecoense","tag-zagueiro-demerson-escapa-do-acidente","tag-zagueiro-marcelo-mathias"],"_links":{"self":[{"href":"https:\/\/aconteceunovale.com.br\/portal\/index.php?rest_route=\/wp\/v2\/posts\/103050","targetHints":{"allow":["GET"]}}],"collection":[{"href":"https:\/\/aconteceunovale.com.br\/portal\/index.php?rest_route=\/wp\/v2\/posts"}],"about":[{"href":"https:\/\/aconteceunovale.com.br\/portal\/index.php?rest_route=\/wp\/v2\/types\/post"}],"author":[{"embeddable":true,"href":"https:\/\/aconteceunovale.com.br\/portal\/index.php?rest_route=\/wp\/v2\/users\/1"}],"replies":[{"embeddable":true,"href":"https:\/\/aconteceunovale.com.br\/portal\/index.php?rest_route=%2Fwp%2Fv2%2Fcomments&post=103050"}],"version-history":[{"count":0,"href":"https:\/\/aconteceunovale.com.br\/portal\/index.php?rest_route=\/wp\/v2\/posts\/103050\/revisions"}],"wp:featuredmedia":[{"embeddable":true,"href":"https:\/\/aconteceunovale.com.br\/portal\/index.php?rest_route=\/wp\/v2\/media\/103051"}],"wp:attachment":[{"href":"https:\/\/aconteceunovale.com.br\/portal\/index.php?rest_route=%2Fwp%2Fv2%2Fmedia&parent=103050"}],"wp:term":[{"taxonomy":"category","embeddable":true,"href":"https:\/\/aconteceunovale.com.br\/portal\/index.php?rest_route=%2Fwp%2Fv2%2Fcategories&post=103050"},{"taxonomy":"post_tag","embeddable":true,"href":"https:\/\/aconteceunovale.com.br\/portal\/index.php?rest_route=%2Fwp%2Fv2%2Ftags&post=103050"}],"curies":[{"name":"wp","href":"https:\/\/api.w.org\/{rel}","templated":true}]}}