{"id":102901,"date":"2016-11-28T07:44:59","date_gmt":"2016-11-28T10:44:59","guid":{"rendered":"http:\/\/aconteceunovale.com.br\/portal\/?p=102901"},"modified":"2016-11-28T07:44:59","modified_gmt":"2016-11-28T10:44:59","slug":"previsao-do-tempo-para-minas-gerais-nesta-segunda-feira-28-de-novembro","status":"publish","type":"post","link":"https:\/\/aconteceunovale.com.br\/portal\/?p=102901","title":{"rendered":"Previs\u00e3o do tempo para Minas Gerais, nesta segunda-feira, 28 de novembro"},"content":{"rendered":"<h4><strong><em>C\u00e9u nublado a parcialmente nublado, com possibilidade de chuva no decorrer do dia na maior parte do estado. Na capital, temperatura m\u00e1xima chega a 31 graus.<\/em><\/strong><\/h4>\n<p>Nesta segunda-feira (28\/11) as condi\u00e7\u00f5es meteorol\u00f3gicas s\u00e3o favor\u00e1veis \u00e0 ocorr\u00eancia de pancadas de chuvas em parte do Sudeste do Brasil, por causa da intensifica\u00e7\u00e3o de \u00e1reas de instabilidade atmosf\u00e9ricas.<\/p>\n<p>Em Minas Gerais o tempo deve ficar nublado, com pancadas de chuva e trovoadas isoladas no Noroeste, no Tri\u00e2ngulo Mineiro, no Alto Parana\u00edba, no Sul e no Oeste.<\/p>\n<p>Nas outras regi\u00f5es mineiras o tempo deve ficar parcialmente nublado. H\u00e1 possibilidade de chuva no Centro, na Zona da Mata e no Campo das Vertentes.<\/p>\n<p>Na Regi\u00e3o Metropolitana de Belo Horizonte a semana come\u00e7a com tempo parcialmente nublado e h\u00e1 possibilidade de pancadas de chuva isolada.<\/p>\n<p>Na capital o dia ser\u00e1 de tempo parcialmente nublado, com chances de chuvas a partir da tarde. A temperatura deve variar entre 18\u00b0C e 31\u00b0C, com umidade do ar \u00e0 tarde na casa dos 45%.<\/p>\n","protected":false},"excerpt":{"rendered":"<p>C\u00e9u nublado a parcialmente nublado, com possibilidade de chuva no decorrer do dia na maior parte do estado. Na capital, temperatura m\u00e1xima chega a 31 graus. Nesta segunda-feira (28\/11) as condi\u00e7\u00f5es meteorol\u00f3gicas s\u00e3o favor\u00e1veis \u00e0 ocorr\u00eancia de pancadas de chuvas em parte do Sudeste do Brasil, por causa da intensifica\u00e7\u00e3o de \u00e1reas de instabilidade atmosf\u00e9ricas. [&hellip;]<\/p>\n","protected":false},"author":1,"featured_media":101017,"comment_status":"open","ping_status":"closed","sticky":false,"template":"","format":"standard","meta":{"amp_status":"","footnotes":""},"categories":[123],"tags":[127726,194,131,44471,1956,27340,127731,86833,127730,1839,127728,28170,127727,127729],"class_list":["post-102901","post","type-post","status-publish","format-standard","has-post-thumbnail","hentry","category-gerais","tag-28-de-novembro","tag-belo-horizonte","tag-minas-gerais","tag-nesta-segunda-feira","tag-previsao-do-tempo","tag-previsao-do-tempo-para-belo-horizonte","tag-previsao-do-tempo-para-belo-horizonte-28-de-novembro","tag-previsao-do-tempo-para-belo-horizonte-nesta-segunda-feira","tag-previsao-do-tempo-para-belo-horizonte-nesta-segunda-feira-28-de-novembro","tag-previsao-do-tempo-para-minas-gerais","tag-previsao-do-tempo-para-minas-gerais-28-de-novembro","tag-previsao-do-tempo-para-minas-gerais-nesta-segunda-feira","tag-previsao-do-tempo-para-minas-gerais-nesta-segunda-feira-28-de-novembro","tag-segunda-feira-28-de-novembro"],"_links":{"self":[{"href":"https:\/\/aconteceunovale.com.br\/portal\/index.php?rest_route=\/wp\/v2\/posts\/102901","targetHints":{"allow":["GET"]}}],"collection":[{"href":"https:\/\/aconteceunovale.com.br\/portal\/index.php?rest_route=\/wp\/v2\/posts"}],"about":[{"href":"https:\/\/aconteceunovale.com.br\/portal\/index.php?rest_route=\/wp\/v2\/types\/post"}],"author":[{"embeddable":true,"href":"https:\/\/aconteceunovale.com.br\/portal\/index.php?rest_route=\/wp\/v2\/users\/1"}],"replies":[{"embeddable":true,"href":"https:\/\/aconteceunovale.com.br\/portal\/index.php?rest_route=%2Fwp%2Fv2%2Fcomments&post=102901"}],"version-history":[{"count":0,"href":"https:\/\/aconteceunovale.com.br\/portal\/index.php?rest_route=\/wp\/v2\/posts\/102901\/revisions"}],"wp:featuredmedia":[{"embeddable":true,"href":"https:\/\/aconteceunovale.com.br\/portal\/index.php?rest_route=\/wp\/v2\/media\/101017"}],"wp:attachment":[{"href":"https:\/\/aconteceunovale.com.br\/portal\/index.php?rest_route=%2Fwp%2Fv2%2Fmedia&parent=102901"}],"wp:term":[{"taxonomy":"category","embeddable":true,"href":"https:\/\/aconteceunovale.com.br\/portal\/index.php?rest_route=%2Fwp%2Fv2%2Fcategories&post=102901"},{"taxonomy":"post_tag","embeddable":true,"href":"https:\/\/aconteceunovale.com.br\/portal\/index.php?rest_route=%2Fwp%2Fv2%2Ftags&post=102901"}],"curies":[{"name":"wp","href":"https:\/\/api.w.org\/{rel}","templated":true}]}}