{"id":102876,"date":"2016-11-27T20:50:26","date_gmt":"2016-11-27T23:50:26","guid":{"rendered":"http:\/\/aconteceunovale.com.br\/portal\/?p=102876"},"modified":"2016-11-27T20:50:26","modified_gmt":"2016-11-27T23:50:26","slug":"pesquisadores-de-universidade-mineira-criam-ergometro-para-atletas-cadeirantes","status":"publish","type":"post","link":"https:\/\/aconteceunovale.com.br\/portal\/?p=102876","title":{"rendered":"Pesquisadores de universidade mineira criam erg\u00f4metro para atletas cadeirantes"},"content":{"rendered":"<p>Um grupo de pesquisadores da Universidade Federal de Uberl\u00e2ndia (UFU) trabalha no desenvolvimento de equipamentos para auxiliar o treinamento e a avalia\u00e7\u00e3o de atletas com defici\u00eancia. O primeiro deles, que dever\u00e1 chegar aos centros de treinamento em 2017, \u00e9 um erg\u00f4metro para cadeirantes.<\/p>\n<p>Os erg\u00f4metros s\u00e3o aparelhos utilizados para calcular o esfor\u00e7o f\u00edsico e podem ter diversas formas, como esteiras e bicicletas ergom\u00e9tricas. A proposta do erg\u00f4metro constru\u00eddo pelos pesquisadores da UFU \u00e9 simular uma cadeira de rodas para avaliar a condi\u00e7\u00e3o f\u00edsica de cadeirantes que praticam modalidades como atletismo, basquete e t\u00eanis. O atleta executa no equipamento o mesmo movimento que faria para propulsionar as rodas de sua cadeira durante o esporte.<\/p>\n<p>\u201cO nosso erg\u00f4metro utiliza um sistema de resist\u00eancia eletromagn\u00e9tica em que \u00e9 poss\u00edvel a sele\u00e7\u00e3o de at\u00e9 oito n\u00edveis. Podemos medir as velocidades e pot\u00eancias exercidas, a energia gasta durante o exerc\u00edcio e os respectivos \u00edndices de fadiga. Outra caracter\u00edstica do equipamento \u00e9 que suas dimens\u00f5es podem ser ajustadas de acordo com o tamanho e posicionamento do usu\u00e1rio\u201d, explica o engenheiro que coordena o projeto, Cleudmar de Ara\u00fajo. Segundo ele, o equipamento poder\u00e1 ajudar treinadores e atletas brasileiros a estabelecer um treinamento para aprimorar o condicionamento e a performance f\u00edsica, al\u00e9m de permitir o acompanhamento da evolu\u00e7\u00e3o do desempenho.<\/p>\n<p>O coordenador de Ci\u00eancia do Esporte do Comit\u00ea Paral\u00edmpico Brasileiro (CPB), Ciro Winckler, que tem acompanhado a pesquisa da UFU, diz que o projeto \u00e9 inovador e aguarda a chegada do aparelho aos centros de treinamento. \u201c\u00c9 um erg\u00f4metro para qualquer modalidade que utilize cadeira de rodas e pode ser ajustado facilmente para qualquer atleta.\u201d<\/p>\n<p>Estrutura da CPB respons\u00e1vel pela aproxima\u00e7\u00e3o com as universidades, a Academia Paral\u00edmpica Brasileira levou a Belo Horizonte no m\u00eas passado o 5\u00ba Congresso Paradesportivo Internacional.<\/p>\n<p>Para Winckler, a parceria entre a entidade esportiva e os cientistas \u00e9 fundamental. \u201cPrecisamos abrir cada vez mais as portas para este tipo de iniciativa porque realmente essa \u00e9 uma limita\u00e7\u00e3o no Brasil. Os equipamentos que usamos s\u00e3o em sua grande maioria importados.\u201d<\/p>\n<p>A constru\u00e7\u00e3o do erg\u00f4metro \u00e9 um projeto de longo prazo que teve in\u00edcio na UFU em 2007 e ganhou for\u00e7a em 2012 com a cria\u00e7\u00e3o do N\u00facleo de Habilita\u00e7\u00e3o e Reabilita\u00e7\u00e3o em Esportes Paral\u00edmpicos, formado por uma equipe multidisciplinar de pesquisadores das \u00e1reas de engenharia mec\u00e2nica, mecatr\u00f4nica, educa\u00e7\u00e3o f\u00edsica, fisioterapia, odontologia e medicina. A proposta do grupo \u00e9 desenvolver inova\u00e7\u00f5es em tecnologias voltadas para diversas modalidades esportivas praticadas por pessoas com defici\u00eancia. A iniciativa tem o apoio da Funda\u00e7\u00e3o de Amparo \u00e0 Pesquisa do Estado de Minas Gerais (Fapemig).<\/p>\n<p><strong>Patente<\/strong><\/p>\n<p>Os engenheiros da UFU j\u00e1 desenvolveram duas vers\u00f5es do erg\u00f4metro. A expectativa \u00e9 que a terceira vers\u00e3o, que est\u00e1 sendo finalizada, possa atrair empresas parceiras para que o equipamento chegue ao mercado. O pedido de registro patente j\u00e1 foi feito. Segundo Cleudmar de Ara\u00fajo, n\u00e3o h\u00e1 no Brasil e no exterior nenhum aparelho com as mesmas caracter\u00edsticas. Assim que a terceira vers\u00e3o for conclu\u00edda, o equipamento ser\u00e1 apresentada ao CPB e em feiras esportivas e de tecnologia.<\/p>\n<p>Segundo os pesquisadores, o erg\u00f4metro adaptado poder\u00e1 estar nos centros de treinamento em 2017. \u201cTem ainda todo um processo de desenvolver o design do produto, a fase de transfer\u00eancia de tecnologia, isso tudo ainda precisa ser feito\u201d, explica Ara\u00fajo. Al\u00e9m do erg\u00f4metro, tamb\u00e9m est\u00e3o em desenvolvimento na UFU equipamentos paradespotivos para nata\u00e7\u00e3o, atletismo, arremesso de peso, entre outros.<\/p>\n<p><img decoding=\"async\" src=\"http:\/\/aconteceunovale.com.br\/portal\/wp-content\/uploads\/2016\/11\/ergometro_ufu.jpg\" alt=\"\" \/><em>Erg\u00f4metro para cadeirantes que avalia a real condi\u00e7\u00e3o f\u00edsica da pessoa com defici\u00eancia e pode contribuir para o treinamento de atletas (Foto: Divulga\u00e7\u00e3o\/Fapemig)<\/em><br \/>\n<\/br><\/p>\n<p><em>(Fonte: Ag\u00eancia Brasil)<\/em><\/p>\n","protected":false},"excerpt":{"rendered":"<p>Um grupo de pesquisadores da Universidade Federal de Uberl\u00e2ndia (UFU) trabalha no desenvolvimento de equipamentos para auxiliar o treinamento e a avalia\u00e7\u00e3o de atletas com defici\u00eancia. O primeiro deles, que dever\u00e1 chegar aos centros de treinamento em 2017, \u00e9 um erg\u00f4metro para cadeirantes. Os erg\u00f4metros s\u00e3o aparelhos utilizados para calcular o esfor\u00e7o f\u00edsico e podem [&hellip;]<\/p>\n","protected":false},"author":1,"featured_media":102877,"comment_status":"open","ping_status":"closed","sticky":false,"template":"","format":"standard","meta":{"amp_status":"","footnotes":""},"categories":[123,40242],"tags":[127703,194,127702,84796,127701,84797,127704,127705,127699,127706,127707,127700,44568,42967,31010],"class_list":["post-102876","post","type-post","status-publish","format-standard","has-post-thumbnail","hentry","category-gerais","category-saude-2","tag-5o-congresso-paradesportivo-internacional","tag-belo-horizonte","tag-ciro-winckler","tag-cleudmar-de-araujo","tag-equipamentos-para-auxiliar-o-treinamento-e-a-avaliacao-de-atletas-com-deficiencia","tag-ergometro","tag-ergometro-para-atletas-cadeirantes","tag-ergometro-para-atletas-cadeirantes-ufu","tag-paradesporto","tag-pesquisadores-da-ufu-criam-ergometro-para-atletas-cadeirantes","tag-pesquisadores-da-universidade-federal-de-uberlandia-criam-ergometro-para-atletas-cadeirantes","tag-pesquisadores-de-universidade-mineira-criam-ergometro-para-atletas-cadeirantes","tag-pessoas-com-deficiencia","tag-ufu","tag-universidade-federal-de-uberlandia"],"_links":{"self":[{"href":"https:\/\/aconteceunovale.com.br\/portal\/index.php?rest_route=\/wp\/v2\/posts\/102876","targetHints":{"allow":["GET"]}}],"collection":[{"href":"https:\/\/aconteceunovale.com.br\/portal\/index.php?rest_route=\/wp\/v2\/posts"}],"about":[{"href":"https:\/\/aconteceunovale.com.br\/portal\/index.php?rest_route=\/wp\/v2\/types\/post"}],"author":[{"embeddable":true,"href":"https:\/\/aconteceunovale.com.br\/portal\/index.php?rest_route=\/wp\/v2\/users\/1"}],"replies":[{"embeddable":true,"href":"https:\/\/aconteceunovale.com.br\/portal\/index.php?rest_route=%2Fwp%2Fv2%2Fcomments&post=102876"}],"version-history":[{"count":0,"href":"https:\/\/aconteceunovale.com.br\/portal\/index.php?rest_route=\/wp\/v2\/posts\/102876\/revisions"}],"wp:featuredmedia":[{"embeddable":true,"href":"https:\/\/aconteceunovale.com.br\/portal\/index.php?rest_route=\/wp\/v2\/media\/102877"}],"wp:attachment":[{"href":"https:\/\/aconteceunovale.com.br\/portal\/index.php?rest_route=%2Fwp%2Fv2%2Fmedia&parent=102876"}],"wp:term":[{"taxonomy":"category","embeddable":true,"href":"https:\/\/aconteceunovale.com.br\/portal\/index.php?rest_route=%2Fwp%2Fv2%2Fcategories&post=102876"},{"taxonomy":"post_tag","embeddable":true,"href":"https:\/\/aconteceunovale.com.br\/portal\/index.php?rest_route=%2Fwp%2Fv2%2Ftags&post=102876"}],"curies":[{"name":"wp","href":"https:\/\/api.w.org\/{rel}","templated":true}]}}