{"id":102849,"date":"2016-11-27T18:36:45","date_gmt":"2016-11-27T21:36:45","guid":{"rendered":"http:\/\/aconteceunovale.com.br\/portal\/?p=102849"},"modified":"2016-11-27T22:06:29","modified_gmt":"2016-11-28T01:06:29","slug":"supermercado-pega-fogo-em-padre-paraiso-no-vale-do-jequitinhonha","status":"publish","type":"post","link":"https:\/\/aconteceunovale.com.br\/portal\/?p=102849","title":{"rendered":"Supermercado pega fogo em Padre Para\u00edso, no Vale do Jequitinhonha"},"content":{"rendered":"<p>Um supermercado pegou fogo na tarde deste domingo, 27 de novembro de 2016, na regi\u00e3o central de Padre Para\u00edso, no Vale do Jequitinhonha. As chamas foram combatidas pela popula\u00e7\u00e3o com o aux\u00edlio de um caminh\u00e3o-pipa.  O preju\u00edzo ainda n\u00e3o foi calculado. <\/p>\n<p>Por volta das 16h, transeuntes e moradores vizinhos ao Supermercado Ornelas, localizado pr\u00f3ximo \u00e0 pra\u00e7a principal da cidade e da BR-116, bem no Centro, perceberam fuma\u00e7a saindo do estabelecimento comercial. Rapidamente, populares arrombaram uma das portas e tentaram salvar o que foi poss\u00edvel. Um caminh\u00e3o-pipa tamb\u00e9m foi usado para conter as chamas.<\/p>\n<p>As causas do inc\u00eandio ainda s\u00e3o desconhecidas e ser\u00e3o apuradas pelas autoridades competentes. Imagens registradas por internautas e enviadas ao Aconteceu no Vale mostram a a\u00e7\u00e3o dos moradores para amenizar o preju\u00edzo do propriet\u00e1rio do supermercado, que segundo informa\u00e7\u00f5es estaria em outra cidade para a formatura de uma filha.<\/p>\n<p>Padre Para\u00edso \u00e9 um munic\u00edpio da microrregi\u00e3o de Ara\u00e7ua\u00ed, est\u00e1 localizado \u00e0s margens da BR-116 (Rio\/Bahia) e possui uma popula\u00e7\u00e3o de quase vinte mil habitantes. Infelizmente a cidade n\u00e3o conta com equipe do Corpo de Bombeiros e a base mais pr\u00f3xima \u00e9 o 2\u00ba Pelot\u00e3o\/2\u00aa Cia BM, instalada em Te\u00f3filo Otoni, a cerca de 100 quil\u00f4metros. <\/p>\n<p>Policiais militares compareceram ao local para registro da ocorr\u00eancia e tomar as devidas provid\u00eancias.<\/p>\n<p><strong>V\u00eddeo mostra a\u00e7\u00e3o de populares para conter o inc\u00eandio:<\/strong><\/p>\n<p><iframe loading=\"lazy\" width=\"640\" height=\"360\" src=\"https:\/\/www.youtube.com\/embed\/muPbADpSbGI\" frameborder=\"0\" allowfullscreen><\/iframe><br \/>\n<\/br><\/p>\n<p><img decoding=\"async\" src=\"http:\/\/aconteceunovale.com.br\/portal\/wp-content\/uploads\/2016\/11\/supemercado_pp_1.jpg\" alt=\"\" \/><em>Moradores ajudaram a conter as chamas (Foto: Reprodu\u00e7\u00e3o\/WhatsApp)<\/em><br \/>\n<\/br><\/p>\n<p><img decoding=\"async\" src=\"http:\/\/aconteceunovale.com.br\/portal\/wp-content\/uploads\/2016\/11\/supemercado_pp_2.jpg\" alt=\"\" \/><em>Moradores ajudaram a conter as chamas (Foto: Reprodu\u00e7\u00e3o\/WhatsApp)<\/em><br \/>\n<\/br><\/p>\n<p><img decoding=\"async\" src=\"http:\/\/aconteceunovale.com.br\/portal\/wp-content\/uploads\/2016\/11\/supemercado_pp_3.jpg\" alt=\"\" \/><em>Moradores ajudaram a conter as chamas (Foto: Reprodu\u00e7\u00e3o\/WhatsApp)<\/em><br \/>\n<\/br><\/p>\n<p><img decoding=\"async\" src=\"http:\/\/aconteceunovale.com.br\/portal\/wp-content\/uploads\/2016\/11\/incendio_pp_supermercado_1.jpg\" alt=\"\" \/><em>Inc\u00eandio causou destrui\u00e7\u00e3o no supermercado (Foto: Enviada por Meirele Rodrigues)<\/em><br \/>\n<\/br><\/p>\n<p><img decoding=\"async\" src=\"http:\/\/aconteceunovale.com.br\/portal\/wp-content\/uploads\/2016\/11\/incendio_pp_supermercado_2.jpg\" alt=\"\" \/><em>Inc\u00eandio causou destrui\u00e7\u00e3o no supermercado (Foto: Enviada por Meirele Rodrigues)<\/em><br \/>\n<\/br><\/p>\n<p><img decoding=\"async\" src=\"http:\/\/aconteceunovale.com.br\/portal\/wp-content\/uploads\/2016\/11\/incendio_pp_supermercado_3.jpg\" alt=\"\" \/><em>Inc\u00eandio causou destrui\u00e7\u00e3o no supermercado (Foto: Enviada por Meirele Rodrigues)<\/em><\/p>\n","protected":false},"excerpt":{"rendered":"<p>Um supermercado pegou fogo na tarde deste domingo, 27 de novembro de 2016, na regi\u00e3o central de Padre Para\u00edso, no Vale do Jequitinhonha. As chamas foram combatidas pela popula\u00e7\u00e3o com o aux\u00edlio de um caminh\u00e3o-pipa. O preju\u00edzo ainda n\u00e3o foi calculado. Por volta das 16h, transeuntes e moradores vizinhos ao Supermercado Ornelas, localizado pr\u00f3ximo \u00e0 [&hellip;]<\/p>\n","protected":false},"author":1,"featured_media":102852,"comment_status":"open","ping_status":"closed","sticky":false,"template":"","format":"standard","meta":{"amp_status":"","footnotes":""},"categories":[120],"tags":[1018,127658,127657,127655,127653,127656,127654,572,127651,127652],"class_list":["post-102849","post","type-post","status-publish","format-standard","has-post-thumbnail","hentry","category-jequi","tag-destaque","tag-fogo-no-supermercado-ornelas-em-padre-paraiso","tag-incendio-em-padre-paraiso","tag-incendio-ornelas-padre-paraiso","tag-incendio-padre-paraiso","tag-incendio-supermercado-de-padre-paraiso","tag-incendio-supermercado-ornelas","tag-padre-paraiso","tag-supermercado-pega-fogo-em-padre-paraiso","tag-supermercado-pega-fogo-em-padre-paraiso-no-vale-do-jequitinhonha"],"_links":{"self":[{"href":"https:\/\/aconteceunovale.com.br\/portal\/index.php?rest_route=\/wp\/v2\/posts\/102849","targetHints":{"allow":["GET"]}}],"collection":[{"href":"https:\/\/aconteceunovale.com.br\/portal\/index.php?rest_route=\/wp\/v2\/posts"}],"about":[{"href":"https:\/\/aconteceunovale.com.br\/portal\/index.php?rest_route=\/wp\/v2\/types\/post"}],"author":[{"embeddable":true,"href":"https:\/\/aconteceunovale.com.br\/portal\/index.php?rest_route=\/wp\/v2\/users\/1"}],"replies":[{"embeddable":true,"href":"https:\/\/aconteceunovale.com.br\/portal\/index.php?rest_route=%2Fwp%2Fv2%2Fcomments&post=102849"}],"version-history":[{"count":0,"href":"https:\/\/aconteceunovale.com.br\/portal\/index.php?rest_route=\/wp\/v2\/posts\/102849\/revisions"}],"wp:featuredmedia":[{"embeddable":true,"href":"https:\/\/aconteceunovale.com.br\/portal\/index.php?rest_route=\/wp\/v2\/media\/102852"}],"wp:attachment":[{"href":"https:\/\/aconteceunovale.com.br\/portal\/index.php?rest_route=%2Fwp%2Fv2%2Fmedia&parent=102849"}],"wp:term":[{"taxonomy":"category","embeddable":true,"href":"https:\/\/aconteceunovale.com.br\/portal\/index.php?rest_route=%2Fwp%2Fv2%2Fcategories&post=102849"},{"taxonomy":"post_tag","embeddable":true,"href":"https:\/\/aconteceunovale.com.br\/portal\/index.php?rest_route=%2Fwp%2Fv2%2Ftags&post=102849"}],"curies":[{"name":"wp","href":"https:\/\/api.w.org\/{rel}","templated":true}]}}