{"id":102843,"date":"2016-11-27T13:41:23","date_gmt":"2016-11-27T16:41:23","guid":{"rendered":"http:\/\/aconteceunovale.com.br\/portal\/?p=102843"},"modified":"2016-11-27T13:41:23","modified_gmt":"2016-11-27T16:41:23","slug":"temer-anuncia-acordo-com-congresso-para-impedir-anistia-a-caixa-2","status":"publish","type":"post","link":"https:\/\/aconteceunovale.com.br\/portal\/?p=102843","title":{"rendered":"Temer anuncia acordo com Congresso para impedir anistia a caixa 2"},"content":{"rendered":"<p>Acompanhado dos presidentes das duas casas legislativas, o presidente Michel Temer disse, em coletiva de imprensa convocada para este domingo (27\/11\/2016), que foi feito um acordo institucional entre Executivo e Legislativo para garantir que n\u00e3o prosperar\u00e1 qualquer tentativa de anistiar crimes de caixa 2.<\/p>\n<p>\u201cEstamos aqui para revelar que, no tocante da anistia, h\u00e1 uma unanimidade dos dirigentes do Poder Executivo e do Poder Legislativo. Verificamos que \u00e9 preciso se atender \u00e0 voz das ruas, o que significa reproduzirmos um dispositivo constitucional que diz: o poder n\u00e3o \u00e9 nosso; n\u00e3o \u00e9 nem do presidente da Rep\u00fablica nem do Senado nem da C\u00e2mara. \u00c9 do povo. Quando o povo manifesta a urg\u00eancia, ela h\u00e1 de ser tomada pelo Poder Legislativo e igualmente pelo Executivo\u201d, disse Temer ao abrir a coletiva de imprensa no Pal\u00e1cio do Planalto.<\/p>\n<p>Segundo ele, esse \u201cajustamento institucional\u201d foi feito com vistas a \u201cimpedir a tramita\u00e7\u00e3o de qualquer proposta\u201d que vise a chamada anistia. \u201cAt\u00e9 porque essa quest\u00e3o da anistia, em um dado momento, viria \u00e0 Presid\u00eancia da Rep\u00fablica, a quem caberia vetar ou n\u00e3o vetar\u201d, acrescentou.<\/p>\n<p>Temer garantiu que \u201cseria imposs\u00edvel ao presidente da Rep\u00fablica sancionar uma mat\u00e9ria dessa natureza\u201d, e que isso j\u00e1 vinha sendo dito durante reuni\u00f5es dele com os presidentes do Senado, Renan Calheiros, e da C\u00e2mara, Rodrigo Maia. \u201cApontamos [nessas reuni\u00f5es] que n\u00e3o h\u00e1 a menor condi\u00e7\u00e3o de levar adiante essa proposta\u201d.<\/p>\n<p>Rodrigo Maia negou que as lideran\u00e7as da C\u00e2mara estivessem atuando no sentido de incluir na proposta mat\u00e9rias visando a anistia. \u201cFoi colocado com os l\u00edderes que n\u00e3o pod\u00edamos tratar de anistia eleitoral nem a qualquer outro crime. Esse debate nunca aconteceu e, com certeza, nunca acontecer\u00e1 quando colocarmos para vota\u00e7\u00e3o, provavelmente na ter\u00e7a-feira\u201d, disse.<\/p>\n<p>\u201cA reuni\u00e3o de hoje \u00e9 importante para esclarecermos que essa emenda nunca existiu efetivamente porque nunca foi apresentada por nenhum l\u00edder partid\u00e1rio. Portanto n\u00e3o existe. N\u00e3o estamos votando medidas para anistiar nenhum crime\u201d, acrescentou.<\/p>\n<p>Renan tamb\u00e9m garantiu que atuar\u00e1 conjuntamente para evitar a aprova\u00e7\u00e3o de mat\u00e9ria que anistie crimes eleitorais. \u201cN\u00f3s estamos fazendo um acordo, um ajuste institucional no sentido de que n\u00e3o haver\u00e1 aprecia\u00e7\u00e3o de anistia a crime eleitoral, ao caixa 2 ou a qualquer crime eleitoral, at\u00e9 porque tudo que \u00e9 aprovado vai para veto. Portanto, as presid\u00eancias da C\u00e2mara e do Senado chegaram \u00e0 conclus\u00e3o de que essa mat\u00e9ria n\u00e3o deve tramitar.\u201d<\/p>\n<p><img decoding=\"async\" src=\"http:\/\/aconteceunovale.com.br\/portal\/wp-content\/uploads\/2016\/11\/anistia_caixa2.jpg\" alt=\"\" \/><em>Os presidentes da Rep\u00fablica, Michel Temer, do Senado, Renan Calheiros, e da C\u00e2mara, Rodrigo Maia, durante coletiva de imprensa no Pal\u00e1cio do Planalto (Foto: Antonio Cruz\/Ag\u00eancia Brasil)<\/em><br \/>\n<\/br><\/p>\n<p><em>(Fonte: Ag\u00eancia Brasil)<\/em><\/p>\n","protected":false},"excerpt":{"rendered":"<p>Acompanhado dos presidentes das duas casas legislativas, o presidente Michel Temer disse, em coletiva de imprensa convocada para este domingo (27\/11\/2016), que foi feito um acordo institucional entre Executivo e Legislativo para garantir que n\u00e3o prosperar\u00e1 qualquer tentativa de anistiar crimes de caixa 2. \u201cEstamos aqui para revelar que, no tocante da anistia, h\u00e1 uma [&hellip;]<\/p>\n","protected":false},"author":1,"featured_media":102844,"comment_status":"open","ping_status":"closed","sticky":false,"template":"","format":"standard","meta":{"amp_status":"","footnotes":""},"categories":[6,40240],"tags":[127649,105157,21940,20181,94729,28594,48373,127650],"class_list":["post-102843","post","type-post","status-publish","format-standard","has-post-thumbnail","hentry","category-br","category-politica-2","tag-anistia-ao-caixa-2","tag-caixa-2","tag-congresso","tag-michel-temer","tag-presidente-michel-temer","tag-renan-calheiros","tag-rodrigo-maia","tag-temer-anuncia-acordo-com-congresso-para-impedir-anistia-a-caixa-2"],"_links":{"self":[{"href":"https:\/\/aconteceunovale.com.br\/portal\/index.php?rest_route=\/wp\/v2\/posts\/102843","targetHints":{"allow":["GET"]}}],"collection":[{"href":"https:\/\/aconteceunovale.com.br\/portal\/index.php?rest_route=\/wp\/v2\/posts"}],"about":[{"href":"https:\/\/aconteceunovale.com.br\/portal\/index.php?rest_route=\/wp\/v2\/types\/post"}],"author":[{"embeddable":true,"href":"https:\/\/aconteceunovale.com.br\/portal\/index.php?rest_route=\/wp\/v2\/users\/1"}],"replies":[{"embeddable":true,"href":"https:\/\/aconteceunovale.com.br\/portal\/index.php?rest_route=%2Fwp%2Fv2%2Fcomments&post=102843"}],"version-history":[{"count":0,"href":"https:\/\/aconteceunovale.com.br\/portal\/index.php?rest_route=\/wp\/v2\/posts\/102843\/revisions"}],"wp:featuredmedia":[{"embeddable":true,"href":"https:\/\/aconteceunovale.com.br\/portal\/index.php?rest_route=\/wp\/v2\/media\/102844"}],"wp:attachment":[{"href":"https:\/\/aconteceunovale.com.br\/portal\/index.php?rest_route=%2Fwp%2Fv2%2Fmedia&parent=102843"}],"wp:term":[{"taxonomy":"category","embeddable":true,"href":"https:\/\/aconteceunovale.com.br\/portal\/index.php?rest_route=%2Fwp%2Fv2%2Fcategories&post=102843"},{"taxonomy":"post_tag","embeddable":true,"href":"https:\/\/aconteceunovale.com.br\/portal\/index.php?rest_route=%2Fwp%2Fv2%2Ftags&post=102843"}],"curies":[{"name":"wp","href":"https:\/\/api.w.org\/{rel}","templated":true}]}}