{"id":102823,"date":"2016-11-27T09:28:07","date_gmt":"2016-11-27T12:28:07","guid":{"rendered":"http:\/\/aconteceunovale.com.br\/portal\/?p=102823"},"modified":"2016-11-27T09:28:07","modified_gmt":"2016-11-27T12:28:07","slug":"adolescente-de-15-anos-morre-apos-perder-controle-de-direcao-e-carro-capotar-em-capitao-eneas","status":"publish","type":"post","link":"https:\/\/aconteceunovale.com.br\/portal\/?p=102823","title":{"rendered":"Adolescente de 15 anos morre ap\u00f3s perder controle de dire\u00e7\u00e3o e carro capotar em Capit\u00e3o En\u00e9as"},"content":{"rendered":"<p>Um adolescente de 15 anos morreu ap\u00f3s um acidente nesse s\u00e1bado (26\/11\/2016) na zona rural de Capit\u00e3o En\u00e9as, no Norte de Minas. A v\u00edtima conduzia um carro, mas perdeu o controle da dire\u00e7\u00e3o na estrada que liga a sede do munic\u00edpio \u00e0 comunidade da Barra. O ve\u00edculo capotou e s\u00f3 parou ap\u00f3s colidir contra uma \u00e1rvore. <\/p>\n<p>Segundo informa\u00e7\u00f5es, a v\u00edtima fatal teria sa\u00eddo com o carro sem o consentimento do pai. Outros dois adolescentes tamb\u00e9m estavam no ve\u00edculo e ficaram feridos.<\/p>\n<p>Equipes do Servi\u00e7o de Atendimento M\u00f3vel de Urg\u00eancia (SAMU) e do Corpo de Bombeiros prestaram socorro \u00e0s v\u00edtimas. No trajeto para um hospital em Montes Claros, o adolescente que conduzia o carro teve uma parada card\u00edaca e n\u00e3o resistiu.  As outras duas v\u00edtimas tiveram ferimentos mais leves e foram levadas para o Hospital Santa Casa.<\/p>\n<p><img decoding=\"async\" src=\"http:\/\/aconteceunovale.com.br\/portal\/wp-content\/uploads\/2016\/11\/acidente_capitao_eneas_2.jpg\" alt=\"\" \/><em>Condutor de 15 anos perdeu o controle do ve\u00edculo (Foto: Corpo de Bombeiros\/Divulga\u00e7\u00e3o)<\/em><br \/>\n<\/br><\/p>\n<p><img decoding=\"async\" src=\"http:\/\/aconteceunovale.com.br\/portal\/wp-content\/uploads\/2016\/11\/acidente_capitao_eneas_1.jpg\" alt=\"\" \/><em>Condutor de 15 anos perdeu o controle do ve\u00edculo (Foto: Corpo de Bombeiros\/Divulga\u00e7\u00e3o)<\/em><br \/>\n<\/br><\/p>\n<p><em>(Com informa\u00e7\u00f5es do G1 Grande Minas)<\/em><\/p>\n","protected":false},"excerpt":{"rendered":"<p>Um adolescente de 15 anos morreu ap\u00f3s um acidente nesse s\u00e1bado (26\/11\/2016) na zona rural de Capit\u00e3o En\u00e9as, no Norte de Minas. A v\u00edtima conduzia um carro, mas perdeu o controle da dire\u00e7\u00e3o na estrada que liga a sede do munic\u00edpio \u00e0 comunidade da Barra. O ve\u00edculo capotou e s\u00f3 parou ap\u00f3s colidir contra uma [&hellip;]<\/p>\n","protected":false},"author":1,"featured_media":102825,"comment_status":"open","ping_status":"closed","sticky":false,"template":"","format":"standard","meta":{"amp_status":"","footnotes":""},"categories":[1236],"tags":[127564,127563,127565,127566,127567,127568,127562,1429,210],"class_list":["post-102823","post","type-post","status-publish","format-standard","has-post-thumbnail","hentry","category-norte_de_minas","tag-acidente-capitao-eneas","tag-acidente-com-adolescente-em-capitao-eneas","tag-acidente-fatal-em-capitao-eneas","tag-acidente-na-zona-rural-de-capitao-eneas","tag-acidente-no-municipio-de-capitao-eneas","tag-adolescente-de-15-anos-morre-apos-perder-controle-de-direcao-e-carro-capotar-em-capitao-eneas","tag-adolescente-morre-apos-acidente-com-carro-na-zona-rural-de-capitao-eneas","tag-capitao-eneas","tag-montes-claros"],"_links":{"self":[{"href":"https:\/\/aconteceunovale.com.br\/portal\/index.php?rest_route=\/wp\/v2\/posts\/102823","targetHints":{"allow":["GET"]}}],"collection":[{"href":"https:\/\/aconteceunovale.com.br\/portal\/index.php?rest_route=\/wp\/v2\/posts"}],"about":[{"href":"https:\/\/aconteceunovale.com.br\/portal\/index.php?rest_route=\/wp\/v2\/types\/post"}],"author":[{"embeddable":true,"href":"https:\/\/aconteceunovale.com.br\/portal\/index.php?rest_route=\/wp\/v2\/users\/1"}],"replies":[{"embeddable":true,"href":"https:\/\/aconteceunovale.com.br\/portal\/index.php?rest_route=%2Fwp%2Fv2%2Fcomments&post=102823"}],"version-history":[{"count":0,"href":"https:\/\/aconteceunovale.com.br\/portal\/index.php?rest_route=\/wp\/v2\/posts\/102823\/revisions"}],"wp:featuredmedia":[{"embeddable":true,"href":"https:\/\/aconteceunovale.com.br\/portal\/index.php?rest_route=\/wp\/v2\/media\/102825"}],"wp:attachment":[{"href":"https:\/\/aconteceunovale.com.br\/portal\/index.php?rest_route=%2Fwp%2Fv2%2Fmedia&parent=102823"}],"wp:term":[{"taxonomy":"category","embeddable":true,"href":"https:\/\/aconteceunovale.com.br\/portal\/index.php?rest_route=%2Fwp%2Fv2%2Fcategories&post=102823"},{"taxonomy":"post_tag","embeddable":true,"href":"https:\/\/aconteceunovale.com.br\/portal\/index.php?rest_route=%2Fwp%2Fv2%2Ftags&post=102823"}],"curies":[{"name":"wp","href":"https:\/\/api.w.org\/{rel}","templated":true}]}}