{"id":102807,"date":"2016-11-26T22:25:48","date_gmt":"2016-11-27T01:25:48","guid":{"rendered":"http:\/\/aconteceunovale.com.br\/portal\/?p=102807"},"modified":"2016-11-26T22:25:48","modified_gmt":"2016-11-27T01:25:48","slug":"ceramica-do-jequitinhonha-chega-a-um-dos-espacos-mais-contemporaneos-da-capital-paulista","status":"publish","type":"post","link":"https:\/\/aconteceunovale.com.br\/portal\/?p=102807","title":{"rendered":"Cer\u00e2mica do Jequitinhonha chega a um dos espa\u00e7os mais contempor\u00e2neos da capital paulista"},"content":{"rendered":"<p>A cidade de S\u00e3o Paulo vai se consolidando como um dos mais importantes destinos para o artesanato tradicional mineiro. Na \u00faltima ter\u00e7a-feira (22\/11\/2016) a Casa &#8211; Museu do Objeto Brasileiro abriu as portas para a exposi\u00e7\u00e3o \u201cSobre flores e bonecas: a cer\u00e2mica do Jequitinhonha\u201d. S\u00e3o aproximadamente 2.000 pe\u00e7as de cerca de 30 artes\u00e3os de Santana do Ara\u00e7ua\u00ed, no munic\u00edpio de Ponto dos Volantes, no Vale do Jequitinhonha.<\/p>\n<p>Na abertura oficial, o curador da exposi\u00e7\u00e3o &#8212; professor Ricardo Gomes Lima &#8212; mediou uma \u201crodada de conversa\u201d com a participa\u00e7\u00e3o de quatro artes\u00e3os. Os produtos estar\u00e3o \u00e0 venda at\u00e9 o dia 23 de dezembro, ou seja, os interessados na arte popular ter\u00e3o um m\u00eas para conhecer e, possivelmente, adquirir uma pe\u00e7a da aut\u00eantica arte popular.<\/p>\n<p>A mostra na capital paulista \u00e9 mais uma forma de valoriza\u00e7\u00e3o do artesanato da comunidade de Santana do Ara\u00e7ua\u00ed, trabalho inspirado na obra criativa de \u201cdona Izabel Mendes da Cunha\u201d (1924 \u2013 2014). A mestra, como tamb\u00e9m ficou conhecida ao longo de sua trajet\u00f3ria, foi reconhecida nacional e internacionalmente por diversos organismos, entre eles a Unesco \u2013 Organiza\u00e7\u00e3o das Na\u00e7\u00f5es Unidas para a Educa\u00e7\u00e3o, a Ci\u00eancia e a Cultura.<\/p>\n<p>Ao mesmo tempo em que desenvolvia o seu trabalho, a mestra Izabel conseguiu ensinar a arte das bonecas a parentes e \u00e0 comunidade deixando muitos disc\u00edpulos e o legado de uma das mais expressivas formas de arte popular. Para essa exposi\u00e7\u00e3o, a parceria envolveu as secretarias de Desenvolvimento Integrado e F\u00f3runs Regionais (Seedif), Desenvolvimento e Integra\u00e7\u00e3o do Norte e Nordeste de Minas Gerais (Sedinor\/Idene), Sebrae Minas e A Casa \u2013 Museu do Objeto Brasileiro, um dos espa\u00e7os mais valorizados de S\u00e3o Paulo, que gentilmente recebe o trabalho dos mineiros do Vale do Jequitinhonha.<\/p>\n<p>De acordo com os parceiros no evento, o artesanato \u00e9 de fundamental import\u00e2ncia na vida de muitas comunidades mineiras, raz\u00e3o pela qual merece todo o apoio poss\u00edvel para a inser\u00e7\u00e3o em novos mercados, por meio de mostras especiais ou feiras. S\u00e3o Paulo acolhe e valoriza o artesanato tradicional, facilitando a vida dos artes\u00e3os gerando emprego e renda.<\/p>\n<p><strong>Servi\u00e7o:<\/strong><\/p>\n<p>Sobre flores e bonecas: a cer\u00e2mica do Jequitinhonha (Mostra de Cer\u00e2mica de Santana do Ara\u00e7ua\u00ed)<br \/>\nLocal: A Casa \u2013 Museu do Objeto Brasileiro (Av. Pedroso de Morais, 1234 &#8211; Pinheiros, S\u00e3o Paulo, Telefone: (11) 3814-9711).<br \/>\nPer\u00edodo de exposi\u00e7\u00e3o\/vendas: 23 de novembro a 23 de dezembro, das 10 \u00e0s 18h.<\/p>\n<p><img decoding=\"async\" src=\"http:\/\/aconteceunovale.com.br\/portal\/wp-content\/uploads\/2016\/11\/ceramica_santana_do_aracuai.jpg\" alt=\"\" \/><em>Exposi\u00e7\u00e3o ser\u00e1 realizada at\u00e9 23 de dezembro (Divulga\u00e7\u00e3o)<\/em><br \/>\n<\/br><\/p>\n<p><em>(Ascom Seedif)<\/em><\/p>\n","protected":false},"excerpt":{"rendered":"<p>A cidade de S\u00e3o Paulo vai se consolidando como um dos mais importantes destinos para o artesanato tradicional mineiro. Na \u00faltima ter\u00e7a-feira (22\/11\/2016) a Casa &#8211; Museu do Objeto Brasileiro abriu as portas para a exposi\u00e7\u00e3o \u201cSobre flores e bonecas: a cer\u00e2mica do Jequitinhonha\u201d. S\u00e3o aproximadamente 2.000 pe\u00e7as de cerca de 30 artes\u00e3os de Santana [&hellip;]<\/p>\n","protected":false},"author":1,"featured_media":102808,"comment_status":"open","ping_status":"closed","sticky":false,"template":"","format":"standard","meta":{"amp_status":"","footnotes":""},"categories":[6,120],"tags":[76965,127545,127543,127544,127546,127548,127553,1018,127551,21254,127552,444,127549,127550,10909,2382,127547],"class_list":["post-102807","post","type-post","status-publish","format-standard","has-post-thumbnail","hentry","category-br","category-jequi","tag-artesanato-mineiro","tag-artesanato-mineiro-em-sao-paulo","tag-artesanato-tradicional-mineiro","tag-artesanato-tradicional-mineiro-em-sao-paulo","tag-casa-museu-do-objeto-brasileiro","tag-ceramica-do-jequitinhonha","tag-ceramica-do-jequitinhonha-chega-a-um-dos-espacos-mais-contemporaneos-da-capital-paulista","tag-destaque","tag-dona-izabel-mendes-da-cunha","tag-izabel-mendes-da-cunha","tag-mostra-de-ceramica-de-santana-do-aracuai","tag-ponto-dos-volantes","tag-professor-ricardo-gomes-lima","tag-ricardo-gomes-lima","tag-santana-do-aracuai","tag-sao-paulo","tag-sobre-flores-e-bonecas-a-ceramica-do-jequitinhonha"],"_links":{"self":[{"href":"https:\/\/aconteceunovale.com.br\/portal\/index.php?rest_route=\/wp\/v2\/posts\/102807","targetHints":{"allow":["GET"]}}],"collection":[{"href":"https:\/\/aconteceunovale.com.br\/portal\/index.php?rest_route=\/wp\/v2\/posts"}],"about":[{"href":"https:\/\/aconteceunovale.com.br\/portal\/index.php?rest_route=\/wp\/v2\/types\/post"}],"author":[{"embeddable":true,"href":"https:\/\/aconteceunovale.com.br\/portal\/index.php?rest_route=\/wp\/v2\/users\/1"}],"replies":[{"embeddable":true,"href":"https:\/\/aconteceunovale.com.br\/portal\/index.php?rest_route=%2Fwp%2Fv2%2Fcomments&post=102807"}],"version-history":[{"count":0,"href":"https:\/\/aconteceunovale.com.br\/portal\/index.php?rest_route=\/wp\/v2\/posts\/102807\/revisions"}],"wp:featuredmedia":[{"embeddable":true,"href":"https:\/\/aconteceunovale.com.br\/portal\/index.php?rest_route=\/wp\/v2\/media\/102808"}],"wp:attachment":[{"href":"https:\/\/aconteceunovale.com.br\/portal\/index.php?rest_route=%2Fwp%2Fv2%2Fmedia&parent=102807"}],"wp:term":[{"taxonomy":"category","embeddable":true,"href":"https:\/\/aconteceunovale.com.br\/portal\/index.php?rest_route=%2Fwp%2Fv2%2Fcategories&post=102807"},{"taxonomy":"post_tag","embeddable":true,"href":"https:\/\/aconteceunovale.com.br\/portal\/index.php?rest_route=%2Fwp%2Fv2%2Ftags&post=102807"}],"curies":[{"name":"wp","href":"https:\/\/api.w.org\/{rel}","templated":true}]}}