{"id":102803,"date":"2016-11-26T22:00:26","date_gmt":"2016-11-27T01:00:26","guid":{"rendered":"http:\/\/aconteceunovale.com.br\/portal\/?p=102803"},"modified":"2026-09-02T13:52:15","modified_gmt":"2026-09-02T16:52:15","slug":"caminhoneiro-de-itamarandiba-morre-em-acidente-na-zona-rural-de-turmalina","status":"publish","type":"post","link":"https:\/\/aconteceunovale.com.br\/portal\/?p=102803","title":{"rendered":"Caminhoneiro de Itamarandiba morre em acidente na zona rural de Turmalina"},"content":{"rendered":"<p>O motorista de um caminh\u00e3o VW\/24.250 CNC 6&#215;2, placa HJD-9129, de Itamarandiba (MG), morreu em um grave acidente neste s\u00e1bado, 26 de novembro de 2016, na altura do quil\u00f4metro 89 da LMG-677, zona rural de Turmalina, no Vale do Jequitinhonha. Pedro Joviel Alves Costa, de 25 anos, residia no bairro Primeiro de Maio, em Itamarandiba e veio a \u00f3bito ap\u00f3s ficar preso \u00e1s ferragens do ve\u00edculo que conduzia.<\/p>\n<p>Uma guarni\u00e7\u00e3o policial do 2\u00ba Pelot\u00e3o de Pol\u00edcia Militar Rodovi\u00e1ria de Capelinha compareceu ao local do capotamento do ve\u00edculo que estava carregado com carv\u00e3o vegetal. Uma equipe do 4\u00ba Pelot\u00e3o de Pol\u00edcia Militar de Meio Ambiente de Minas Novas tamb\u00e9m foi acionada, j\u00e1 que havia ind\u00edcio de irregularidade na documenta\u00e7\u00e3o ambiental da carga.<\/p>\n<p>As causas do acidente ainda n\u00e3o foram divulgadas. A Per\u00edcia T\u00e9cnica da Pol\u00edcia Civil foi acionada para os trabalhos de praxe.<\/p>\n<p><img decoding=\"async\" src=\"http:\/\/aconteceunovale.com.br\/portal\/wp-content\/uploads\/2016\/11\/acidente_itamarandiba_turmalina_1.jpg\" alt=\"\" \/><em>Acidente aconteceu no km 89 da LMG-677 munic\u00edpio de Turmalina (Foto: Divulga\u00e7\u00e3o\/Pol\u00edcia Militar)<\/em><br \/>\n<\/br><\/p>\n<p><img decoding=\"async\" src=\"http:\/\/aconteceunovale.com.br\/portal\/wp-content\/uploads\/2016\/11\/acidente_itamarandiba_turmalina_2.jpg\" alt=\"\" \/><em>Acidente aconteceu no km 89 da LMG-677 munic\u00edpio de Turmalina (Foto: Divulga\u00e7\u00e3o\/Pol\u00edcia Militar)<\/em><br \/>\n<\/br><\/p>\n<p><img decoding=\"async\" src=\"http:\/\/aconteceunovale.com.br\/portal\/wp-content\/uploads\/2016\/11\/acidente_itamarandiba_turmalina_3.jpg\" alt=\"\" \/><em>Acidente aconteceu no km 89 da LMG-677 munic\u00edpio de Turmalina (Foto: Divulga\u00e7\u00e3o\/Pol\u00edcia Militar)<\/em><br \/>\n<\/br><\/p>\n<p><img decoding=\"async\" src=\"http:\/\/aconteceunovale.com.br\/portal\/wp-content\/uploads\/2016\/11\/acidente_itamarandiba_turmalina_4.jpg\" alt=\"\" \/><em>Acidente aconteceu no km 89 da LMG-677 munic\u00edpio de Turmalina (Foto: Divulga\u00e7\u00e3o\/Pol\u00edcia Militar)<\/em><\/p>\n","protected":false},"excerpt":{"rendered":"<p>O motorista de um caminh\u00e3o VW\/24.250 CNC 6&#215;2, placa HJD-9129, de Itamarandiba (MG), morreu em um grave acidente neste s\u00e1bado, 26 de novembro de 2016, na altura do quil\u00f4metro 89 da LMG-677, zona rural de Turmalina, no Vale do Jequitinhonha. Pedro Joviel Alves Costa, de 25 anos, residia no bairro Primeiro de Maio, em Itamarandiba [&hellip;]<\/p>\n","protected":false},"author":1,"featured_media":102805,"comment_status":"open","ping_status":"closed","sticky":false,"template":"","format":"standard","meta":{"amp_status":"","footnotes":""},"categories":[272549,272576,120],"tags":[71729,53707,18196,127540,68504,95825,40307,739,127539,149,125118,127541,127542,178],"class_list":["post-102803","post","type-post","status-publish","format-standard","has-post-thumbnail","hentry","category-itamarandiba","category-turmalina","category-jequi","tag-acidente-com-caminhao-de-itamarandiba","tag-acidente-com-caminhao-em-turmalina","tag-acidente-com-caminhoneiro-de-itamarandiba","tag-acidente-com-motorista-de-itamarandiba","tag-acidente-na-zona-rural-de-turmalina","tag-acidente-no-municipio-de-turmalina","tag-acidente-perto-de-turmalina","tag-acidente-turmalina","tag-caminhoneiro-de-itamarandiba-morre-em-acidente-na-zona-rural-de-turmalina","tag-itamarandiba","tag-morte-de-caminhoneiro-de-itamarandiba","tag-morte-de-motorista-de-itamarandiba","tag-pedro-joviel-alves-costa","tag-turmalina"],"yoast_head":"<!-- This site is optimized with the Yoast SEO plugin v28.3 - https:\/\/yoast.com\/product\/yoast-seo-wordpress\/ -->\n<title>Caminhoneiro de Itamarandiba morre em acidente na zona rural de Turmalina - Aconteceu no Vale<\/title>\n<meta name=\"robots\" content=\"index, follow, max-snippet:-1, max-image-preview:large, max-video-preview:-1\" \/>\n<link rel=\"canonical\" href=\"https:\/\/aconteceunovale.com.br\/portal\/?p=102803\" \/>\n<meta property=\"og:locale\" content=\"pt_BR\" \/>\n<meta property=\"og:type\" content=\"article\" \/>\n<meta property=\"og:title\" content=\"Caminhoneiro de Itamarandiba morre em acidente na zona rural de Turmalina - Aconteceu no Vale\" \/>\n<meta property=\"og:description\" content=\"O motorista de um caminh\u00e3o VW\/24.250 CNC 6&#215;2, placa HJD-9129, de Itamarandiba (MG), morreu em um grave acidente neste s\u00e1bado, 26 de novembro de 2016, na altura do quil\u00f4metro 89 da LMG-677, zona rural de Turmalina, no Vale do Jequitinhonha. Pedro Joviel Alves Costa, de 25 anos, residia no bairro Primeiro de Maio, em Itamarandiba [&hellip;]\" \/>\n<meta property=\"og:url\" content=\"https:\/\/aconteceunovale.com.br\/portal\/?p=102803\" \/>\n<meta property=\"og:site_name\" content=\"Aconteceu no Vale\" \/>\n<meta property=\"article:publisher\" content=\"https:\/\/www.facebook.com\/aconteceunovale\/\" \/>\n<meta property=\"article:published_time\" content=\"2016-11-27T01:00:26+00:00\" \/>\n<meta property=\"article:modified_time\" content=\"2026-09-02T16:52:15+00:00\" \/>\n<meta property=\"og:image\" content=\"https:\/\/aconteceunovale.com.br\/portal\/wp-content\/uploads\/2016\/11\/acidente_itamarandiba_turmalina_2.jpg\" \/>\n\t<meta property=\"og:image:width\" content=\"678\" \/>\n\t<meta property=\"og:image:height\" content=\"406\" \/>\n\t<meta property=\"og:image:type\" content=\"image\/jpeg\" \/>\n<meta name=\"author\" content=\"Aconteceu no Vale\" \/>\n<meta name=\"twitter:card\" content=\"summary_large_image\" \/>\n<meta name=\"twitter:creator\" content=\"@noticiadosvales\" \/>\n<meta name=\"twitter:site\" content=\"@noticiadosvales\" \/>\n<meta name=\"twitter:label1\" content=\"Escrito por\" \/>\n\t<meta name=\"twitter:data1\" content=\"Aconteceu no Vale\" \/>\n\t<meta name=\"twitter:label2\" content=\"Est. tempo de leitura\" \/>\n\t<meta name=\"twitter:data2\" content=\"1 minuto\" \/>\n<script type=\"application\/ld+json\" class=\"yoast-schema-graph\">{\"@context\":\"https:\\\/\\\/schema.org\",\"@graph\":[{\"@type\":\"Article\",\"@id\":\"https:\\\/\\\/aconteceunovale.com.br\\\/portal\\\/?p=102803#article\",\"isPartOf\":{\"@id\":\"https:\\\/\\\/aconteceunovale.com.br\\\/portal\\\/?p=102803\"},\"author\":{\"name\":\"Aconteceu no Vale\",\"@id\":\"https:\\\/\\\/aconteceunovale.com.br\\\/portal\\\/#\\\/schema\\\/person\\\/633529146f2c94272bef50ac2953d589\"},\"headline\":\"Caminhoneiro de Itamarandiba morre em acidente na zona rural de Turmalina\",\"datePublished\":\"2016-11-27T01:00:26+00:00\",\"dateModified\":\"2026-09-02T16:52:15+00:00\",\"mainEntityOfPage\":{\"@id\":\"https:\\\/\\\/aconteceunovale.com.br\\\/portal\\\/?p=102803\"},\"wordCount\":231,\"commentCount\":0,\"image\":{\"@id\":\"https:\\\/\\\/aconteceunovale.com.br\\\/portal\\\/?p=102803#primaryimage\"},\"thumbnailUrl\":\"https:\\\/\\\/aconteceunovale.com.br\\\/portal\\\/wp-content\\\/uploads\\\/2016\\\/11\\\/acidente_itamarandiba_turmalina_2.jpg\",\"keywords\":[\"acidente com caminh\u00e3o de Itamarandiba\",\"acidente com caminh\u00e3o em turmalina\",\"acidente com caminhoneiro de itamarandiba\",\"Acidente com motorista de Itamarandiba\",\"acidente na zona rural de Turmalina\",\"Acidente no munic\u00edpio de Turmalina\",\"acidente perto de turmalina\",\"acidente turmalina\",\"Caminhoneiro de Itamarandiba morre em acidente na zona rural de Turmalina\",\"Itamarandiba\",\"Morte de caminhoneiro de Itamarandiba\",\"Morte de motorista de Itamarandiba\",\"Pedro Joviel Alves Costa\",\"Turmalina\"],\"articleSection\":[\"Itamarandiba\",\"Turmalina\",\"Vale do Jequitinhonha\"],\"inLanguage\":\"pt-BR\",\"potentialAction\":[{\"@type\":\"CommentAction\",\"name\":\"Comment\",\"target\":[\"https:\\\/\\\/aconteceunovale.com.br\\\/portal\\\/?p=102803#respond\"]}]},{\"@type\":\"WebPage\",\"@id\":\"https:\\\/\\\/aconteceunovale.com.br\\\/portal\\\/?p=102803\",\"url\":\"https:\\\/\\\/aconteceunovale.com.br\\\/portal\\\/?p=102803\",\"name\":\"Caminhoneiro de Itamarandiba morre em acidente na zona rural de Turmalina - Aconteceu no Vale\",\"isPartOf\":{\"@id\":\"https:\\\/\\\/aconteceunovale.com.br\\\/portal\\\/#website\"},\"primaryImageOfPage\":{\"@id\":\"https:\\\/\\\/aconteceunovale.com.br\\\/portal\\\/?p=102803#primaryimage\"},\"image\":{\"@id\":\"https:\\\/\\\/aconteceunovale.com.br\\\/portal\\\/?p=102803#primaryimage\"},\"thumbnailUrl\":\"https:\\\/\\\/aconteceunovale.com.br\\\/portal\\\/wp-content\\\/uploads\\\/2016\\\/11\\\/acidente_itamarandiba_turmalina_2.jpg\",\"datePublished\":\"2016-11-27T01:00:26+00:00\",\"dateModified\":\"2026-09-02T16:52:15+00:00\",\"author\":{\"@id\":\"https:\\\/\\\/aconteceunovale.com.br\\\/portal\\\/#\\\/schema\\\/person\\\/633529146f2c94272bef50ac2953d589\"},\"breadcrumb\":{\"@id\":\"https:\\\/\\\/aconteceunovale.com.br\\\/portal\\\/?p=102803#breadcrumb\"},\"inLanguage\":\"pt-BR\",\"potentialAction\":[{\"@type\":\"ReadAction\",\"target\":[\"https:\\\/\\\/aconteceunovale.com.br\\\/portal\\\/?p=102803\"]}]},{\"@type\":\"ImageObject\",\"inLanguage\":\"pt-BR\",\"@id\":\"https:\\\/\\\/aconteceunovale.com.br\\\/portal\\\/?p=102803#primaryimage\",\"url\":\"https:\\\/\\\/aconteceunovale.com.br\\\/portal\\\/wp-content\\\/uploads\\\/2016\\\/11\\\/acidente_itamarandiba_turmalina_2.jpg\",\"contentUrl\":\"https:\\\/\\\/aconteceunovale.com.br\\\/portal\\\/wp-content\\\/uploads\\\/2016\\\/11\\\/acidente_itamarandiba_turmalina_2.jpg\",\"width\":678,\"height\":406},{\"@type\":\"BreadcrumbList\",\"@id\":\"https:\\\/\\\/aconteceunovale.com.br\\\/portal\\\/?p=102803#breadcrumb\",\"itemListElement\":[{\"@type\":\"ListItem\",\"position\":1,\"name\":\"In\u00edcio\",\"item\":\"https:\\\/\\\/aconteceunovale.com.br\\\/portal\\\/\"},{\"@type\":\"ListItem\",\"position\":2,\"name\":\"Caminhoneiro de Itamarandiba morre em acidente na zona rural de Turmalina\"}]},{\"@type\":\"WebSite\",\"@id\":\"https:\\\/\\\/aconteceunovale.com.br\\\/portal\\\/#website\",\"url\":\"https:\\\/\\\/aconteceunovale.com.br\\\/portal\\\/\",\"name\":\"Aconteceu no Vale\",\"description\":\"Portal de Not\u00edcias\",\"potentialAction\":[{\"@type\":\"SearchAction\",\"target\":{\"@type\":\"EntryPoint\",\"urlTemplate\":\"https:\\\/\\\/aconteceunovale.com.br\\\/portal\\\/?s={search_term_string}\"},\"query-input\":{\"@type\":\"PropertyValueSpecification\",\"valueRequired\":true,\"valueName\":\"search_term_string\"}}],\"inLanguage\":\"pt-BR\"},{\"@type\":\"Person\",\"@id\":\"https:\\\/\\\/aconteceunovale.com.br\\\/portal\\\/#\\\/schema\\\/person\\\/633529146f2c94272bef50ac2953d589\",\"name\":\"Aconteceu no Vale\",\"description\":\"Equipe de reportagem do Aconteceu no Vale, portal de not\u00edcias do Vale do Jequitinhonha, em Minas Gerais. Cobrimos as 51 cidades do Vale desde 2013. Sugest\u00f5es de pauta e pedidos de corre\u00e7\u00e3o: contato@aconteceunovale.com.br\",\"sameAs\":[\"http:\\\/\\\/www.aconteceunovale.com.br\"],\"url\":\"https:\\\/\\\/aconteceunovale.com.br\\\/portal\\\/?author=1\"}]}<\/script>\n<!-- \/ Yoast SEO plugin. -->","yoast_head_json":{"title":"Caminhoneiro de Itamarandiba morre em acidente na zona rural de Turmalina - Aconteceu no Vale","robots":{"index":"index","follow":"follow","max-snippet":"max-snippet:-1","max-image-preview":"max-image-preview:large","max-video-preview":"max-video-preview:-1"},"canonical":"https:\/\/aconteceunovale.com.br\/portal\/?p=102803","og_locale":"pt_BR","og_type":"article","og_title":"Caminhoneiro de Itamarandiba morre em acidente na zona rural de Turmalina - Aconteceu no Vale","og_description":"O motorista de um caminh\u00e3o VW\/24.250 CNC 6&#215;2, placa HJD-9129, de Itamarandiba (MG), morreu em um grave acidente neste s\u00e1bado, 26 de novembro de 2016, na altura do quil\u00f4metro 89 da LMG-677, zona rural de Turmalina, no Vale do Jequitinhonha. Pedro Joviel Alves Costa, de 25 anos, residia no bairro Primeiro de Maio, em Itamarandiba [&hellip;]","og_url":"https:\/\/aconteceunovale.com.br\/portal\/?p=102803","og_site_name":"Aconteceu no Vale","article_publisher":"https:\/\/www.facebook.com\/aconteceunovale\/","article_published_time":"2016-11-27T01:00:26+00:00","article_modified_time":"2026-09-02T16:52:15+00:00","og_image":[{"width":678,"height":406,"url":"https:\/\/aconteceunovale.com.br\/portal\/wp-content\/uploads\/2016\/11\/acidente_itamarandiba_turmalina_2.jpg","type":"image\/jpeg"}],"author":"Aconteceu no Vale","twitter_card":"summary_large_image","twitter_creator":"@noticiadosvales","twitter_site":"@noticiadosvales","twitter_misc":{"Escrito por":"Aconteceu no Vale","Est. tempo de leitura":"1 minuto"},"schema":{"@context":"https:\/\/schema.org","@graph":[{"@type":"Article","@id":"https:\/\/aconteceunovale.com.br\/portal\/?p=102803#article","isPartOf":{"@id":"https:\/\/aconteceunovale.com.br\/portal\/?p=102803"},"author":{"name":"Aconteceu no Vale","@id":"https:\/\/aconteceunovale.com.br\/portal\/#\/schema\/person\/633529146f2c94272bef50ac2953d589"},"headline":"Caminhoneiro de Itamarandiba morre em acidente na zona rural de Turmalina","datePublished":"2016-11-27T01:00:26+00:00","dateModified":"2026-09-02T16:52:15+00:00","mainEntityOfPage":{"@id":"https:\/\/aconteceunovale.com.br\/portal\/?p=102803"},"wordCount":231,"commentCount":0,"image":{"@id":"https:\/\/aconteceunovale.com.br\/portal\/?p=102803#primaryimage"},"thumbnailUrl":"https:\/\/aconteceunovale.com.br\/portal\/wp-content\/uploads\/2016\/11\/acidente_itamarandiba_turmalina_2.jpg","keywords":["acidente com caminh\u00e3o de Itamarandiba","acidente com caminh\u00e3o em turmalina","acidente com caminhoneiro de itamarandiba","Acidente com motorista de Itamarandiba","acidente na zona rural de Turmalina","Acidente no munic\u00edpio de Turmalina","acidente perto de turmalina","acidente turmalina","Caminhoneiro de Itamarandiba morre em acidente na zona rural de Turmalina","Itamarandiba","Morte de caminhoneiro de Itamarandiba","Morte de motorista de Itamarandiba","Pedro Joviel Alves Costa","Turmalina"],"articleSection":["Itamarandiba","Turmalina","Vale do Jequitinhonha"],"inLanguage":"pt-BR","potentialAction":[{"@type":"CommentAction","name":"Comment","target":["https:\/\/aconteceunovale.com.br\/portal\/?p=102803#respond"]}]},{"@type":"WebPage","@id":"https:\/\/aconteceunovale.com.br\/portal\/?p=102803","url":"https:\/\/aconteceunovale.com.br\/portal\/?p=102803","name":"Caminhoneiro de Itamarandiba morre em acidente na zona rural de Turmalina - Aconteceu no Vale","isPartOf":{"@id":"https:\/\/aconteceunovale.com.br\/portal\/#website"},"primaryImageOfPage":{"@id":"https:\/\/aconteceunovale.com.br\/portal\/?p=102803#primaryimage"},"image":{"@id":"https:\/\/aconteceunovale.com.br\/portal\/?p=102803#primaryimage"},"thumbnailUrl":"https:\/\/aconteceunovale.com.br\/portal\/wp-content\/uploads\/2016\/11\/acidente_itamarandiba_turmalina_2.jpg","datePublished":"2016-11-27T01:00:26+00:00","dateModified":"2026-09-02T16:52:15+00:00","author":{"@id":"https:\/\/aconteceunovale.com.br\/portal\/#\/schema\/person\/633529146f2c94272bef50ac2953d589"},"breadcrumb":{"@id":"https:\/\/aconteceunovale.com.br\/portal\/?p=102803#breadcrumb"},"inLanguage":"pt-BR","potentialAction":[{"@type":"ReadAction","target":["https:\/\/aconteceunovale.com.br\/portal\/?p=102803"]}]},{"@type":"ImageObject","inLanguage":"pt-BR","@id":"https:\/\/aconteceunovale.com.br\/portal\/?p=102803#primaryimage","url":"https:\/\/aconteceunovale.com.br\/portal\/wp-content\/uploads\/2016\/11\/acidente_itamarandiba_turmalina_2.jpg","contentUrl":"https:\/\/aconteceunovale.com.br\/portal\/wp-content\/uploads\/2016\/11\/acidente_itamarandiba_turmalina_2.jpg","width":678,"height":406},{"@type":"BreadcrumbList","@id":"https:\/\/aconteceunovale.com.br\/portal\/?p=102803#breadcrumb","itemListElement":[{"@type":"ListItem","position":1,"name":"In\u00edcio","item":"https:\/\/aconteceunovale.com.br\/portal\/"},{"@type":"ListItem","position":2,"name":"Caminhoneiro de Itamarandiba morre em acidente na zona rural de Turmalina"}]},{"@type":"WebSite","@id":"https:\/\/aconteceunovale.com.br\/portal\/#website","url":"https:\/\/aconteceunovale.com.br\/portal\/","name":"Aconteceu no Vale","description":"Portal de Not\u00edcias","potentialAction":[{"@type":"SearchAction","target":{"@type":"EntryPoint","urlTemplate":"https:\/\/aconteceunovale.com.br\/portal\/?s={search_term_string}"},"query-input":{"@type":"PropertyValueSpecification","valueRequired":true,"valueName":"search_term_string"}}],"inLanguage":"pt-BR"},{"@type":"Person","@id":"https:\/\/aconteceunovale.com.br\/portal\/#\/schema\/person\/633529146f2c94272bef50ac2953d589","name":"Aconteceu no Vale","description":"Equipe de reportagem do Aconteceu no Vale, portal de not\u00edcias do Vale do Jequitinhonha, em Minas Gerais. Cobrimos as 51 cidades do Vale desde 2013. Sugest\u00f5es de pauta e pedidos de corre\u00e7\u00e3o: contato@aconteceunovale.com.br","sameAs":["http:\/\/www.aconteceunovale.com.br"],"url":"https:\/\/aconteceunovale.com.br\/portal\/?author=1"}]}},"_links":{"self":[{"href":"https:\/\/aconteceunovale.com.br\/portal\/index.php?rest_route=\/wp\/v2\/posts\/102803","targetHints":{"allow":["GET"]}}],"collection":[{"href":"https:\/\/aconteceunovale.com.br\/portal\/index.php?rest_route=\/wp\/v2\/posts"}],"about":[{"href":"https:\/\/aconteceunovale.com.br\/portal\/index.php?rest_route=\/wp\/v2\/types\/post"}],"author":[{"embeddable":true,"href":"https:\/\/aconteceunovale.com.br\/portal\/index.php?rest_route=\/wp\/v2\/users\/1"}],"replies":[{"embeddable":true,"href":"https:\/\/aconteceunovale.com.br\/portal\/index.php?rest_route=%2Fwp%2Fv2%2Fcomments&post=102803"}],"version-history":[{"count":1,"href":"https:\/\/aconteceunovale.com.br\/portal\/index.php?rest_route=\/wp\/v2\/posts\/102803\/revisions"}],"predecessor-version":[{"id":200783,"href":"https:\/\/aconteceunovale.com.br\/portal\/index.php?rest_route=\/wp\/v2\/posts\/102803\/revisions\/200783"}],"wp:featuredmedia":[{"embeddable":true,"href":"https:\/\/aconteceunovale.com.br\/portal\/index.php?rest_route=\/wp\/v2\/media\/102805"}],"wp:attachment":[{"href":"https:\/\/aconteceunovale.com.br\/portal\/index.php?rest_route=%2Fwp%2Fv2%2Fmedia&parent=102803"}],"wp:term":[{"taxonomy":"category","embeddable":true,"href":"https:\/\/aconteceunovale.com.br\/portal\/index.php?rest_route=%2Fwp%2Fv2%2Fcategories&post=102803"},{"taxonomy":"post_tag","embeddable":true,"href":"https:\/\/aconteceunovale.com.br\/portal\/index.php?rest_route=%2Fwp%2Fv2%2Ftags&post=102803"}],"curies":[{"name":"wp","href":"https:\/\/api.w.org\/{rel}","templated":true}]}}