{"id":102798,"date":"2016-11-26T21:46:46","date_gmt":"2016-11-27T00:46:46","guid":{"rendered":"http:\/\/aconteceunovale.com.br\/portal\/?p=102798"},"modified":"2016-11-26T21:46:46","modified_gmt":"2016-11-27T00:46:46","slug":"criancas-desenvolvem-projeto-para-reflorestar-margens-do-rio-aracuai","status":"publish","type":"post","link":"https:\/\/aconteceunovale.com.br\/portal\/?p=102798","title":{"rendered":"Crian\u00e7as desenvolvem projeto para reflorestar margens do Rio Ara\u00e7ua\u00ed"},"content":{"rendered":"<p>Antigamente, as margens do Rio Ara\u00e7ua\u00ed, que banham a cidade de mesmo nome, no Vale no Jequitinhonha, eram cobertas por uma mata espessa. V\u00edtima da devasta\u00e7\u00e3o, a paisagem hoje \u00e9 quase deserta. Na inten\u00e7\u00e3o de resgatar um passado muito mais verde, os meninos e meninas do Projeto Arasempre (Ser Crian\u00e7a) criaram o projeto F\u00e1brica de \u00c1rvores dos Meninos de Ara\u00e7ua\u00ed.<\/p>\n<p>De acordo com Luciana Aguiar, assessora de projetos da iniciativa, a ideia \u00e9 reflorestar as margens do rio e trazer de volta as araras que deram nome ao munic\u00edpio. \u201cRecuperando as margens, garantimos tamb\u00e9m o direito de tomar banho de rio\u201d, comenta.<\/p>\n<p>O Projeto Arasempre (Ser Crian\u00e7a) faz parte do Centro Popular de Cultura e Desenvolvimento (CPCD), ONG criada pelo professor e antrop\u00f3logo Ti\u00e3o Rocha.<\/p>\n<p><img decoding=\"async\" src=\"http:\/\/aconteceunovale.com.br\/portal\/wp-content\/uploads\/2016\/11\/fabrica_de_arvores_aracuai_1.jpg\" alt=\"\" \/><em>Projeto tem como objetivo reflorestar margens do Rio Ara\u00e7ua\u00ed (Divulga\u00e7\u00e3o)<\/em><br \/>\n<\/br><\/p>\n<p><strong>Como funcionar\u00e1<\/strong><\/p>\n<p>Ser\u00e3o necess\u00e1rias 281 mil mudas de \u00e1rvores para recompor a mata ciliar do rio Ara\u00e7ua\u00ed. Para dar conta da miss\u00e3o, as crian\u00e7as constru\u00edram uma c\u00fapula geod\u00e9sica \u2013 esp\u00e9cie de oca \u2013 para abrigar as primeiras mudas e as sementes que ser\u00e3o plantadas em um mutir\u00e3o, assim que houver chuva.<\/p>\n<p>Com patroc\u00ednio da Petrobr\u00e1s, o projeto prev\u00ea o plantio de 10 mil mudas ainda este ano. O programa tem planejamento para os pr\u00f3ximos cinco anos. At\u00e9 2019, pretende-se ver as margens do rio Jequitinhonha bem verdinha! <a href=\"https:\/\/www.facebook.com\/fabricadearvoresdosmeninosdearacuai\/videos\/1260904940627698\/\" target=\"_blank\"><font color=\"blue\">Veja o v\u00eddeo do projeto neste link<\/font><\/a>.<\/p>\n<p><img decoding=\"async\" src=\"http:\/\/aconteceunovale.com.br\/portal\/wp-content\/uploads\/2016\/11\/fabrica_de_arvores_aracuai_2.jpg\" alt=\"\" \/><em>Projeto tem como objetivo reflorestar margens do Rio Ara\u00e7ua\u00ed (Divulga\u00e7\u00e3o)<\/em><br \/>\n<\/br><\/p>\n<p><img decoding=\"async\" src=\"http:\/\/aconteceunovale.com.br\/portal\/wp-content\/uploads\/2016\/11\/fabrica_de_arvores_aracuai_3.jpg\" alt=\"\" \/><em>Projeto tem como objetivo reflorestar margens do Rio Ara\u00e7ua\u00ed (Divulga\u00e7\u00e3o)<\/em><br \/>\n<\/br><\/p>\n<p><em>(Fonte: Estad\u00e3o\/Vida &#038; Estilo\/Bruna Ribeiro)<\/em><\/p>\n","protected":false},"excerpt":{"rendered":"<p>Antigamente, as margens do Rio Ara\u00e7ua\u00ed, que banham a cidade de mesmo nome, no Vale no Jequitinhonha, eram cobertas por uma mata espessa. V\u00edtima da devasta\u00e7\u00e3o, a paisagem hoje \u00e9 quase deserta. Na inten\u00e7\u00e3o de resgatar um passado muito mais verde, os meninos e meninas do Projeto Arasempre (Ser Crian\u00e7a) criaram o projeto F\u00e1brica de [&hellip;]<\/p>\n","protected":false},"author":1,"featured_media":102799,"comment_status":"open","ping_status":"closed","sticky":false,"template":"","format":"standard","meta":{"amp_status":"","footnotes":""},"categories":[120],"tags":[186,127537,127532,127535,127536,127531,127533,127538,127534,21752],"class_list":["post-102798","post","type-post","status-publish","format-standard","has-post-thumbnail","hentry","category-jequi","tag-aracuai","tag-criancas-desenvolvem-projeto-para-reflorestar-margens-do-rio-aracuai","tag-fabrica-de-arvores-dos-meninos-de-aracuai","tag-luciana-aguiar","tag-mata-ciliar-do-rio-aracuai","tag-projeto-arasempre","tag-projeto-fabrica-de-arvores-dos-meninos-de-aracuai","tag-projeto-tem-como-objetivo-reflorestar-margens-do-rio-aracuai","tag-reflorestamento-aracuai","tag-rio-aracuai"],"_links":{"self":[{"href":"https:\/\/aconteceunovale.com.br\/portal\/index.php?rest_route=\/wp\/v2\/posts\/102798","targetHints":{"allow":["GET"]}}],"collection":[{"href":"https:\/\/aconteceunovale.com.br\/portal\/index.php?rest_route=\/wp\/v2\/posts"}],"about":[{"href":"https:\/\/aconteceunovale.com.br\/portal\/index.php?rest_route=\/wp\/v2\/types\/post"}],"author":[{"embeddable":true,"href":"https:\/\/aconteceunovale.com.br\/portal\/index.php?rest_route=\/wp\/v2\/users\/1"}],"replies":[{"embeddable":true,"href":"https:\/\/aconteceunovale.com.br\/portal\/index.php?rest_route=%2Fwp%2Fv2%2Fcomments&post=102798"}],"version-history":[{"count":0,"href":"https:\/\/aconteceunovale.com.br\/portal\/index.php?rest_route=\/wp\/v2\/posts\/102798\/revisions"}],"wp:featuredmedia":[{"embeddable":true,"href":"https:\/\/aconteceunovale.com.br\/portal\/index.php?rest_route=\/wp\/v2\/media\/102799"}],"wp:attachment":[{"href":"https:\/\/aconteceunovale.com.br\/portal\/index.php?rest_route=%2Fwp%2Fv2%2Fmedia&parent=102798"}],"wp:term":[{"taxonomy":"category","embeddable":true,"href":"https:\/\/aconteceunovale.com.br\/portal\/index.php?rest_route=%2Fwp%2Fv2%2Fcategories&post=102798"},{"taxonomy":"post_tag","embeddable":true,"href":"https:\/\/aconteceunovale.com.br\/portal\/index.php?rest_route=%2Fwp%2Fv2%2Ftags&post=102798"}],"curies":[{"name":"wp","href":"https:\/\/api.w.org\/{rel}","templated":true}]}}