{"id":102794,"date":"2016-11-26T20:01:55","date_gmt":"2016-11-26T23:01:55","guid":{"rendered":"http:\/\/aconteceunovale.com.br\/portal\/?p=102794"},"modified":"2016-11-27T08:06:07","modified_gmt":"2016-11-27T11:06:07","slug":"idosa-de-93-anos-e-resgatada-apos-alagamento-em-marilac-no-vale-do-rio-doce","status":"publish","type":"post","link":"https:\/\/aconteceunovale.com.br\/portal\/?p=102794","title":{"rendered":"Idosa de 93 anos \u00e9 resgatada ap\u00f3s alagamento em Marilac, no Vale do Rio Doce"},"content":{"rendered":"<p>Uma idosa de 93 anos foi resgatada, neste s\u00e1bado (26\/11\/2016), ap\u00f3s a enxurrada invadir sua casa em Marilac, no Vale do Rio Doce. A resid\u00eancia teve que ser interditada, porque a estrutura est\u00e1 condenada. De acordo com a Defesa Civil municipal, cinco fam\u00edlias est\u00e3o desalojadas na \u00e1rea urbana. Na zona rural do munic\u00edpio h\u00e1 pontos de alagamento, em que um c\u00f3rrego transbordou. Ainda segundo a Defesa Civil, o abastecimento de \u00e1gua na cidade est\u00e1 comprometido desde a \u00faltima quinta-feira (24).<\/p>\n<p>A chuva que atinge o munic\u00edpio j\u00e1 causou v\u00e1rios estragos. Dois barrancos deslizaram e uma ponte caiu, durante a madrugada dessa sexta-feira (25), e deixaram a cidade isolada. Uma lagoa da cidade tamb\u00e9m transbordou. O \u00fanico acesso \u00e0 cidade, que \u00e9 pela estrada de Coroaci, est\u00e1 interditado por causa do barro.<\/p>\n<p>O Departamento de Edifica\u00e7\u00f5es e Estradas de Rodagem de Minas Gerais (DEER \/ MG) informou por meio de nota que a alternativa para deslocamento entre Marilac e Governador Valadares deve ser realizada passando por Nacip Raydan, depois entrar na MG-314 (no sentido a Coroaci) e seguir pela BR-259 at\u00e9 alcan\u00e7ar a BR-116. Este percurso aumenta a viagem em aproximadamente 80 quil\u00f4metros.<\/p>\n<p><img decoding=\"async\" src=\"http:\/\/aconteceunovale.com.br\/portal\/wp-content\/uploads\/2016\/11\/idosa_resgatada_marilac_1.jpeg\" alt=\"\" \/><em>Casa da idosa ficou alagada (Foto: Edilaine Ros\u00e1rio Dias Silva\/Defesa Civil de Marilac)<\/em><br \/>\n<\/br><\/p>\n<p><img decoding=\"async\" src=\"http:\/\/aconteceunovale.com.br\/portal\/wp-content\/uploads\/2016\/11\/idosa_resgatada_marilac_3.jpg\" alt=\"\" \/><em>Casa da idosa ficou alagada (Foto: Edilaine Ros\u00e1rio Dias Silva\/Defesa Civil de Marilac)<\/em><br \/>\n<\/br><\/p>\n<p><img decoding=\"async\" src=\"http:\/\/aconteceunovale.com.br\/portal\/wp-content\/uploads\/2016\/11\/idosa_resgatada_marilac_4.jpg\" alt=\"\" \/><em>Casa da idosa ficou alagada (Foto: Edilaine Ros\u00e1rio Dias Silva\/Defesa Civil de Marilac)<\/em><br \/>\n<\/br><\/p>\n<p><em>(Fonte: G1 dos Vales)<\/em><\/p>\n","protected":false},"excerpt":{"rendered":"<p>Uma idosa de 93 anos foi resgatada, neste s\u00e1bado (26\/11\/2016), ap\u00f3s a enxurrada invadir sua casa em Marilac, no Vale do Rio Doce. A resid\u00eancia teve que ser interditada, porque a estrutura est\u00e1 condenada. De acordo com a Defesa Civil municipal, cinco fam\u00edlias est\u00e3o desalojadas na \u00e1rea urbana. Na zona rural do munic\u00edpio h\u00e1 pontos [&hellip;]<\/p>\n","protected":false},"author":1,"featured_media":102795,"comment_status":"open","ping_status":"closed","sticky":false,"template":"","format":"standard","meta":{"amp_status":"","footnotes":""},"categories":[121],"tags":[127341,127338,1018,127340,127342,127344,127530,300,127337,127339,127343,127336],"class_list":["post-102794","post","type-post","status-publish","format-standard","has-post-thumbnail","hentry","category-leste","tag-chuva-em-marilac","tag-chuva-marilac","tag-destaque","tag-estragos-da-chuva-em-marilac","tag-estragos-da-chuva-marilac","tag-forte-chuva-derruba-ponte-e-isola-populacao-de-marilac","tag-idosa-de-93-anos-e-resgatada-apos-alagamento-em-marilac","tag-marilac","tag-ponte-de-marilac","tag-queda-de-pontes-marilac","tag-tromba-dagua-marilac","tag-video-mostra-local-onde-ficava-a-ponte-de-marilac"],"yoast_head":"<!-- This site is optimized with the Yoast SEO plugin v28.3 - https:\/\/yoast.com\/product\/yoast-seo-wordpress\/ -->\n<title>Idosa de 93 anos \u00e9 resgatada ap\u00f3s alagamento em Marilac, no Vale do Rio Doce  - Aconteceu no Vale<\/title>\n<meta name=\"robots\" content=\"index, follow, max-snippet:-1, max-image-preview:large, max-video-preview:-1\" \/>\n<link rel=\"canonical\" href=\"https:\/\/aconteceunovale.com.br\/portal\/?p=102794\" \/>\n<meta property=\"og:locale\" content=\"pt_BR\" \/>\n<meta property=\"og:type\" content=\"article\" \/>\n<meta property=\"og:title\" content=\"Idosa de 93 anos \u00e9 resgatada ap\u00f3s alagamento em Marilac, no Vale do Rio Doce  - Aconteceu no Vale\" \/>\n<meta property=\"og:description\" content=\"Uma idosa de 93 anos foi resgatada, neste s\u00e1bado (26\/11\/2016), ap\u00f3s a enxurrada invadir sua casa em Marilac, no Vale do Rio Doce. A resid\u00eancia teve que ser interditada, porque a estrutura est\u00e1 condenada. De acordo com a Defesa Civil municipal, cinco fam\u00edlias est\u00e3o desalojadas na \u00e1rea urbana. Na zona rural do munic\u00edpio h\u00e1 pontos [&hellip;]\" \/>\n<meta property=\"og:url\" content=\"https:\/\/aconteceunovale.com.br\/portal\/?p=102794\" \/>\n<meta property=\"og:site_name\" content=\"Aconteceu no Vale\" \/>\n<meta property=\"article:publisher\" content=\"https:\/\/www.facebook.com\/aconteceunovale\/\" \/>\n<meta property=\"article:published_time\" content=\"2016-11-26T23:01:55+00:00\" \/>\n<meta property=\"article:modified_time\" content=\"2016-11-27T11:06:07+00:00\" \/>\n<meta property=\"og:image\" content=\"https:\/\/aconteceunovale.com.br\/portal\/wp-content\/uploads\/2016\/11\/idosa_resgatada_marilac_1.jpeg\" \/>\n\t<meta property=\"og:image:width\" content=\"600\" \/>\n\t<meta property=\"og:image:height\" content=\"450\" \/>\n\t<meta property=\"og:image:type\" content=\"image\/jpeg\" \/>\n<meta name=\"author\" content=\"Aconteceu no Vale\" \/>\n<meta name=\"twitter:card\" content=\"summary_large_image\" \/>\n<meta name=\"twitter:creator\" content=\"@noticiadosvales\" \/>\n<meta name=\"twitter:site\" content=\"@noticiadosvales\" \/>\n<meta name=\"twitter:label1\" content=\"Escrito por\" \/>\n\t<meta name=\"twitter:data1\" content=\"Aconteceu no Vale\" \/>\n\t<meta name=\"twitter:label2\" content=\"Est. tempo de leitura\" \/>\n\t<meta name=\"twitter:data2\" content=\"1 minuto\" \/>\n<script type=\"application\/ld+json\" class=\"yoast-schema-graph\">{\"@context\":\"https:\\\/\\\/schema.org\",\"@graph\":[{\"@type\":\"Article\",\"@id\":\"https:\\\/\\\/aconteceunovale.com.br\\\/portal\\\/?p=102794#article\",\"isPartOf\":{\"@id\":\"https:\\\/\\\/aconteceunovale.com.br\\\/portal\\\/?p=102794\"},\"author\":{\"name\":\"Aconteceu no Vale\",\"@id\":\"https:\\\/\\\/aconteceunovale.com.br\\\/portal\\\/#\\\/schema\\\/person\\\/633529146f2c94272bef50ac2953d589\"},\"headline\":\"Idosa de 93 anos \u00e9 resgatada ap\u00f3s alagamento em Marilac, no Vale do Rio Doce\",\"datePublished\":\"2016-11-26T23:01:55+00:00\",\"dateModified\":\"2016-11-27T11:06:07+00:00\",\"mainEntityOfPage\":{\"@id\":\"https:\\\/\\\/aconteceunovale.com.br\\\/portal\\\/?p=102794\"},\"wordCount\":260,\"commentCount\":0,\"image\":{\"@id\":\"https:\\\/\\\/aconteceunovale.com.br\\\/portal\\\/?p=102794#primaryimage\"},\"thumbnailUrl\":\"https:\\\/\\\/aconteceunovale.com.br\\\/portal\\\/wp-content\\\/uploads\\\/2016\\\/11\\\/idosa_resgatada_marilac_1.jpeg\",\"keywords\":[\"Chuva em Marilac\",\"Chuva Marilac\",\"destaque\",\"Estragos da chuva em Marilac\",\"Estragos da chuva Marilac\",\"Forte chuva derruba ponte e isola popula\u00e7\u00e3o de Marilac\",\"Idosa de 93 anos \u00e9 resgatada ap\u00f3s alagamento em Marilac\",\"Marilac\",\"ponte de Marilac\",\"Queda de pontes Marilac\",\"Tromba d\u00e1gua Marilac\",\"V\u00eddeo mostra local onde ficava a ponte de Marilac\"],\"articleSection\":[\"Leste de Minas\"],\"inLanguage\":\"pt-BR\",\"potentialAction\":[{\"@type\":\"CommentAction\",\"name\":\"Comment\",\"target\":[\"https:\\\/\\\/aconteceunovale.com.br\\\/portal\\\/?p=102794#respond\"]}]},{\"@type\":\"WebPage\",\"@id\":\"https:\\\/\\\/aconteceunovale.com.br\\\/portal\\\/?p=102794\",\"url\":\"https:\\\/\\\/aconteceunovale.com.br\\\/portal\\\/?p=102794\",\"name\":\"Idosa de 93 anos \u00e9 resgatada ap\u00f3s alagamento em Marilac, no Vale do Rio Doce - Aconteceu no Vale\",\"isPartOf\":{\"@id\":\"https:\\\/\\\/aconteceunovale.com.br\\\/portal\\\/#website\"},\"primaryImageOfPage\":{\"@id\":\"https:\\\/\\\/aconteceunovale.com.br\\\/portal\\\/?p=102794#primaryimage\"},\"image\":{\"@id\":\"https:\\\/\\\/aconteceunovale.com.br\\\/portal\\\/?p=102794#primaryimage\"},\"thumbnailUrl\":\"https:\\\/\\\/aconteceunovale.com.br\\\/portal\\\/wp-content\\\/uploads\\\/2016\\\/11\\\/idosa_resgatada_marilac_1.jpeg\",\"datePublished\":\"2016-11-26T23:01:55+00:00\",\"dateModified\":\"2016-11-27T11:06:07+00:00\",\"author\":{\"@id\":\"https:\\\/\\\/aconteceunovale.com.br\\\/portal\\\/#\\\/schema\\\/person\\\/633529146f2c94272bef50ac2953d589\"},\"breadcrumb\":{\"@id\":\"https:\\\/\\\/aconteceunovale.com.br\\\/portal\\\/?p=102794#breadcrumb\"},\"inLanguage\":\"pt-BR\",\"potentialAction\":[{\"@type\":\"ReadAction\",\"target\":[\"https:\\\/\\\/aconteceunovale.com.br\\\/portal\\\/?p=102794\"]}]},{\"@type\":\"ImageObject\",\"inLanguage\":\"pt-BR\",\"@id\":\"https:\\\/\\\/aconteceunovale.com.br\\\/portal\\\/?p=102794#primaryimage\",\"url\":\"https:\\\/\\\/aconteceunovale.com.br\\\/portal\\\/wp-content\\\/uploads\\\/2016\\\/11\\\/idosa_resgatada_marilac_1.jpeg\",\"contentUrl\":\"https:\\\/\\\/aconteceunovale.com.br\\\/portal\\\/wp-content\\\/uploads\\\/2016\\\/11\\\/idosa_resgatada_marilac_1.jpeg\",\"width\":600,\"height\":450},{\"@type\":\"BreadcrumbList\",\"@id\":\"https:\\\/\\\/aconteceunovale.com.br\\\/portal\\\/?p=102794#breadcrumb\",\"itemListElement\":[{\"@type\":\"ListItem\",\"position\":1,\"name\":\"In\u00edcio\",\"item\":\"https:\\\/\\\/aconteceunovale.com.br\\\/portal\\\/\"},{\"@type\":\"ListItem\",\"position\":2,\"name\":\"Idosa de 93 anos \u00e9 resgatada ap\u00f3s alagamento em Marilac, no Vale do Rio Doce\"}]},{\"@type\":\"WebSite\",\"@id\":\"https:\\\/\\\/aconteceunovale.com.br\\\/portal\\\/#website\",\"url\":\"https:\\\/\\\/aconteceunovale.com.br\\\/portal\\\/\",\"name\":\"Aconteceu no Vale\",\"description\":\"Portal de Not\u00edcias\",\"potentialAction\":[{\"@type\":\"SearchAction\",\"target\":{\"@type\":\"EntryPoint\",\"urlTemplate\":\"https:\\\/\\\/aconteceunovale.com.br\\\/portal\\\/?s={search_term_string}\"},\"query-input\":{\"@type\":\"PropertyValueSpecification\",\"valueRequired\":true,\"valueName\":\"search_term_string\"}}],\"inLanguage\":\"pt-BR\"},{\"@type\":\"Person\",\"@id\":\"https:\\\/\\\/aconteceunovale.com.br\\\/portal\\\/#\\\/schema\\\/person\\\/633529146f2c94272bef50ac2953d589\",\"name\":\"Aconteceu no Vale\",\"description\":\"Equipe de reportagem do Aconteceu no Vale, portal de not\u00edcias do Vale do Jequitinhonha, em Minas Gerais. Cobrimos as 51 cidades do Vale desde 2013. Sugest\u00f5es de pauta e pedidos de corre\u00e7\u00e3o: contato@aconteceunovale.com.br\",\"sameAs\":[\"http:\\\/\\\/www.aconteceunovale.com.br\"],\"url\":\"https:\\\/\\\/aconteceunovale.com.br\\\/portal\\\/?author=1\"}]}<\/script>\n<!-- \/ Yoast SEO plugin. -->","yoast_head_json":{"title":"Idosa de 93 anos \u00e9 resgatada ap\u00f3s alagamento em Marilac, no Vale do Rio Doce  - Aconteceu no Vale","robots":{"index":"index","follow":"follow","max-snippet":"max-snippet:-1","max-image-preview":"max-image-preview:large","max-video-preview":"max-video-preview:-1"},"canonical":"https:\/\/aconteceunovale.com.br\/portal\/?p=102794","og_locale":"pt_BR","og_type":"article","og_title":"Idosa de 93 anos \u00e9 resgatada ap\u00f3s alagamento em Marilac, no Vale do Rio Doce  - Aconteceu no Vale","og_description":"Uma idosa de 93 anos foi resgatada, neste s\u00e1bado (26\/11\/2016), ap\u00f3s a enxurrada invadir sua casa em Marilac, no Vale do Rio Doce. A resid\u00eancia teve que ser interditada, porque a estrutura est\u00e1 condenada. De acordo com a Defesa Civil municipal, cinco fam\u00edlias est\u00e3o desalojadas na \u00e1rea urbana. Na zona rural do munic\u00edpio h\u00e1 pontos [&hellip;]","og_url":"https:\/\/aconteceunovale.com.br\/portal\/?p=102794","og_site_name":"Aconteceu no Vale","article_publisher":"https:\/\/www.facebook.com\/aconteceunovale\/","article_published_time":"2016-11-26T23:01:55+00:00","article_modified_time":"2016-11-27T11:06:07+00:00","og_image":[{"width":600,"height":450,"url":"https:\/\/aconteceunovale.com.br\/portal\/wp-content\/uploads\/2016\/11\/idosa_resgatada_marilac_1.jpeg","type":"image\/jpeg"}],"author":"Aconteceu no Vale","twitter_card":"summary_large_image","twitter_creator":"@noticiadosvales","twitter_site":"@noticiadosvales","twitter_misc":{"Escrito por":"Aconteceu no Vale","Est. tempo de leitura":"1 minuto"},"schema":{"@context":"https:\/\/schema.org","@graph":[{"@type":"Article","@id":"https:\/\/aconteceunovale.com.br\/portal\/?p=102794#article","isPartOf":{"@id":"https:\/\/aconteceunovale.com.br\/portal\/?p=102794"},"author":{"name":"Aconteceu no Vale","@id":"https:\/\/aconteceunovale.com.br\/portal\/#\/schema\/person\/633529146f2c94272bef50ac2953d589"},"headline":"Idosa de 93 anos \u00e9 resgatada ap\u00f3s alagamento em Marilac, no Vale do Rio Doce","datePublished":"2016-11-26T23:01:55+00:00","dateModified":"2016-11-27T11:06:07+00:00","mainEntityOfPage":{"@id":"https:\/\/aconteceunovale.com.br\/portal\/?p=102794"},"wordCount":260,"commentCount":0,"image":{"@id":"https:\/\/aconteceunovale.com.br\/portal\/?p=102794#primaryimage"},"thumbnailUrl":"https:\/\/aconteceunovale.com.br\/portal\/wp-content\/uploads\/2016\/11\/idosa_resgatada_marilac_1.jpeg","keywords":["Chuva em Marilac","Chuva Marilac","destaque","Estragos da chuva em Marilac","Estragos da chuva Marilac","Forte chuva derruba ponte e isola popula\u00e7\u00e3o de Marilac","Idosa de 93 anos \u00e9 resgatada ap\u00f3s alagamento em Marilac","Marilac","ponte de Marilac","Queda de pontes Marilac","Tromba d\u00e1gua Marilac","V\u00eddeo mostra local onde ficava a ponte de Marilac"],"articleSection":["Leste de Minas"],"inLanguage":"pt-BR","potentialAction":[{"@type":"CommentAction","name":"Comment","target":["https:\/\/aconteceunovale.com.br\/portal\/?p=102794#respond"]}]},{"@type":"WebPage","@id":"https:\/\/aconteceunovale.com.br\/portal\/?p=102794","url":"https:\/\/aconteceunovale.com.br\/portal\/?p=102794","name":"Idosa de 93 anos \u00e9 resgatada ap\u00f3s alagamento em Marilac, no Vale do Rio Doce - Aconteceu no Vale","isPartOf":{"@id":"https:\/\/aconteceunovale.com.br\/portal\/#website"},"primaryImageOfPage":{"@id":"https:\/\/aconteceunovale.com.br\/portal\/?p=102794#primaryimage"},"image":{"@id":"https:\/\/aconteceunovale.com.br\/portal\/?p=102794#primaryimage"},"thumbnailUrl":"https:\/\/aconteceunovale.com.br\/portal\/wp-content\/uploads\/2016\/11\/idosa_resgatada_marilac_1.jpeg","datePublished":"2016-11-26T23:01:55+00:00","dateModified":"2016-11-27T11:06:07+00:00","author":{"@id":"https:\/\/aconteceunovale.com.br\/portal\/#\/schema\/person\/633529146f2c94272bef50ac2953d589"},"breadcrumb":{"@id":"https:\/\/aconteceunovale.com.br\/portal\/?p=102794#breadcrumb"},"inLanguage":"pt-BR","potentialAction":[{"@type":"ReadAction","target":["https:\/\/aconteceunovale.com.br\/portal\/?p=102794"]}]},{"@type":"ImageObject","inLanguage":"pt-BR","@id":"https:\/\/aconteceunovale.com.br\/portal\/?p=102794#primaryimage","url":"https:\/\/aconteceunovale.com.br\/portal\/wp-content\/uploads\/2016\/11\/idosa_resgatada_marilac_1.jpeg","contentUrl":"https:\/\/aconteceunovale.com.br\/portal\/wp-content\/uploads\/2016\/11\/idosa_resgatada_marilac_1.jpeg","width":600,"height":450},{"@type":"BreadcrumbList","@id":"https:\/\/aconteceunovale.com.br\/portal\/?p=102794#breadcrumb","itemListElement":[{"@type":"ListItem","position":1,"name":"In\u00edcio","item":"https:\/\/aconteceunovale.com.br\/portal\/"},{"@type":"ListItem","position":2,"name":"Idosa de 93 anos \u00e9 resgatada ap\u00f3s alagamento em Marilac, no Vale do Rio Doce"}]},{"@type":"WebSite","@id":"https:\/\/aconteceunovale.com.br\/portal\/#website","url":"https:\/\/aconteceunovale.com.br\/portal\/","name":"Aconteceu no Vale","description":"Portal de Not\u00edcias","potentialAction":[{"@type":"SearchAction","target":{"@type":"EntryPoint","urlTemplate":"https:\/\/aconteceunovale.com.br\/portal\/?s={search_term_string}"},"query-input":{"@type":"PropertyValueSpecification","valueRequired":true,"valueName":"search_term_string"}}],"inLanguage":"pt-BR"},{"@type":"Person","@id":"https:\/\/aconteceunovale.com.br\/portal\/#\/schema\/person\/633529146f2c94272bef50ac2953d589","name":"Aconteceu no Vale","description":"Equipe de reportagem do Aconteceu no Vale, portal de not\u00edcias do Vale do Jequitinhonha, em Minas Gerais. Cobrimos as 51 cidades do Vale desde 2013. Sugest\u00f5es de pauta e pedidos de corre\u00e7\u00e3o: contato@aconteceunovale.com.br","sameAs":["http:\/\/www.aconteceunovale.com.br"],"url":"https:\/\/aconteceunovale.com.br\/portal\/?author=1"}]}},"_links":{"self":[{"href":"https:\/\/aconteceunovale.com.br\/portal\/index.php?rest_route=\/wp\/v2\/posts\/102794","targetHints":{"allow":["GET"]}}],"collection":[{"href":"https:\/\/aconteceunovale.com.br\/portal\/index.php?rest_route=\/wp\/v2\/posts"}],"about":[{"href":"https:\/\/aconteceunovale.com.br\/portal\/index.php?rest_route=\/wp\/v2\/types\/post"}],"author":[{"embeddable":true,"href":"https:\/\/aconteceunovale.com.br\/portal\/index.php?rest_route=\/wp\/v2\/users\/1"}],"replies":[{"embeddable":true,"href":"https:\/\/aconteceunovale.com.br\/portal\/index.php?rest_route=%2Fwp%2Fv2%2Fcomments&post=102794"}],"version-history":[{"count":0,"href":"https:\/\/aconteceunovale.com.br\/portal\/index.php?rest_route=\/wp\/v2\/posts\/102794\/revisions"}],"wp:featuredmedia":[{"embeddable":true,"href":"https:\/\/aconteceunovale.com.br\/portal\/index.php?rest_route=\/wp\/v2\/media\/102795"}],"wp:attachment":[{"href":"https:\/\/aconteceunovale.com.br\/portal\/index.php?rest_route=%2Fwp%2Fv2%2Fmedia&parent=102794"}],"wp:term":[{"taxonomy":"category","embeddable":true,"href":"https:\/\/aconteceunovale.com.br\/portal\/index.php?rest_route=%2Fwp%2Fv2%2Fcategories&post=102794"},{"taxonomy":"post_tag","embeddable":true,"href":"https:\/\/aconteceunovale.com.br\/portal\/index.php?rest_route=%2Fwp%2Fv2%2Ftags&post=102794"}],"curies":[{"name":"wp","href":"https:\/\/api.w.org\/{rel}","templated":true}]}}