{"id":102790,"date":"2016-11-26T19:30:26","date_gmt":"2016-11-26T22:30:26","guid":{"rendered":"http:\/\/aconteceunovale.com.br\/portal\/?p=102790"},"modified":"2016-11-26T19:30:26","modified_gmt":"2016-11-26T22:30:26","slug":"governo-federal-reconhece-situacao-de-emergencia-em-malacacheta","status":"publish","type":"post","link":"https:\/\/aconteceunovale.com.br\/portal\/?p=102790","title":{"rendered":"Governo Federal reconhece situa\u00e7\u00e3o de emerg\u00eancia em Malacacheta"},"content":{"rendered":"<p>O Minist\u00e9rio da Integra\u00e7\u00e3o anunciou, nesta sexta-feira (25\/11\/2016), que mais dez munic\u00edpios afetados pela seca e estiagem ter\u00e3o acesso ao aux\u00edlio do governo federal. <a href=\"http:\/\/pesquisa.in.gov.br\/imprensa\/jsp\/visualiza\/index.jsp?jornal=1&#038;pagina=33&#038;data=25\/11\/2016\" target=\"_blank\">Clique aqui e acesse a portaria<\/a>.<\/p>\n<p>Entre as cidades reconhecidas est\u00e3o Malacacheta, localizada no Vale do Mucuri, em Minas Gerais; Apu\u00ed, L\u00e1brea, Manicor\u00e9 e Novo Aripuan\u00e3, no Amazonas; Canudos, na Bahia; \u00c1guia Branca, no Esp\u00edrito Santo; e Moita Bonita, Po\u00e7o Verde e Sim\u00e3o Dias, em Sergipe.<\/p>\n<p>O reconhecimento de situa\u00e7\u00e3o de emerg\u00eancia, publicado no Di\u00e1rio Oficial da Uni\u00e3o (DOU), vai garantir a continuidade das a\u00e7\u00f5es de restabelecimento de servi\u00e7os essenciais, como o abastecimento de \u00e1gua. Permite, ainda, que as prefeituras solicitem apoio do governo federal em diversas frentes, como a renegocia\u00e7\u00e3o de d\u00edvidas no setor de agricultura, entre outros.<\/p>\n<p>O apoio da Uni\u00e3o \u00e9 complementar \u00e0s a\u00e7\u00f5es dos estados e munic\u00edpios. O reconhecimento federal \u00e9 realizado ap\u00f3s decreto oficial de emerg\u00eancia ou calamidade p\u00fablica dos estados ou munic\u00edpios e o envio de solicita\u00e7\u00e3o \u00e0 Secretaria Nacional de Prote\u00e7\u00e3o e Defesa Civil (Sedec), do Minist\u00e9rio da Integra\u00e7\u00e3o Nacional.<\/p>\n<p><img decoding=\"async\" src=\"http:\/\/aconteceunovale.com.br\/portal\/wp-content\/uploads\/2016\/11\/seca.jpeg\" alt=\"\" \/><em>O reconhecimento garante a continuidade do restabelecimento de servi\u00e7os essenciais, como abastecimento de \u00e1gua (Foto: Divulga\u00e7\u00e3o\/Defesa Civil\/Reprodu\u00e7\u00e3o Portal Brasil)<\/em><br \/>\n<\/br><\/p>\n<p><em>(Com informa\u00e7\u00f5es do Minist\u00e9rio da Integra\u00e7\u00e3o Nacional)<\/em><\/p>\n","protected":false},"excerpt":{"rendered":"<p>O Minist\u00e9rio da Integra\u00e7\u00e3o anunciou, nesta sexta-feira (25\/11\/2016), que mais dez munic\u00edpios afetados pela seca e estiagem ter\u00e3o acesso ao aux\u00edlio do governo federal. Clique aqui e acesse a portaria. Entre as cidades reconhecidas est\u00e3o Malacacheta, localizada no Vale do Mucuri, em Minas Gerais; Apu\u00ed, L\u00e1brea, Manicor\u00e9 e Novo Aripuan\u00e3, no Amazonas; Canudos, na Bahia; [&hellip;]<\/p>\n","protected":false},"author":1,"featured_media":102792,"comment_status":"open","ping_status":"closed","sticky":false,"template":"","format":"standard","meta":{"amp_status":"","footnotes":""},"categories":[122],"tags":[21499,127524,99921,127529,127525,226,127526,127528,127527,25531,25532],"class_list":["post-102790","post","type-post","status-publish","format-standard","has-post-thumbnail","hentry","category-mucuri","tag-aguia-branca","tag-apui","tag-canudos","tag-governo-federal-reconhece-situacao-de-emergencia-em-malacacheta","tag-labrea","tag-malacacheta","tag-manicore","tag-moita-bonita","tag-novo-aripuana","tag-poco-verde","tag-simao-dias"],"yoast_head":"<!-- This site is optimized with the Yoast SEO plugin v28.3 - https:\/\/yoast.com\/product\/yoast-seo-wordpress\/ -->\n<title>Governo Federal reconhece situa\u00e7\u00e3o de emerg\u00eancia em Malacacheta - Aconteceu no Vale<\/title>\n<meta name=\"robots\" content=\"index, follow, max-snippet:-1, max-image-preview:large, max-video-preview:-1\" \/>\n<link rel=\"canonical\" href=\"https:\/\/aconteceunovale.com.br\/portal\/?p=102790\" \/>\n<meta property=\"og:locale\" content=\"pt_BR\" \/>\n<meta property=\"og:type\" content=\"article\" \/>\n<meta property=\"og:title\" content=\"Governo Federal reconhece situa\u00e7\u00e3o de emerg\u00eancia em Malacacheta - Aconteceu no Vale\" \/>\n<meta property=\"og:description\" content=\"O Minist\u00e9rio da Integra\u00e7\u00e3o anunciou, nesta sexta-feira (25\/11\/2016), que mais dez munic\u00edpios afetados pela seca e estiagem ter\u00e3o acesso ao aux\u00edlio do governo federal. Clique aqui e acesse a portaria. Entre as cidades reconhecidas est\u00e3o Malacacheta, localizada no Vale do Mucuri, em Minas Gerais; Apu\u00ed, L\u00e1brea, Manicor\u00e9 e Novo Aripuan\u00e3, no Amazonas; Canudos, na Bahia; [&hellip;]\" \/>\n<meta property=\"og:url\" content=\"https:\/\/aconteceunovale.com.br\/portal\/?p=102790\" \/>\n<meta property=\"og:site_name\" content=\"Aconteceu no Vale\" \/>\n<meta property=\"article:publisher\" content=\"https:\/\/www.facebook.com\/aconteceunovale\/\" \/>\n<meta property=\"article:published_time\" content=\"2016-11-26T22:30:26+00:00\" \/>\n<meta property=\"og:image\" content=\"https:\/\/aconteceunovale.com.br\/portal\/wp-content\/uploads\/2016\/11\/seca.jpeg\" \/>\n\t<meta property=\"og:image:width\" content=\"678\" \/>\n\t<meta property=\"og:image:height\" content=\"379\" \/>\n\t<meta property=\"og:image:type\" content=\"image\/jpeg\" \/>\n<meta name=\"author\" content=\"Aconteceu no Vale\" \/>\n<meta name=\"twitter:card\" content=\"summary_large_image\" \/>\n<meta name=\"twitter:creator\" content=\"@noticiadosvales\" \/>\n<meta name=\"twitter:site\" content=\"@noticiadosvales\" \/>\n<meta name=\"twitter:label1\" content=\"Escrito por\" \/>\n\t<meta name=\"twitter:data1\" content=\"Aconteceu no Vale\" \/>\n\t<meta name=\"twitter:label2\" content=\"Est. tempo de leitura\" \/>\n\t<meta name=\"twitter:data2\" content=\"1 minuto\" \/>\n<script type=\"application\/ld+json\" class=\"yoast-schema-graph\">{\"@context\":\"https:\\\/\\\/schema.org\",\"@graph\":[{\"@type\":\"Article\",\"@id\":\"https:\\\/\\\/aconteceunovale.com.br\\\/portal\\\/?p=102790#article\",\"isPartOf\":{\"@id\":\"https:\\\/\\\/aconteceunovale.com.br\\\/portal\\\/?p=102790\"},\"author\":{\"name\":\"Aconteceu no Vale\",\"@id\":\"https:\\\/\\\/aconteceunovale.com.br\\\/portal\\\/#\\\/schema\\\/person\\\/633529146f2c94272bef50ac2953d589\"},\"headline\":\"Governo Federal reconhece situa\u00e7\u00e3o de emerg\u00eancia em Malacacheta\",\"datePublished\":\"2016-11-26T22:30:26+00:00\",\"mainEntityOfPage\":{\"@id\":\"https:\\\/\\\/aconteceunovale.com.br\\\/portal\\\/?p=102790\"},\"wordCount\":240,\"commentCount\":0,\"image\":{\"@id\":\"https:\\\/\\\/aconteceunovale.com.br\\\/portal\\\/?p=102790#primaryimage\"},\"thumbnailUrl\":\"https:\\\/\\\/aconteceunovale.com.br\\\/portal\\\/wp-content\\\/uploads\\\/2016\\\/11\\\/seca.jpeg\",\"keywords\":[\"\u00c1guia Branca\",\"Apu\u00ed\",\"Canudos\",\"Governo Federal reconhece situa\u00e7\u00e3o de emerg\u00eancia em Malacacheta\",\"L\u00e1brea\",\"Malacacheta\",\"Manicor\u00e9\",\"Moita Bonita\",\"Novo Aripuan\u00e3\",\"Po\u00e7o Verde\",\"Sim\u00e3o Dias\"],\"articleSection\":[\"Vale do Mucuri\"],\"inLanguage\":\"pt-BR\",\"potentialAction\":[{\"@type\":\"CommentAction\",\"name\":\"Comment\",\"target\":[\"https:\\\/\\\/aconteceunovale.com.br\\\/portal\\\/?p=102790#respond\"]}]},{\"@type\":\"WebPage\",\"@id\":\"https:\\\/\\\/aconteceunovale.com.br\\\/portal\\\/?p=102790\",\"url\":\"https:\\\/\\\/aconteceunovale.com.br\\\/portal\\\/?p=102790\",\"name\":\"Governo Federal reconhece situa\u00e7\u00e3o de emerg\u00eancia em Malacacheta - Aconteceu no Vale\",\"isPartOf\":{\"@id\":\"https:\\\/\\\/aconteceunovale.com.br\\\/portal\\\/#website\"},\"primaryImageOfPage\":{\"@id\":\"https:\\\/\\\/aconteceunovale.com.br\\\/portal\\\/?p=102790#primaryimage\"},\"image\":{\"@id\":\"https:\\\/\\\/aconteceunovale.com.br\\\/portal\\\/?p=102790#primaryimage\"},\"thumbnailUrl\":\"https:\\\/\\\/aconteceunovale.com.br\\\/portal\\\/wp-content\\\/uploads\\\/2016\\\/11\\\/seca.jpeg\",\"datePublished\":\"2016-11-26T22:30:26+00:00\",\"author\":{\"@id\":\"https:\\\/\\\/aconteceunovale.com.br\\\/portal\\\/#\\\/schema\\\/person\\\/633529146f2c94272bef50ac2953d589\"},\"breadcrumb\":{\"@id\":\"https:\\\/\\\/aconteceunovale.com.br\\\/portal\\\/?p=102790#breadcrumb\"},\"inLanguage\":\"pt-BR\",\"potentialAction\":[{\"@type\":\"ReadAction\",\"target\":[\"https:\\\/\\\/aconteceunovale.com.br\\\/portal\\\/?p=102790\"]}]},{\"@type\":\"ImageObject\",\"inLanguage\":\"pt-BR\",\"@id\":\"https:\\\/\\\/aconteceunovale.com.br\\\/portal\\\/?p=102790#primaryimage\",\"url\":\"https:\\\/\\\/aconteceunovale.com.br\\\/portal\\\/wp-content\\\/uploads\\\/2016\\\/11\\\/seca.jpeg\",\"contentUrl\":\"https:\\\/\\\/aconteceunovale.com.br\\\/portal\\\/wp-content\\\/uploads\\\/2016\\\/11\\\/seca.jpeg\",\"width\":678,\"height\":379},{\"@type\":\"BreadcrumbList\",\"@id\":\"https:\\\/\\\/aconteceunovale.com.br\\\/portal\\\/?p=102790#breadcrumb\",\"itemListElement\":[{\"@type\":\"ListItem\",\"position\":1,\"name\":\"In\u00edcio\",\"item\":\"https:\\\/\\\/aconteceunovale.com.br\\\/portal\\\/\"},{\"@type\":\"ListItem\",\"position\":2,\"name\":\"Governo Federal reconhece situa\u00e7\u00e3o de emerg\u00eancia em Malacacheta\"}]},{\"@type\":\"WebSite\",\"@id\":\"https:\\\/\\\/aconteceunovale.com.br\\\/portal\\\/#website\",\"url\":\"https:\\\/\\\/aconteceunovale.com.br\\\/portal\\\/\",\"name\":\"Aconteceu no Vale\",\"description\":\"Portal de Not\u00edcias\",\"potentialAction\":[{\"@type\":\"SearchAction\",\"target\":{\"@type\":\"EntryPoint\",\"urlTemplate\":\"https:\\\/\\\/aconteceunovale.com.br\\\/portal\\\/?s={search_term_string}\"},\"query-input\":{\"@type\":\"PropertyValueSpecification\",\"valueRequired\":true,\"valueName\":\"search_term_string\"}}],\"inLanguage\":\"pt-BR\"},{\"@type\":\"Person\",\"@id\":\"https:\\\/\\\/aconteceunovale.com.br\\\/portal\\\/#\\\/schema\\\/person\\\/633529146f2c94272bef50ac2953d589\",\"name\":\"Aconteceu no Vale\",\"description\":\"Equipe de reportagem do Aconteceu no Vale, portal de not\u00edcias do Vale do Jequitinhonha, em Minas Gerais. Cobrimos as 51 cidades do Vale desde 2013. Sugest\u00f5es de pauta e pedidos de corre\u00e7\u00e3o: contato@aconteceunovale.com.br\",\"sameAs\":[\"http:\\\/\\\/www.aconteceunovale.com.br\"],\"url\":\"https:\\\/\\\/aconteceunovale.com.br\\\/portal\\\/?author=1\"}]}<\/script>\n<!-- \/ Yoast SEO plugin. -->","yoast_head_json":{"title":"Governo Federal reconhece situa\u00e7\u00e3o de emerg\u00eancia em Malacacheta - Aconteceu no Vale","robots":{"index":"index","follow":"follow","max-snippet":"max-snippet:-1","max-image-preview":"max-image-preview:large","max-video-preview":"max-video-preview:-1"},"canonical":"https:\/\/aconteceunovale.com.br\/portal\/?p=102790","og_locale":"pt_BR","og_type":"article","og_title":"Governo Federal reconhece situa\u00e7\u00e3o de emerg\u00eancia em Malacacheta - Aconteceu no Vale","og_description":"O Minist\u00e9rio da Integra\u00e7\u00e3o anunciou, nesta sexta-feira (25\/11\/2016), que mais dez munic\u00edpios afetados pela seca e estiagem ter\u00e3o acesso ao aux\u00edlio do governo federal. Clique aqui e acesse a portaria. Entre as cidades reconhecidas est\u00e3o Malacacheta, localizada no Vale do Mucuri, em Minas Gerais; Apu\u00ed, L\u00e1brea, Manicor\u00e9 e Novo Aripuan\u00e3, no Amazonas; Canudos, na Bahia; [&hellip;]","og_url":"https:\/\/aconteceunovale.com.br\/portal\/?p=102790","og_site_name":"Aconteceu no Vale","article_publisher":"https:\/\/www.facebook.com\/aconteceunovale\/","article_published_time":"2016-11-26T22:30:26+00:00","og_image":[{"width":678,"height":379,"url":"https:\/\/aconteceunovale.com.br\/portal\/wp-content\/uploads\/2016\/11\/seca.jpeg","type":"image\/jpeg"}],"author":"Aconteceu no Vale","twitter_card":"summary_large_image","twitter_creator":"@noticiadosvales","twitter_site":"@noticiadosvales","twitter_misc":{"Escrito por":"Aconteceu no Vale","Est. tempo de leitura":"1 minuto"},"schema":{"@context":"https:\/\/schema.org","@graph":[{"@type":"Article","@id":"https:\/\/aconteceunovale.com.br\/portal\/?p=102790#article","isPartOf":{"@id":"https:\/\/aconteceunovale.com.br\/portal\/?p=102790"},"author":{"name":"Aconteceu no Vale","@id":"https:\/\/aconteceunovale.com.br\/portal\/#\/schema\/person\/633529146f2c94272bef50ac2953d589"},"headline":"Governo Federal reconhece situa\u00e7\u00e3o de emerg\u00eancia em Malacacheta","datePublished":"2016-11-26T22:30:26+00:00","mainEntityOfPage":{"@id":"https:\/\/aconteceunovale.com.br\/portal\/?p=102790"},"wordCount":240,"commentCount":0,"image":{"@id":"https:\/\/aconteceunovale.com.br\/portal\/?p=102790#primaryimage"},"thumbnailUrl":"https:\/\/aconteceunovale.com.br\/portal\/wp-content\/uploads\/2016\/11\/seca.jpeg","keywords":["\u00c1guia Branca","Apu\u00ed","Canudos","Governo Federal reconhece situa\u00e7\u00e3o de emerg\u00eancia em Malacacheta","L\u00e1brea","Malacacheta","Manicor\u00e9","Moita Bonita","Novo Aripuan\u00e3","Po\u00e7o Verde","Sim\u00e3o Dias"],"articleSection":["Vale do Mucuri"],"inLanguage":"pt-BR","potentialAction":[{"@type":"CommentAction","name":"Comment","target":["https:\/\/aconteceunovale.com.br\/portal\/?p=102790#respond"]}]},{"@type":"WebPage","@id":"https:\/\/aconteceunovale.com.br\/portal\/?p=102790","url":"https:\/\/aconteceunovale.com.br\/portal\/?p=102790","name":"Governo Federal reconhece situa\u00e7\u00e3o de emerg\u00eancia em Malacacheta - Aconteceu no Vale","isPartOf":{"@id":"https:\/\/aconteceunovale.com.br\/portal\/#website"},"primaryImageOfPage":{"@id":"https:\/\/aconteceunovale.com.br\/portal\/?p=102790#primaryimage"},"image":{"@id":"https:\/\/aconteceunovale.com.br\/portal\/?p=102790#primaryimage"},"thumbnailUrl":"https:\/\/aconteceunovale.com.br\/portal\/wp-content\/uploads\/2016\/11\/seca.jpeg","datePublished":"2016-11-26T22:30:26+00:00","author":{"@id":"https:\/\/aconteceunovale.com.br\/portal\/#\/schema\/person\/633529146f2c94272bef50ac2953d589"},"breadcrumb":{"@id":"https:\/\/aconteceunovale.com.br\/portal\/?p=102790#breadcrumb"},"inLanguage":"pt-BR","potentialAction":[{"@type":"ReadAction","target":["https:\/\/aconteceunovale.com.br\/portal\/?p=102790"]}]},{"@type":"ImageObject","inLanguage":"pt-BR","@id":"https:\/\/aconteceunovale.com.br\/portal\/?p=102790#primaryimage","url":"https:\/\/aconteceunovale.com.br\/portal\/wp-content\/uploads\/2016\/11\/seca.jpeg","contentUrl":"https:\/\/aconteceunovale.com.br\/portal\/wp-content\/uploads\/2016\/11\/seca.jpeg","width":678,"height":379},{"@type":"BreadcrumbList","@id":"https:\/\/aconteceunovale.com.br\/portal\/?p=102790#breadcrumb","itemListElement":[{"@type":"ListItem","position":1,"name":"In\u00edcio","item":"https:\/\/aconteceunovale.com.br\/portal\/"},{"@type":"ListItem","position":2,"name":"Governo Federal reconhece situa\u00e7\u00e3o de emerg\u00eancia em Malacacheta"}]},{"@type":"WebSite","@id":"https:\/\/aconteceunovale.com.br\/portal\/#website","url":"https:\/\/aconteceunovale.com.br\/portal\/","name":"Aconteceu no Vale","description":"Portal de Not\u00edcias","potentialAction":[{"@type":"SearchAction","target":{"@type":"EntryPoint","urlTemplate":"https:\/\/aconteceunovale.com.br\/portal\/?s={search_term_string}"},"query-input":{"@type":"PropertyValueSpecification","valueRequired":true,"valueName":"search_term_string"}}],"inLanguage":"pt-BR"},{"@type":"Person","@id":"https:\/\/aconteceunovale.com.br\/portal\/#\/schema\/person\/633529146f2c94272bef50ac2953d589","name":"Aconteceu no Vale","description":"Equipe de reportagem do Aconteceu no Vale, portal de not\u00edcias do Vale do Jequitinhonha, em Minas Gerais. Cobrimos as 51 cidades do Vale desde 2013. Sugest\u00f5es de pauta e pedidos de corre\u00e7\u00e3o: contato@aconteceunovale.com.br","sameAs":["http:\/\/www.aconteceunovale.com.br"],"url":"https:\/\/aconteceunovale.com.br\/portal\/?author=1"}]}},"_links":{"self":[{"href":"https:\/\/aconteceunovale.com.br\/portal\/index.php?rest_route=\/wp\/v2\/posts\/102790","targetHints":{"allow":["GET"]}}],"collection":[{"href":"https:\/\/aconteceunovale.com.br\/portal\/index.php?rest_route=\/wp\/v2\/posts"}],"about":[{"href":"https:\/\/aconteceunovale.com.br\/portal\/index.php?rest_route=\/wp\/v2\/types\/post"}],"author":[{"embeddable":true,"href":"https:\/\/aconteceunovale.com.br\/portal\/index.php?rest_route=\/wp\/v2\/users\/1"}],"replies":[{"embeddable":true,"href":"https:\/\/aconteceunovale.com.br\/portal\/index.php?rest_route=%2Fwp%2Fv2%2Fcomments&post=102790"}],"version-history":[{"count":0,"href":"https:\/\/aconteceunovale.com.br\/portal\/index.php?rest_route=\/wp\/v2\/posts\/102790\/revisions"}],"wp:featuredmedia":[{"embeddable":true,"href":"https:\/\/aconteceunovale.com.br\/portal\/index.php?rest_route=\/wp\/v2\/media\/102792"}],"wp:attachment":[{"href":"https:\/\/aconteceunovale.com.br\/portal\/index.php?rest_route=%2Fwp%2Fv2%2Fmedia&parent=102790"}],"wp:term":[{"taxonomy":"category","embeddable":true,"href":"https:\/\/aconteceunovale.com.br\/portal\/index.php?rest_route=%2Fwp%2Fv2%2Fcategories&post=102790"},{"taxonomy":"post_tag","embeddable":true,"href":"https:\/\/aconteceunovale.com.br\/portal\/index.php?rest_route=%2Fwp%2Fv2%2Ftags&post=102790"}],"curies":[{"name":"wp","href":"https:\/\/api.w.org\/{rel}","templated":true}]}}