{"id":102785,"date":"2016-11-26T18:51:44","date_gmt":"2016-11-26T21:51:44","guid":{"rendered":"http:\/\/aconteceunovale.com.br\/portal\/?p=102785"},"modified":"2016-11-26T18:56:52","modified_gmt":"2016-11-26T21:56:52","slug":"apos-denuncia-deficiente-fisico-e-preso-com-arma-de-fogo-em-governador-valadares","status":"publish","type":"post","link":"https:\/\/aconteceunovale.com.br\/portal\/?p=102785","title":{"rendered":"Ap\u00f3s den\u00fancia, deficiente f\u00edsico \u00e9 preso com arma de fogo em Governador Valadares"},"content":{"rendered":"<p>Um deficiente f\u00edsico, de 28 anos, foi preso nesta sexta-feira (25\/11\/2016) por porte ilegal de arma de fogo em Governador Valadares, no Vale do Rio Doce. O homem foi abordado na BR-116, ap\u00f3s a Pol\u00edcia Militar (PM) receber den\u00fancia dando conta de que o condutor de um ve\u00edculo, adaptado para cadeirante, que seguia da Vila Isa para Santo Ant\u00f4nio do Pontal, estaria transportando uma arma.<\/p>\n<p>Diante da den\u00fancia, militares interceptaram o autom\u00f3vel e localizaram, dentro de uma bolsa, no interior do bagageiro, uma arma calibre 12 e doze cartuchos intactos. <\/p>\n<p>De acordo com a PM, o condutor alegou que teria adquirido a arma de fogo para se defender de furtos em sua propriedade rural, localizada nas proximidades do distrito de Pontal. O homem recebeu voz de pris\u00e3o e foi conduzido \u00e0 Delegacia de Pol\u00edcia Civil para demais provid\u00eancias.<\/p>\n<p><img decoding=\"async\" src=\"http:\/\/aconteceunovale.com.br\/portal\/wp-content\/uploads\/2016\/11\/arma_gv_deficiente.jpg\" alt=\"\" \/><em>Arma foi apreendida pela Pol\u00edcia Militar (Foto: Divulga\u00e7\u00e3o)<\/em><\/p>\n","protected":false},"excerpt":{"rendered":"<p>Um deficiente f\u00edsico, de 28 anos, foi preso nesta sexta-feira (25\/11\/2016) por porte ilegal de arma de fogo em Governador Valadares, no Vale do Rio Doce. O homem foi abordado na BR-116, ap\u00f3s a Pol\u00edcia Militar (PM) receber den\u00fancia dando conta de que o condutor de um ve\u00edculo, adaptado para cadeirante, que seguia da Vila [&hellip;]<\/p>\n","protected":false},"author":1,"featured_media":102786,"comment_status":"open","ping_status":"closed","sticky":false,"template":"","format":"standard","meta":{"amp_status":"","footnotes":""},"categories":[121],"tags":[105982,127520,127519,127522,127521,247,127523,48037],"class_list":["post-102785","post","type-post","status-publish","format-standard","has-post-thumbnail","hentry","category-leste","tag-apreensao-de-arma-de-fogo-em-governador-valadares","tag-arma-apreendida-em-governador-valadares","tag-deficiente-fisico-e-preso-com-arma-de-fogo-em-governador-valadares","tag-deficiente-fisico-preso-em-governador-valadares","tag-deficiente-preso-em-governador-valadares","tag-governador-valadares","tag-preso-com-arma-em-governador-valadares","tag-preso-em-governador-valadares"],"_links":{"self":[{"href":"https:\/\/aconteceunovale.com.br\/portal\/index.php?rest_route=\/wp\/v2\/posts\/102785","targetHints":{"allow":["GET"]}}],"collection":[{"href":"https:\/\/aconteceunovale.com.br\/portal\/index.php?rest_route=\/wp\/v2\/posts"}],"about":[{"href":"https:\/\/aconteceunovale.com.br\/portal\/index.php?rest_route=\/wp\/v2\/types\/post"}],"author":[{"embeddable":true,"href":"https:\/\/aconteceunovale.com.br\/portal\/index.php?rest_route=\/wp\/v2\/users\/1"}],"replies":[{"embeddable":true,"href":"https:\/\/aconteceunovale.com.br\/portal\/index.php?rest_route=%2Fwp%2Fv2%2Fcomments&post=102785"}],"version-history":[{"count":0,"href":"https:\/\/aconteceunovale.com.br\/portal\/index.php?rest_route=\/wp\/v2\/posts\/102785\/revisions"}],"wp:featuredmedia":[{"embeddable":true,"href":"https:\/\/aconteceunovale.com.br\/portal\/index.php?rest_route=\/wp\/v2\/media\/102786"}],"wp:attachment":[{"href":"https:\/\/aconteceunovale.com.br\/portal\/index.php?rest_route=%2Fwp%2Fv2%2Fmedia&parent=102785"}],"wp:term":[{"taxonomy":"category","embeddable":true,"href":"https:\/\/aconteceunovale.com.br\/portal\/index.php?rest_route=%2Fwp%2Fv2%2Fcategories&post=102785"},{"taxonomy":"post_tag","embeddable":true,"href":"https:\/\/aconteceunovale.com.br\/portal\/index.php?rest_route=%2Fwp%2Fv2%2Ftags&post=102785"}],"curies":[{"name":"wp","href":"https:\/\/api.w.org\/{rel}","templated":true}]}}