{"id":102778,"date":"2016-11-26T18:30:08","date_gmt":"2016-11-26T21:30:08","guid":{"rendered":"http:\/\/aconteceunovale.com.br\/portal\/?p=102778"},"modified":"2016-11-26T18:30:08","modified_gmt":"2016-11-26T21:30:08","slug":"caminhao-tomba-na-br-116-no-leste-de-minas","status":"publish","type":"post","link":"https:\/\/aconteceunovale.com.br\/portal\/?p=102778","title":{"rendered":"Caminh\u00e3o tomba na BR-116, no Leste de Minas"},"content":{"rendered":"<p>Um caminh\u00e3o Mercedes-Benz, placa NVK-7840, de S\u00e3o Domingos (SE), tombou na manh\u00e3 deste s\u00e1bado, 26 de novembro de 2016, na BR-116, em uma serra perto de Inhapim, no Vale do Rio Doce. O acidente aconteceu por volta das 10h40 e o motorista n\u00e3o se feriu.<\/p>\n<p>Uma equipe do Corpo de Bombeiros Volunt\u00e1rio de Ubaporanga foi acionada e rapidamente compareceu ao local para atendimento a ocorr\u00eancia. O caminhoneiro Manoel Alves da Silva, de 63 anos, saiu ileso e dispensou o atendimento. A causa do acidente n\u00e3o foi divulgada.<\/p>\n<p><img decoding=\"async\" src=\"http:\/\/aconteceunovale.com.br\/portal\/wp-content\/uploads\/2016\/11\/acidente_caminhao_116_1.jpg\" alt=\"\" \/><\/p>\n<p><img decoding=\"async\" src=\"http:\/\/aconteceunovale.com.br\/portal\/wp-content\/uploads\/2016\/11\/acidente_caminhao_116_2.jpg\" alt=\"\" \/><\/p>\n<p><img decoding=\"async\" src=\"http:\/\/aconteceunovale.com.br\/portal\/wp-content\/uploads\/2016\/11\/acidente_caminhao_116_3.jpg\" alt=\"\" \/><\/p>\n<p><img decoding=\"async\" src=\"http:\/\/aconteceunovale.com.br\/portal\/wp-content\/uploads\/2016\/11\/acidente_caminhao_116_4.jpg\" alt=\"\" \/><\/p>\n<p><img decoding=\"async\" src=\"http:\/\/aconteceunovale.com.br\/portal\/wp-content\/uploads\/2016\/11\/acidente_caminhao_116_5.jpg\" alt=\"\" \/><br \/>\n<\/br><\/p>\n<p><em>(Fotos: Reprodu\u00e7\u00e3o\/WhatsApp)<\/em><\/p>\n","protected":false},"excerpt":{"rendered":"<p>Um caminh\u00e3o Mercedes-Benz, placa NVK-7840, de S\u00e3o Domingos (SE), tombou na manh\u00e3 deste s\u00e1bado, 26 de novembro de 2016, na BR-116, em uma serra perto de Inhapim, no Vale do Rio Doce. O acidente aconteceu por volta das 10h40 e o motorista n\u00e3o se feriu. Uma equipe do Corpo de Bombeiros Volunt\u00e1rio de Ubaporanga foi [&hellip;]<\/p>\n","protected":false},"author":1,"featured_media":102783,"comment_status":"open","ping_status":"closed","sticky":false,"template":"","format":"standard","meta":{"amp_status":"","footnotes":""},"categories":[121],"tags":[127516,127517,56043,3945,127514,127513,296,127518,127515,69731],"class_list":["post-102778","post","type-post","status-publish","format-standard","has-post-thumbnail","hentry","category-leste","tag-acidente-caminhao-nvk-7840","tag-acidente-com-caminhao-de-sao-domingos","tag-acidente-em-inhapim","tag-acidente-na-br-116","tag-caminhao-tomba-na-br-116-em-inhapim","tag-caminhao-tomba-na-br-116-no-leste-de-minas","tag-inhapim","tag-manoel-alves-da-silva","tag-nvk-7840","tag-sao-domingos"],"_links":{"self":[{"href":"https:\/\/aconteceunovale.com.br\/portal\/index.php?rest_route=\/wp\/v2\/posts\/102778","targetHints":{"allow":["GET"]}}],"collection":[{"href":"https:\/\/aconteceunovale.com.br\/portal\/index.php?rest_route=\/wp\/v2\/posts"}],"about":[{"href":"https:\/\/aconteceunovale.com.br\/portal\/index.php?rest_route=\/wp\/v2\/types\/post"}],"author":[{"embeddable":true,"href":"https:\/\/aconteceunovale.com.br\/portal\/index.php?rest_route=\/wp\/v2\/users\/1"}],"replies":[{"embeddable":true,"href":"https:\/\/aconteceunovale.com.br\/portal\/index.php?rest_route=%2Fwp%2Fv2%2Fcomments&post=102778"}],"version-history":[{"count":0,"href":"https:\/\/aconteceunovale.com.br\/portal\/index.php?rest_route=\/wp\/v2\/posts\/102778\/revisions"}],"wp:featuredmedia":[{"embeddable":true,"href":"https:\/\/aconteceunovale.com.br\/portal\/index.php?rest_route=\/wp\/v2\/media\/102783"}],"wp:attachment":[{"href":"https:\/\/aconteceunovale.com.br\/portal\/index.php?rest_route=%2Fwp%2Fv2%2Fmedia&parent=102778"}],"wp:term":[{"taxonomy":"category","embeddable":true,"href":"https:\/\/aconteceunovale.com.br\/portal\/index.php?rest_route=%2Fwp%2Fv2%2Fcategories&post=102778"},{"taxonomy":"post_tag","embeddable":true,"href":"https:\/\/aconteceunovale.com.br\/portal\/index.php?rest_route=%2Fwp%2Fv2%2Ftags&post=102778"}],"curies":[{"name":"wp","href":"https:\/\/api.w.org\/{rel}","templated":true}]}}