{"id":102769,"date":"2016-11-26T16:44:48","date_gmt":"2016-11-26T19:44:48","guid":{"rendered":"http:\/\/aconteceunovale.com.br\/portal\/?p=102769"},"modified":"2026-09-02T12:16:21","modified_gmt":"2026-09-02T15:16:21","slug":"homem-e-agredido-durante-assalto-em-aracuai","status":"publish","type":"post","link":"https:\/\/aconteceunovale.com.br\/portal\/?p=102769","title":{"rendered":"Homem \u00e9 agredido durante assalto em Ara\u00e7ua\u00ed"},"content":{"rendered":"<p>Um homem de 53 anos foi agredido com coronhadas de rev\u00f3lver durante assalto na madrugada deste s\u00e1bado (26\/11\/2016), em Ara\u00e7ua\u00ed, no Vale do Jequitinhonha. Ele contou que seguia para o mercado municipal, quando nas proximidades da Rua Frei Rogato, foi abordado por dois elementos que estavam em uma motocicleta de cor preta.<\/p>\n<p>Segundo ele, o homem que estava na garupa da moto, desembarcou e armado com um rev\u00f3lver, anunciou o assalto, exigindo que ele entregasse todo o dinheiro.<\/p>\n<p>Apavorado com a situa\u00e7\u00e3o, a vitima, identificada pelas iniciais J.A.G.F, teve dificuldades para retirar o dinheiro do bolso, o que causou nervosismo  em um dos assaltantes que passou a lhe agredir com coronhadas na cabe\u00e7a.<\/p>\n<p>Ap\u00f3s a viol\u00eancia, a dupla subtraiu R$ 170 reais que estavam no bolso da v\u00edtima, fugindo em seguida, tomando rumo ignorado. A pol\u00edcia afirmou que fez rastreamentos, mas ningu\u00e9m foi preso.<\/p>\n<p>A v\u00edtima foi socorrida por terceiros at\u00e9 o hospital local, devido aos ferimentos na cabe\u00e7a. Ele foi atendido pelo m\u00e9dico plantonista e liberado em seguida.<\/p>\n<p><img decoding=\"async\" src=\"http:\/\/aconteceunovale.com.br\/portal\/wp-content\/uploads\/2016\/11\/assalto_ara_mercado.jpg\" alt=\"\" \/><em>O assalto ocorreu nas proximidades do mercado municipal (Foto: Gazeta de Ara\u00e7ua\u00ed)<\/em><br \/>\n<\/br><\/p>\n<h4><strong>Homens armados roubam notebook e celular<\/strong><\/h4>\n<p>Um jovem de 20 anos, de iniciais U.G.O, teve seu notebook  e celular roubados por dois elementos que estavam em uma bicicleta, por volta das 21 horas de sexta-feira (25\/11), quando ele transitava por uma rua da Vila Magn\u00f3lia, bairro de classe m\u00e9dia, em Ara\u00e7ua\u00ed. <\/p>\n<p>O assalto ocorreu quando o jovem passava pela Rua Santos Dumont, esquina com Recife. De acordo com ele, um dos suspeitos lhe amea\u00e7ou com uma arma de fogo. A suspeita \u00e9 que os envolvidos sejam menores. <\/p>\n<p>Ap\u00f3s o assalto, os dois elementos fugiram em dire\u00e7\u00e3o ao bairro Canoeiro (Mutir\u00e3o).<\/p>\n<p>O jovem acionou a pol\u00edcia que chegou a perseguir um dos suspeitos. Durante a persegui\u00e7\u00e3o, ele abandonou a bicicleta usada no crime e fugiu pulando muros de terrenos e resid\u00eancias vazias nas proximidades do poliesportivo municipal.<\/p>\n<p>Apesar de n\u00e3o conseguirem efetuar a apreens\u00e3o dos menores nem recuperar os objetos roubados, a pol\u00edcia informou que conseguiu evid\u00eancias fortes de que os autores s\u00e3o dois menores, j\u00e1 conhecidos pela pr\u00e1tica de furtos e roubos na cidade.<\/p>\n<h4><strong>Mulheres t\u00eam seus celulares roubados<\/strong><\/h4>\n<p>Na noite de quinta-feira (24\/11), por volta das 21 horas, policiais militares foram deslocados at\u00e9 \u00e0 Rua das Sicupiras, no bairro S\u00e3o Francisco, em Ara\u00e7ua\u00ed, para averiguar uma ocorr\u00eancia de roubo de celular.<\/p>\n<p>Chegando ao local, a equipe policial fez contato com as duas v\u00edtimas, uma mulher de 35 e outra de 33 anos. Elas informaram que estavam na porta da resid\u00eancia de uma delas, fazendo uso dos seus celulares, quando dois indiv\u00edduos se aproximaram em uma moto Titan, e o que estava na garupa, armado com um rev\u00f3lver, obrigou que elas entregassem os celulares.<\/p>\n<p>De acordo com a ocorr\u00eancia, foi feito rastreamento, por\u00e9m, os autores do delito n\u00e3o foram localizados. A pol\u00edcia j\u00e1 tem dois suspeitos de terem cometido o crime. O caso ficar\u00e1 sob investiga\u00e7\u00e3o da Pol\u00edcia Civil.<\/p>\n<h4><strong>Motociclista tem moto roubada ap\u00f3s ser agredido<\/strong><\/h4>\n<p>Um homem de 57 anos teve a pr\u00f3pria motocicleta roubada na noite da \u00faltima quarta-feira (23\/11) quando transitava por uma rua do bairro Nova Esperan\u00e7a, em Ara\u00e7ua\u00ed.<\/p>\n<p>Segundo o registro policial, o homem disse que foi abordado por volta das 21 horas, quando estacionou a moto. Ele contou que um elemento, ainda n\u00e3o identificado e que estava armado com um rev\u00f3lver, lhe desferiu v\u00e1rias coronhadas na cabe\u00e7a e obrigou que ele entregasse o ve\u00edculo. Em seguida, o assaltante fugiu em alta velocidade rumo \u00e0 \u00e1rea central da cidade.<\/p>\n<p>De acordo com a ocorr\u00eancia, a v\u00edtima relatou que a moto \u00e9 uma Honda Bros 160, cor preta, 2015 e que estava sem placa e sem licenciamento.<\/p>\n<p>O homem  foi socorrido pelos policiais e levado para o hospital da cidade, onde foi atendido. Ele n\u00e3o corre risco de morte. A pol\u00edcia informou que fez rastreamentos, mas nenhum suspeito foi detido ou preso.<\/p>\n<p><em>(Com informa\u00e7\u00f5es do Gazeta de Ara\u00e7ua\u00ed)<\/em><\/p>\n","protected":false},"excerpt":{"rendered":"<p>Um homem de 53 anos foi agredido com coronhadas de rev\u00f3lver durante assalto na madrugada deste s\u00e1bado (26\/11\/2016), em Ara\u00e7ua\u00ed, no Vale do Jequitinhonha. Ele contou que seguia para o mercado municipal, quando nas proximidades da Rua Frei Rogato, foi abordado por dois elementos que estavam em uma motocicleta de cor preta. Segundo ele, o [&hellip;]<\/p>\n","protected":false},"author":1,"featured_media":102770,"comment_status":"open","ping_status":"closed","sticky":false,"template":"","format":"standard","meta":{"amp_status":"","footnotes":""},"categories":[272530,120],"tags":[186,73508,42102,127507,127508,127510,127511,127509,73507,82270,81075],"class_list":["post-102769","post","type-post","status-publish","format-standard","has-post-thumbnail","hentry","category-aracuai","category-jequi","tag-aracuai","tag-assalto-aracuai","tag-assaltos-aracuai","tag-homem-e-agredido-durante-assalto-em-aracuai","tag-homens-armados-roubam-notebook-e-celular-em-aracuai","tag-motociclista-tem-moto-roubada-apos-ser-agredido","tag-motociclista-tem-moto-roubada-apos-ser-agredido-em-aracuai","tag-mulheres-tem-seus-celulares-roubados-em-aracuai","tag-roubo-aracuai","tag-roubos-aracuai","tag-violencia-aracuai"],"yoast_head":"<!-- This site is optimized with the Yoast SEO plugin v28.3 - https:\/\/yoast.com\/product\/yoast-seo-wordpress\/ -->\n<title>Homem \u00e9 agredido durante assalto em Ara\u00e7ua\u00ed - Aconteceu no Vale<\/title>\n<meta name=\"robots\" content=\"index, follow, max-snippet:-1, max-image-preview:large, max-video-preview:-1\" \/>\n<link rel=\"canonical\" href=\"https:\/\/aconteceunovale.com.br\/portal\/?p=102769\" \/>\n<meta property=\"og:locale\" content=\"pt_BR\" \/>\n<meta property=\"og:type\" content=\"article\" \/>\n<meta property=\"og:title\" content=\"Homem \u00e9 agredido durante assalto em Ara\u00e7ua\u00ed - Aconteceu no Vale\" \/>\n<meta property=\"og:description\" content=\"Um homem de 53 anos foi agredido com coronhadas de rev\u00f3lver durante assalto na madrugada deste s\u00e1bado (26\/11\/2016), em Ara\u00e7ua\u00ed, no Vale do Jequitinhonha. Ele contou que seguia para o mercado municipal, quando nas proximidades da Rua Frei Rogato, foi abordado por dois elementos que estavam em uma motocicleta de cor preta. Segundo ele, o [&hellip;]\" \/>\n<meta property=\"og:url\" content=\"https:\/\/aconteceunovale.com.br\/portal\/?p=102769\" \/>\n<meta property=\"og:site_name\" content=\"Aconteceu no Vale\" \/>\n<meta property=\"article:publisher\" content=\"https:\/\/www.facebook.com\/aconteceunovale\/\" \/>\n<meta property=\"article:published_time\" content=\"2016-11-26T19:44:48+00:00\" \/>\n<meta property=\"article:modified_time\" content=\"2026-09-02T15:16:21+00:00\" \/>\n<meta property=\"og:image\" content=\"https:\/\/aconteceunovale.com.br\/portal\/wp-content\/uploads\/2016\/11\/assalto_ara_mercado.jpg\" \/>\n\t<meta property=\"og:image:width\" content=\"632\" \/>\n\t<meta property=\"og:image:height\" content=\"359\" \/>\n\t<meta property=\"og:image:type\" content=\"image\/jpeg\" \/>\n<meta name=\"author\" content=\"Aconteceu no Vale\" \/>\n<meta name=\"twitter:card\" content=\"summary_large_image\" \/>\n<meta name=\"twitter:creator\" content=\"@noticiadosvales\" \/>\n<meta name=\"twitter:site\" content=\"@noticiadosvales\" \/>\n<meta name=\"twitter:label1\" content=\"Escrito por\" \/>\n\t<meta name=\"twitter:data1\" content=\"Aconteceu no Vale\" \/>\n\t<meta name=\"twitter:label2\" content=\"Est. tempo de leitura\" \/>\n\t<meta name=\"twitter:data2\" content=\"3 minutos\" \/>\n<script type=\"application\/ld+json\" class=\"yoast-schema-graph\">{\"@context\":\"https:\\\/\\\/schema.org\",\"@graph\":[{\"@type\":\"Article\",\"@id\":\"https:\\\/\\\/aconteceunovale.com.br\\\/portal\\\/?p=102769#article\",\"isPartOf\":{\"@id\":\"https:\\\/\\\/aconteceunovale.com.br\\\/portal\\\/?p=102769\"},\"author\":{\"name\":\"Aconteceu no Vale\",\"@id\":\"https:\\\/\\\/aconteceunovale.com.br\\\/portal\\\/#\\\/schema\\\/person\\\/633529146f2c94272bef50ac2953d589\"},\"headline\":\"Homem \u00e9 agredido durante assalto em Ara\u00e7ua\u00ed\",\"datePublished\":\"2016-11-26T19:44:48+00:00\",\"dateModified\":\"2026-09-02T15:16:21+00:00\",\"mainEntityOfPage\":{\"@id\":\"https:\\\/\\\/aconteceunovale.com.br\\\/portal\\\/?p=102769\"},\"wordCount\":706,\"commentCount\":0,\"image\":{\"@id\":\"https:\\\/\\\/aconteceunovale.com.br\\\/portal\\\/?p=102769#primaryimage\"},\"thumbnailUrl\":\"https:\\\/\\\/aconteceunovale.com.br\\\/portal\\\/wp-content\\\/uploads\\\/2016\\\/11\\\/assalto_ara_mercado.jpg\",\"keywords\":[\"Ara\u00e7ua\u00ed\",\"assalto Ara\u00e7ua\u00ed\",\"assaltos Ara\u00e7ua\u00ed\",\"Homem \u00e9 agredido durante assalto em Ara\u00e7ua\u00ed\",\"Homens armados roubam notebook e celular em Ara\u00e7ua\u00ed\",\"Motociclista tem moto roubada ap\u00f3s ser agredido\",\"Motociclista tem moto roubada ap\u00f3s ser agredido em Ara\u00e7ua\u00ed\",\"Mulheres t\u00eam seus celulares roubados em Ara\u00e7ua\u00ed\",\"roubo Ara\u00e7ua\u00ed\",\"Roubos Ara\u00e7ua\u00ed\",\"viol\u00eancia Ara\u00e7ua\u00ed\"],\"articleSection\":[\"Ara\u00e7ua\u00ed\",\"Vale do Jequitinhonha\"],\"inLanguage\":\"pt-BR\",\"potentialAction\":[{\"@type\":\"CommentAction\",\"name\":\"Comment\",\"target\":[\"https:\\\/\\\/aconteceunovale.com.br\\\/portal\\\/?p=102769#respond\"]}]},{\"@type\":\"WebPage\",\"@id\":\"https:\\\/\\\/aconteceunovale.com.br\\\/portal\\\/?p=102769\",\"url\":\"https:\\\/\\\/aconteceunovale.com.br\\\/portal\\\/?p=102769\",\"name\":\"Homem \u00e9 agredido durante assalto em Ara\u00e7ua\u00ed - Aconteceu no Vale\",\"isPartOf\":{\"@id\":\"https:\\\/\\\/aconteceunovale.com.br\\\/portal\\\/#website\"},\"primaryImageOfPage\":{\"@id\":\"https:\\\/\\\/aconteceunovale.com.br\\\/portal\\\/?p=102769#primaryimage\"},\"image\":{\"@id\":\"https:\\\/\\\/aconteceunovale.com.br\\\/portal\\\/?p=102769#primaryimage\"},\"thumbnailUrl\":\"https:\\\/\\\/aconteceunovale.com.br\\\/portal\\\/wp-content\\\/uploads\\\/2016\\\/11\\\/assalto_ara_mercado.jpg\",\"datePublished\":\"2016-11-26T19:44:48+00:00\",\"dateModified\":\"2026-09-02T15:16:21+00:00\",\"author\":{\"@id\":\"https:\\\/\\\/aconteceunovale.com.br\\\/portal\\\/#\\\/schema\\\/person\\\/633529146f2c94272bef50ac2953d589\"},\"breadcrumb\":{\"@id\":\"https:\\\/\\\/aconteceunovale.com.br\\\/portal\\\/?p=102769#breadcrumb\"},\"inLanguage\":\"pt-BR\",\"potentialAction\":[{\"@type\":\"ReadAction\",\"target\":[\"https:\\\/\\\/aconteceunovale.com.br\\\/portal\\\/?p=102769\"]}]},{\"@type\":\"ImageObject\",\"inLanguage\":\"pt-BR\",\"@id\":\"https:\\\/\\\/aconteceunovale.com.br\\\/portal\\\/?p=102769#primaryimage\",\"url\":\"https:\\\/\\\/aconteceunovale.com.br\\\/portal\\\/wp-content\\\/uploads\\\/2016\\\/11\\\/assalto_ara_mercado.jpg\",\"contentUrl\":\"https:\\\/\\\/aconteceunovale.com.br\\\/portal\\\/wp-content\\\/uploads\\\/2016\\\/11\\\/assalto_ara_mercado.jpg\",\"width\":632,\"height\":359},{\"@type\":\"BreadcrumbList\",\"@id\":\"https:\\\/\\\/aconteceunovale.com.br\\\/portal\\\/?p=102769#breadcrumb\",\"itemListElement\":[{\"@type\":\"ListItem\",\"position\":1,\"name\":\"In\u00edcio\",\"item\":\"https:\\\/\\\/aconteceunovale.com.br\\\/portal\\\/\"},{\"@type\":\"ListItem\",\"position\":2,\"name\":\"Homem \u00e9 agredido durante assalto em Ara\u00e7ua\u00ed\"}]},{\"@type\":\"WebSite\",\"@id\":\"https:\\\/\\\/aconteceunovale.com.br\\\/portal\\\/#website\",\"url\":\"https:\\\/\\\/aconteceunovale.com.br\\\/portal\\\/\",\"name\":\"Aconteceu no Vale\",\"description\":\"Portal de Not\u00edcias\",\"potentialAction\":[{\"@type\":\"SearchAction\",\"target\":{\"@type\":\"EntryPoint\",\"urlTemplate\":\"https:\\\/\\\/aconteceunovale.com.br\\\/portal\\\/?s={search_term_string}\"},\"query-input\":{\"@type\":\"PropertyValueSpecification\",\"valueRequired\":true,\"valueName\":\"search_term_string\"}}],\"inLanguage\":\"pt-BR\"},{\"@type\":\"Person\",\"@id\":\"https:\\\/\\\/aconteceunovale.com.br\\\/portal\\\/#\\\/schema\\\/person\\\/633529146f2c94272bef50ac2953d589\",\"name\":\"Aconteceu no Vale\",\"description\":\"Equipe de reportagem do Aconteceu no Vale, portal de not\u00edcias do Vale do Jequitinhonha, em Minas Gerais. Cobrimos as 51 cidades do Vale desde 2013. Sugest\u00f5es de pauta e pedidos de corre\u00e7\u00e3o: contato@aconteceunovale.com.br\",\"sameAs\":[\"http:\\\/\\\/www.aconteceunovale.com.br\"],\"url\":\"https:\\\/\\\/aconteceunovale.com.br\\\/portal\\\/?author=1\"}]}<\/script>\n<!-- \/ Yoast SEO plugin. -->","yoast_head_json":{"title":"Homem \u00e9 agredido durante assalto em Ara\u00e7ua\u00ed - Aconteceu no Vale","robots":{"index":"index","follow":"follow","max-snippet":"max-snippet:-1","max-image-preview":"max-image-preview:large","max-video-preview":"max-video-preview:-1"},"canonical":"https:\/\/aconteceunovale.com.br\/portal\/?p=102769","og_locale":"pt_BR","og_type":"article","og_title":"Homem \u00e9 agredido durante assalto em Ara\u00e7ua\u00ed - Aconteceu no Vale","og_description":"Um homem de 53 anos foi agredido com coronhadas de rev\u00f3lver durante assalto na madrugada deste s\u00e1bado (26\/11\/2016), em Ara\u00e7ua\u00ed, no Vale do Jequitinhonha. Ele contou que seguia para o mercado municipal, quando nas proximidades da Rua Frei Rogato, foi abordado por dois elementos que estavam em uma motocicleta de cor preta. Segundo ele, o [&hellip;]","og_url":"https:\/\/aconteceunovale.com.br\/portal\/?p=102769","og_site_name":"Aconteceu no Vale","article_publisher":"https:\/\/www.facebook.com\/aconteceunovale\/","article_published_time":"2016-11-26T19:44:48+00:00","article_modified_time":"2026-09-02T15:16:21+00:00","og_image":[{"width":632,"height":359,"url":"https:\/\/aconteceunovale.com.br\/portal\/wp-content\/uploads\/2016\/11\/assalto_ara_mercado.jpg","type":"image\/jpeg"}],"author":"Aconteceu no Vale","twitter_card":"summary_large_image","twitter_creator":"@noticiadosvales","twitter_site":"@noticiadosvales","twitter_misc":{"Escrito por":"Aconteceu no Vale","Est. tempo de leitura":"3 minutos"},"schema":{"@context":"https:\/\/schema.org","@graph":[{"@type":"Article","@id":"https:\/\/aconteceunovale.com.br\/portal\/?p=102769#article","isPartOf":{"@id":"https:\/\/aconteceunovale.com.br\/portal\/?p=102769"},"author":{"name":"Aconteceu no Vale","@id":"https:\/\/aconteceunovale.com.br\/portal\/#\/schema\/person\/633529146f2c94272bef50ac2953d589"},"headline":"Homem \u00e9 agredido durante assalto em Ara\u00e7ua\u00ed","datePublished":"2016-11-26T19:44:48+00:00","dateModified":"2026-09-02T15:16:21+00:00","mainEntityOfPage":{"@id":"https:\/\/aconteceunovale.com.br\/portal\/?p=102769"},"wordCount":706,"commentCount":0,"image":{"@id":"https:\/\/aconteceunovale.com.br\/portal\/?p=102769#primaryimage"},"thumbnailUrl":"https:\/\/aconteceunovale.com.br\/portal\/wp-content\/uploads\/2016\/11\/assalto_ara_mercado.jpg","keywords":["Ara\u00e7ua\u00ed","assalto Ara\u00e7ua\u00ed","assaltos Ara\u00e7ua\u00ed","Homem \u00e9 agredido durante assalto em Ara\u00e7ua\u00ed","Homens armados roubam notebook e celular em Ara\u00e7ua\u00ed","Motociclista tem moto roubada ap\u00f3s ser agredido","Motociclista tem moto roubada ap\u00f3s ser agredido em Ara\u00e7ua\u00ed","Mulheres t\u00eam seus celulares roubados em Ara\u00e7ua\u00ed","roubo Ara\u00e7ua\u00ed","Roubos Ara\u00e7ua\u00ed","viol\u00eancia Ara\u00e7ua\u00ed"],"articleSection":["Ara\u00e7ua\u00ed","Vale do Jequitinhonha"],"inLanguage":"pt-BR","potentialAction":[{"@type":"CommentAction","name":"Comment","target":["https:\/\/aconteceunovale.com.br\/portal\/?p=102769#respond"]}]},{"@type":"WebPage","@id":"https:\/\/aconteceunovale.com.br\/portal\/?p=102769","url":"https:\/\/aconteceunovale.com.br\/portal\/?p=102769","name":"Homem \u00e9 agredido durante assalto em Ara\u00e7ua\u00ed - Aconteceu no Vale","isPartOf":{"@id":"https:\/\/aconteceunovale.com.br\/portal\/#website"},"primaryImageOfPage":{"@id":"https:\/\/aconteceunovale.com.br\/portal\/?p=102769#primaryimage"},"image":{"@id":"https:\/\/aconteceunovale.com.br\/portal\/?p=102769#primaryimage"},"thumbnailUrl":"https:\/\/aconteceunovale.com.br\/portal\/wp-content\/uploads\/2016\/11\/assalto_ara_mercado.jpg","datePublished":"2016-11-26T19:44:48+00:00","dateModified":"2026-09-02T15:16:21+00:00","author":{"@id":"https:\/\/aconteceunovale.com.br\/portal\/#\/schema\/person\/633529146f2c94272bef50ac2953d589"},"breadcrumb":{"@id":"https:\/\/aconteceunovale.com.br\/portal\/?p=102769#breadcrumb"},"inLanguage":"pt-BR","potentialAction":[{"@type":"ReadAction","target":["https:\/\/aconteceunovale.com.br\/portal\/?p=102769"]}]},{"@type":"ImageObject","inLanguage":"pt-BR","@id":"https:\/\/aconteceunovale.com.br\/portal\/?p=102769#primaryimage","url":"https:\/\/aconteceunovale.com.br\/portal\/wp-content\/uploads\/2016\/11\/assalto_ara_mercado.jpg","contentUrl":"https:\/\/aconteceunovale.com.br\/portal\/wp-content\/uploads\/2016\/11\/assalto_ara_mercado.jpg","width":632,"height":359},{"@type":"BreadcrumbList","@id":"https:\/\/aconteceunovale.com.br\/portal\/?p=102769#breadcrumb","itemListElement":[{"@type":"ListItem","position":1,"name":"In\u00edcio","item":"https:\/\/aconteceunovale.com.br\/portal\/"},{"@type":"ListItem","position":2,"name":"Homem \u00e9 agredido durante assalto em Ara\u00e7ua\u00ed"}]},{"@type":"WebSite","@id":"https:\/\/aconteceunovale.com.br\/portal\/#website","url":"https:\/\/aconteceunovale.com.br\/portal\/","name":"Aconteceu no Vale","description":"Portal de Not\u00edcias","potentialAction":[{"@type":"SearchAction","target":{"@type":"EntryPoint","urlTemplate":"https:\/\/aconteceunovale.com.br\/portal\/?s={search_term_string}"},"query-input":{"@type":"PropertyValueSpecification","valueRequired":true,"valueName":"search_term_string"}}],"inLanguage":"pt-BR"},{"@type":"Person","@id":"https:\/\/aconteceunovale.com.br\/portal\/#\/schema\/person\/633529146f2c94272bef50ac2953d589","name":"Aconteceu no Vale","description":"Equipe de reportagem do Aconteceu no Vale, portal de not\u00edcias do Vale do Jequitinhonha, em Minas Gerais. Cobrimos as 51 cidades do Vale desde 2013. Sugest\u00f5es de pauta e pedidos de corre\u00e7\u00e3o: contato@aconteceunovale.com.br","sameAs":["http:\/\/www.aconteceunovale.com.br"],"url":"https:\/\/aconteceunovale.com.br\/portal\/?author=1"}]}},"_links":{"self":[{"href":"https:\/\/aconteceunovale.com.br\/portal\/index.php?rest_route=\/wp\/v2\/posts\/102769","targetHints":{"allow":["GET"]}}],"collection":[{"href":"https:\/\/aconteceunovale.com.br\/portal\/index.php?rest_route=\/wp\/v2\/posts"}],"about":[{"href":"https:\/\/aconteceunovale.com.br\/portal\/index.php?rest_route=\/wp\/v2\/types\/post"}],"author":[{"embeddable":true,"href":"https:\/\/aconteceunovale.com.br\/portal\/index.php?rest_route=\/wp\/v2\/users\/1"}],"replies":[{"embeddable":true,"href":"https:\/\/aconteceunovale.com.br\/portal\/index.php?rest_route=%2Fwp%2Fv2%2Fcomments&post=102769"}],"version-history":[{"count":1,"href":"https:\/\/aconteceunovale.com.br\/portal\/index.php?rest_route=\/wp\/v2\/posts\/102769\/revisions"}],"predecessor-version":[{"id":199478,"href":"https:\/\/aconteceunovale.com.br\/portal\/index.php?rest_route=\/wp\/v2\/posts\/102769\/revisions\/199478"}],"wp:featuredmedia":[{"embeddable":true,"href":"https:\/\/aconteceunovale.com.br\/portal\/index.php?rest_route=\/wp\/v2\/media\/102770"}],"wp:attachment":[{"href":"https:\/\/aconteceunovale.com.br\/portal\/index.php?rest_route=%2Fwp%2Fv2%2Fmedia&parent=102769"}],"wp:term":[{"taxonomy":"category","embeddable":true,"href":"https:\/\/aconteceunovale.com.br\/portal\/index.php?rest_route=%2Fwp%2Fv2%2Fcategories&post=102769"},{"taxonomy":"post_tag","embeddable":true,"href":"https:\/\/aconteceunovale.com.br\/portal\/index.php?rest_route=%2Fwp%2Fv2%2Ftags&post=102769"}],"curies":[{"name":"wp","href":"https:\/\/api.w.org\/{rel}","templated":true}]}}