{"id":102757,"date":"2016-11-26T15:01:40","date_gmt":"2016-11-26T18:01:40","guid":{"rendered":"http:\/\/aconteceunovale.com.br\/portal\/?p=102757"},"modified":"2016-11-26T15:01:40","modified_gmt":"2016-11-26T18:01:40","slug":"foragido-do-presidio-regional-de-montes-claros-e-preso-durante-operacao-em-varzelandia","status":"publish","type":"post","link":"https:\/\/aconteceunovale.com.br\/portal\/?p=102757","title":{"rendered":"Foragido do Pres\u00eddio Regional de Montes Claros \u00e9 preso durante opera\u00e7\u00e3o em Varzel\u00e2ndia"},"content":{"rendered":"<p>Um homem foi preso na manh\u00e3 de quinta-feira (24\/11\/2016) durante uma opera\u00e7\u00e3o de combate ao tr\u00e1fico de drogas em Varzel\u00e2ndia, no Norte de Minas. A a\u00e7\u00e3o, conjunta entre as pol\u00edcias Civil e Militar, cumpriu seis mandados judiciais em toda a cidade.<\/p>\n<p>Durante o cumprimento de um dos mandados, no Bairro Bom Jesus, a pol\u00edcia localizou Adailton Farias Santos. Ele estava na casa de familiares, onde foram localizadas drogas, balan\u00e7a de precis\u00e3o e materiais usados para embalar drogas.<\/p>\n<p>A Pol\u00edcia Civil afirmou que Adailton \u00e9 foragido do Pres\u00eddio Regional de Montes Claros, onde cumpria pena por tr\u00e1fico de drogas no regime semiaberto. O mandado de recaptura foi expedido no dia 13 de setembro deste ano.<\/p>\n<p><img decoding=\"async\" src=\"http:\/\/aconteceunovale.com.br\/portal\/wp-content\/uploads\/2016\/11\/foragido_moc_varzelandia_1.jpg\" alt=\"\" \/><em>No local foram encontrados diversos aparelhos celulares (Foto: Pol\u00edcia Civil\/Divulga\u00e7\u00e3o)<\/em><br \/>\n<\/br><\/p>\n<h4><strong>Mais dois foragidos recapturados<\/strong><\/h4>\n<p>Dois, dos nove detentos que fugiram do Pres\u00eddio Regional de Montes Claros, foram recapturados e conduzidos para a delegacia de plant\u00e3o da Pol\u00edcia Civil na madrugada desta sexta-feira (25). Segundo as informa\u00e7\u00f5es da Pol\u00edcia Militar, Milton Rocha J\u00fanior e Davidson Soares Santos foram encontrados na Comunidade de Jacar\u00e9, a 40 quil\u00f4metros de Francisco S\u00e1. Eles estavam na casa de um parente de um deles.<\/p>\n<p>Os detentos fizeram um buraco em uma das paredes do pavilh\u00e3o \u201cE\u201d, pularam o muro e sa\u00edram por uma abertura feita na tela que dava acesso ao lado de fora.<\/p>\n<p>A Secretaria de Estado de Administra\u00e7\u00e3o Prisional (SEAP) esclareceu que as circunst\u00e2ncias da fuga ser\u00e3o alvo de investiga\u00e7\u00e3o. \u201cA dire\u00e7\u00e3o da unidade tamb\u00e9m ir\u00e1 apurar, em procedimento pr\u00f3prio, se houve il\u00edcito administrativo no caso. Os fatos foram comunicados \u00e0 autoridade policial para investiga\u00e7\u00e3o na esfera criminal\u201d, afirmou em nota.<\/p>\n<p><em>(Com informa\u00e7\u00f5es do G1 Grande Minas)<\/em><\/p>\n","protected":false},"excerpt":{"rendered":"<p>Um homem foi preso na manh\u00e3 de quinta-feira (24\/11\/2016) durante uma opera\u00e7\u00e3o de combate ao tr\u00e1fico de drogas em Varzel\u00e2ndia, no Norte de Minas. A a\u00e7\u00e3o, conjunta entre as pol\u00edcias Civil e Militar, cumpriu seis mandados judiciais em toda a cidade. Durante o cumprimento de um dos mandados, no Bairro Bom Jesus, a pol\u00edcia localizou [&hellip;]<\/p>\n","protected":false},"author":1,"featured_media":102759,"comment_status":"open","ping_status":"closed","sticky":false,"template":"","format":"standard","meta":{"amp_status":"","footnotes":""},"categories":[1236],"tags":[127488,127487,126382,127489,127490,127491,1395,127494,210,127484,127486,127485,127493,127492,1713],"class_list":["post-102757","post","type-post","status-publish","format-standard","has-post-thumbnail","hentry","category-norte_de_minas","tag-adailton-e-foragido-do-presidio-regional-de-montes-claros","tag-adailton-farias-santos","tag-davidson-soares-santos","tag-foragido-do-presidio-regional-de-montes-claros","tag-foragido-do-presidio-regional-de-montes-claros-e-preso-durante-operacao-em-varzelandia","tag-foragidos-do-presidio-regional-de-montes-claros","tag-francisco-sa","tag-milton-rocha-junior","tag-montes-claros","tag-operacao-de-combate-ao-trafico-de-drogas-em-varzelandia","tag-operacao-em-varzelandia","tag-preso-em-varzelandia","tag-prisao-de-foragidos-do-presidio-regional-de-montes-claros","tag-recaptura-de-foragidos-do-presidio-regional-de-montes-claros","tag-varzelandia"],"_links":{"self":[{"href":"https:\/\/aconteceunovale.com.br\/portal\/index.php?rest_route=\/wp\/v2\/posts\/102757","targetHints":{"allow":["GET"]}}],"collection":[{"href":"https:\/\/aconteceunovale.com.br\/portal\/index.php?rest_route=\/wp\/v2\/posts"}],"about":[{"href":"https:\/\/aconteceunovale.com.br\/portal\/index.php?rest_route=\/wp\/v2\/types\/post"}],"author":[{"embeddable":true,"href":"https:\/\/aconteceunovale.com.br\/portal\/index.php?rest_route=\/wp\/v2\/users\/1"}],"replies":[{"embeddable":true,"href":"https:\/\/aconteceunovale.com.br\/portal\/index.php?rest_route=%2Fwp%2Fv2%2Fcomments&post=102757"}],"version-history":[{"count":0,"href":"https:\/\/aconteceunovale.com.br\/portal\/index.php?rest_route=\/wp\/v2\/posts\/102757\/revisions"}],"wp:featuredmedia":[{"embeddable":true,"href":"https:\/\/aconteceunovale.com.br\/portal\/index.php?rest_route=\/wp\/v2\/media\/102759"}],"wp:attachment":[{"href":"https:\/\/aconteceunovale.com.br\/portal\/index.php?rest_route=%2Fwp%2Fv2%2Fmedia&parent=102757"}],"wp:term":[{"taxonomy":"category","embeddable":true,"href":"https:\/\/aconteceunovale.com.br\/portal\/index.php?rest_route=%2Fwp%2Fv2%2Fcategories&post=102757"},{"taxonomy":"post_tag","embeddable":true,"href":"https:\/\/aconteceunovale.com.br\/portal\/index.php?rest_route=%2Fwp%2Fv2%2Ftags&post=102757"}],"curies":[{"name":"wp","href":"https:\/\/api.w.org\/{rel}","templated":true}]}}