{"id":102740,"date":"2016-11-26T13:41:44","date_gmt":"2016-11-26T16:41:44","guid":{"rendered":"http:\/\/aconteceunovale.com.br\/portal\/?p=102740"},"modified":"2016-11-26T13:41:44","modified_gmt":"2016-11-26T16:41:44","slug":"irmaos-sao-detidos-por-manter-aves-silvestres-em-cativeiro-em-governador-valadares","status":"publish","type":"post","link":"https:\/\/aconteceunovale.com.br\/portal\/?p=102740","title":{"rendered":"Irm\u00e3os s\u00e3o detidos por manter aves silvestres em cativeiro em Governador Valadares"},"content":{"rendered":"<p>Dois jovens, de 16 e 20 anos, foram detidos na tarde desta sexta-feira (25\/11\/2016) por manter p\u00e1ssaros em cativeiro sem autoriza\u00e7\u00e3o em Governador Valadares, no Vale do Rio Doce. Segundo a Pol\u00edcia Militar de Meio Ambiente (PMMA), os dois s\u00e3o irm\u00e3os e foram flagrados ap\u00f3s uma den\u00fancia que informou a casa, no Bairro Porto das Canoas, onde os animais estavam presos.<\/p>\n<p>No local foram apreendidos quatro p\u00e1ssaros da esp\u00e9cie Coleiro e quatro gaiolas. Os suspeitos confessaram que os animais foram capturados por meio de armadilhas.<\/p>\n<p>Os p\u00e1ssaros foram soltos em habitat natural e as gaiolas destru\u00eddas. O jovem preso e o adolescente apreendido foram encaminhados \u00e0 Delegacia de Pol\u00edcia Civil. Pelo crime de manter p\u00e1ssaro em cativeiro sem autoriza\u00e7\u00e3o do \u00f3rg\u00e3o competente, a pena \u00e9 de multa e pris\u00e3o de seis meses a um ano.<\/p>\n<p><img decoding=\"async\" src=\"http:\/\/aconteceunovale.com.br\/portal\/wp-content\/uploads\/2016\/11\/passaros_gv_1.jpg\" alt=\"\" \/><em>Quatro aves da esp\u00e9cie Caleiro eram mantidas em cativeiro (Foto: Pol\u00edcia Militar\/Divulga\u00e7\u00e3o)<\/em><br \/>\n<\/br><\/p>\n<p><img decoding=\"async\" src=\"http:\/\/aconteceunovale.com.br\/portal\/wp-content\/uploads\/2016\/11\/passaros_gv_2.jpg\" alt=\"\" \/><em>Quatro aves da esp\u00e9cie Caleiro eram mantidas em cativeiro (Foto: Pol\u00edcia Militar\/Divulga\u00e7\u00e3o)<\/em><br \/>\n<\/br><\/p>\n<p><em>(Com informa\u00e7\u00f5es do G1 dos Vales)<\/em><\/p>\n","protected":false},"excerpt":{"rendered":"<p>Dois jovens, de 16 e 20 anos, foram detidos na tarde desta sexta-feira (25\/11\/2016) por manter p\u00e1ssaros em cativeiro sem autoriza\u00e7\u00e3o em Governador Valadares, no Vale do Rio Doce. Segundo a Pol\u00edcia Militar de Meio Ambiente (PMMA), os dois s\u00e3o irm\u00e3os e foram flagrados ap\u00f3s uma den\u00fancia que informou a casa, no Bairro Porto das [&hellip;]<\/p>\n","protected":false},"author":1,"featured_media":102741,"comment_status":"open","ping_status":"closed","sticky":false,"template":"","format":"standard","meta":{"amp_status":"","footnotes":""},"categories":[121],"tags":[127461,60981,127462,127464,247,127466,127460,127459,127463,127465],"class_list":["post-102740","post","type-post","status-publish","format-standard","has-post-thumbnail","hentry","category-leste","tag-apreensao-de-aves-em-governador-valadares","tag-apreensao-de-passaros-em-governador-valadares","tag-aves-apreendidas-em-governador-valadares","tag-bairro-porto-das-canoas","tag-governador-valadares","tag-irmaos-presos-bairro-porto-das-canoas","tag-irmaos-presos-em-governador-valadares","tag-irmaos-sao-detidos-por-manter-aves-silvestres-em-cativeiro-em-governador-valadares","tag-passaros-apreendidos-em-governador-valadares","tag-presos-bairro-porto-das-canoas"],"_links":{"self":[{"href":"https:\/\/aconteceunovale.com.br\/portal\/index.php?rest_route=\/wp\/v2\/posts\/102740","targetHints":{"allow":["GET"]}}],"collection":[{"href":"https:\/\/aconteceunovale.com.br\/portal\/index.php?rest_route=\/wp\/v2\/posts"}],"about":[{"href":"https:\/\/aconteceunovale.com.br\/portal\/index.php?rest_route=\/wp\/v2\/types\/post"}],"author":[{"embeddable":true,"href":"https:\/\/aconteceunovale.com.br\/portal\/index.php?rest_route=\/wp\/v2\/users\/1"}],"replies":[{"embeddable":true,"href":"https:\/\/aconteceunovale.com.br\/portal\/index.php?rest_route=%2Fwp%2Fv2%2Fcomments&post=102740"}],"version-history":[{"count":0,"href":"https:\/\/aconteceunovale.com.br\/portal\/index.php?rest_route=\/wp\/v2\/posts\/102740\/revisions"}],"wp:featuredmedia":[{"embeddable":true,"href":"https:\/\/aconteceunovale.com.br\/portal\/index.php?rest_route=\/wp\/v2\/media\/102741"}],"wp:attachment":[{"href":"https:\/\/aconteceunovale.com.br\/portal\/index.php?rest_route=%2Fwp%2Fv2%2Fmedia&parent=102740"}],"wp:term":[{"taxonomy":"category","embeddable":true,"href":"https:\/\/aconteceunovale.com.br\/portal\/index.php?rest_route=%2Fwp%2Fv2%2Fcategories&post=102740"},{"taxonomy":"post_tag","embeddable":true,"href":"https:\/\/aconteceunovale.com.br\/portal\/index.php?rest_route=%2Fwp%2Fv2%2Ftags&post=102740"}],"curies":[{"name":"wp","href":"https:\/\/api.w.org\/{rel}","templated":true}]}}