{"id":102738,"date":"2016-11-26T13:33:03","date_gmt":"2016-11-26T16:33:03","guid":{"rendered":"http:\/\/aconteceunovale.com.br\/portal\/?p=102738"},"modified":"2016-11-26T13:33:03","modified_gmt":"2016-11-26T16:33:03","slug":"policia-procura-bandidos-que-mataram-fazendeiro-no-municipio-de-itaobim-no-vale-do-jequitinhonha","status":"publish","type":"post","link":"https:\/\/aconteceunovale.com.br\/portal\/?p=102738","title":{"rendered":"Pol\u00edcia procura bandidos que mataram fazendeiro no munic\u00edpio de Itaobim, no Vale do Jequitinhonha"},"content":{"rendered":"<p>O corpo de um fazendeiro de 67 anos foi encontrado na noite de quinta-feira (24\/11\/2016), na zona rural de Itaobim, no Vale do Jequitinhonha. Segundo a Pol\u00edcia Militar (PM), a v\u00edtima Marcos Ivan de Mello, que era propriet\u00e1rio da Fazenda S\u00e3o Roque, teve parte da cabe\u00e7a esmagada e foi baleada na axila.<\/p>\n<p>O corpo do idoso foi encontrado dentro da propriedade dele. A casa foi invadida por bandidos, que reviraram o quarto da v\u00edtima e a sala da resid\u00eancia. Testemunhas disseram aos militares que ouviram tiros na regi\u00e3o na quarta-feira (23). Um peda\u00e7o de madeira, um peda\u00e7o de concreto e uma capa de rev\u00f3lver foram encontrados pr\u00f3ximo ao corpo. O corpo foi encaminhado ao Instituto M\u00e9dico Legal (IML) de Almenara. A PM ainda procura por suspeitos do crime.<\/p>\n<p><strong>Caminhoneiro assaltado por dois homens<\/strong><\/p>\n<p>A Pol\u00edcia Militar procura por dois criminosos que assaltaram, na madrugada deste s\u00e1bado (26\/11\/2016), em Itaobim, um caminhoneiro de 50 anos. Segundo a pol\u00edcia, os bandidos levaram cerca de R$ 300, um celular e dois cord\u00f5es.<\/p>\n<p>O motorista estava com o ve\u00edculo estacionado em posto de combust\u00edveis, \u00e0s margens da BR-116, quando foi surpreendido pelos assaltantes, que estavam encapuzados e armados com uma pistola. Durante o crime, a v\u00edtima foi amea\u00e7ada de morte. Os bandidos fugiram sem serem identificados e, at\u00e9 a manh\u00e3 deste s\u00e1bado, n\u00e3o foram localizados.<\/p>\n<p><em>(Com informa\u00e7\u00f5es da PM e G1)<\/em><\/p>\n","protected":false},"excerpt":{"rendered":"<p>O corpo de um fazendeiro de 67 anos foi encontrado na noite de quinta-feira (24\/11\/2016), na zona rural de Itaobim, no Vale do Jequitinhonha. Segundo a Pol\u00edcia Militar (PM), a v\u00edtima Marcos Ivan de Mello, que era propriet\u00e1rio da Fazenda S\u00e3o Roque, teve parte da cabe\u00e7a esmagada e foi baleada na axila. O corpo do [&hellip;]<\/p>\n","protected":false},"author":1,"featured_media":90576,"comment_status":"open","ping_status":"closed","sticky":false,"template":"","format":"standard","meta":{"amp_status":"","footnotes":""},"categories":[120],"tags":[54200,97519,127449,127450,127452,127456,127455,84736,391,127451,127457,127454,127453,127458,69569,84737],"class_list":["post-102738","post","type-post","status-publish","format-standard","has-post-thumbnail","hentry","category-jequi","tag-assalto-itaobim","tag-assassinato-itaobim","tag-caminhoneiro-assaltado-por-dois-homens","tag-caminhoneiro-assaltado-por-dois-homens-em-itaobim","tag-fazenda-sao-roque","tag-fazendeiro-assassinado-em-itaobim","tag-fazendeiro-morto-em-itaobim","tag-homicidio-itaobim","tag-itaobim","tag-marcos-ivan-de-mello","tag-morte-de-fazendeiro-em-itaobim","tag-morte-do-dono-da-fazenda-sao-roque","tag-morte-do-proprietario-da-fazenda-sao-roque","tag-policia-procura-bandidos-que-mataram-fazendeiro-no-municipio-de-itaobim","tag-roubo-itaobim","tag-violencia-itaobim"],"_links":{"self":[{"href":"https:\/\/aconteceunovale.com.br\/portal\/index.php?rest_route=\/wp\/v2\/posts\/102738","targetHints":{"allow":["GET"]}}],"collection":[{"href":"https:\/\/aconteceunovale.com.br\/portal\/index.php?rest_route=\/wp\/v2\/posts"}],"about":[{"href":"https:\/\/aconteceunovale.com.br\/portal\/index.php?rest_route=\/wp\/v2\/types\/post"}],"author":[{"embeddable":true,"href":"https:\/\/aconteceunovale.com.br\/portal\/index.php?rest_route=\/wp\/v2\/users\/1"}],"replies":[{"embeddable":true,"href":"https:\/\/aconteceunovale.com.br\/portal\/index.php?rest_route=%2Fwp%2Fv2%2Fcomments&post=102738"}],"version-history":[{"count":0,"href":"https:\/\/aconteceunovale.com.br\/portal\/index.php?rest_route=\/wp\/v2\/posts\/102738\/revisions"}],"wp:featuredmedia":[{"embeddable":true,"href":"https:\/\/aconteceunovale.com.br\/portal\/index.php?rest_route=\/wp\/v2\/media\/90576"}],"wp:attachment":[{"href":"https:\/\/aconteceunovale.com.br\/portal\/index.php?rest_route=%2Fwp%2Fv2%2Fmedia&parent=102738"}],"wp:term":[{"taxonomy":"category","embeddable":true,"href":"https:\/\/aconteceunovale.com.br\/portal\/index.php?rest_route=%2Fwp%2Fv2%2Fcategories&post=102738"},{"taxonomy":"post_tag","embeddable":true,"href":"https:\/\/aconteceunovale.com.br\/portal\/index.php?rest_route=%2Fwp%2Fv2%2Ftags&post=102738"}],"curies":[{"name":"wp","href":"https:\/\/api.w.org\/{rel}","templated":true}]}}