{"id":102734,"date":"2016-11-26T13:17:00","date_gmt":"2016-11-26T16:17:00","guid":{"rendered":"http:\/\/aconteceunovale.com.br\/portal\/?p=102734"},"modified":"2016-11-26T13:17:00","modified_gmt":"2016-11-26T16:17:00","slug":"homem-e-preso-com-rifle-e-municoes-em-padre-paraiso-no-vale-do-jequitinhonha","status":"publish","type":"post","link":"https:\/\/aconteceunovale.com.br\/portal\/?p=102734","title":{"rendered":"Homem \u00e9 preso com rifle e muni\u00e7\u00f5es em Padre Para\u00edso, no Vale do Jequitinhonha"},"content":{"rendered":"<p>A Pol\u00edcia Militar (PM) prendeu um homem de 44 anos por posse ilegal de armas, na madrugada deste s\u00e1bado (26\/11\/2016), em Padre Para\u00edso, no Vale do Jequitinhonha. Com R.L.P, morador da Vila Vieira, foram apreendidos um rifle calibre .22, 15 muni\u00e7\u00f5es e uma faca tipo peixeira.<\/p>\n<p>Os militares realizavam patrulhamento na Rua Professor Manuel Di\u00f3genes, quando viram R.L.P em atitude suspeita e o abordaram. A faca foi encontrada na cintura do suspeito e os outros materiais em um saco que ele transportava. O homem foi preso e levado para a delegacia de Pedra Azul com os materiais apreendidos.<\/p>\n<p><img decoding=\"async\" src=\"http:\/\/aconteceunovale.com.br\/portal\/wp-content\/uploads\/2016\/11\/armas_pp_nv_1.jpg\" alt=\"\" \/><em>Armas apreendidas pela Pol\u00edcia Militar (Foto: Pol\u00edcia Militar\/Divulga\u00e7\u00e3o)<\/em><br \/>\n<\/br><\/p>\n<p><img decoding=\"async\" src=\"http:\/\/aconteceunovale.com.br\/portal\/wp-content\/uploads\/2016\/11\/armas_pp_nv_2.jpg\" alt=\"\" \/><em>Armas apreendidas pela Pol\u00edcia Militar (Foto: Pol\u00edcia Militar\/Divulga\u00e7\u00e3o)<\/em><br \/>\n<\/br><\/p>\n<p><em>(Com informa\u00e7\u00f5es da PM e G1)<\/em><\/p>\n","protected":false},"excerpt":{"rendered":"<p>A Pol\u00edcia Militar (PM) prendeu um homem de 44 anos por posse ilegal de armas, na madrugada deste s\u00e1bado (26\/11\/2016), em Padre Para\u00edso, no Vale do Jequitinhonha. Com R.L.P, morador da Vila Vieira, foram apreendidos um rifle calibre .22, 15 muni\u00e7\u00f5es e uma faca tipo peixeira. Os militares realizavam patrulhamento na Rua Professor Manuel Di\u00f3genes, [&hellip;]<\/p>\n","protected":false},"author":1,"featured_media":102735,"comment_status":"open","ping_status":"closed","sticky":false,"template":"","format":"standard","meta":{"amp_status":"","footnotes":""},"categories":[120],"tags":[127446,127447,127444,572,127445,76332,127448],"class_list":["post-102734","post","type-post","status-publish","format-standard","has-post-thumbnail","hentry","category-jequi","tag-apreensao-de-arma-em-padre-paraiso","tag-arma-apreendida-em-padre-paraiso","tag-homem-e-preso-com-rifle-e-municoes-em-padre-paraiso","tag-padre-paraiso","tag-preso-com-rifle-em-padre-paraiso","tag-preso-em-padre-paraiso","tag-ranon-lopes-paraes"],"_links":{"self":[{"href":"https:\/\/aconteceunovale.com.br\/portal\/index.php?rest_route=\/wp\/v2\/posts\/102734","targetHints":{"allow":["GET"]}}],"collection":[{"href":"https:\/\/aconteceunovale.com.br\/portal\/index.php?rest_route=\/wp\/v2\/posts"}],"about":[{"href":"https:\/\/aconteceunovale.com.br\/portal\/index.php?rest_route=\/wp\/v2\/types\/post"}],"author":[{"embeddable":true,"href":"https:\/\/aconteceunovale.com.br\/portal\/index.php?rest_route=\/wp\/v2\/users\/1"}],"replies":[{"embeddable":true,"href":"https:\/\/aconteceunovale.com.br\/portal\/index.php?rest_route=%2Fwp%2Fv2%2Fcomments&post=102734"}],"version-history":[{"count":0,"href":"https:\/\/aconteceunovale.com.br\/portal\/index.php?rest_route=\/wp\/v2\/posts\/102734\/revisions"}],"wp:featuredmedia":[{"embeddable":true,"href":"https:\/\/aconteceunovale.com.br\/portal\/index.php?rest_route=\/wp\/v2\/media\/102735"}],"wp:attachment":[{"href":"https:\/\/aconteceunovale.com.br\/portal\/index.php?rest_route=%2Fwp%2Fv2%2Fmedia&parent=102734"}],"wp:term":[{"taxonomy":"category","embeddable":true,"href":"https:\/\/aconteceunovale.com.br\/portal\/index.php?rest_route=%2Fwp%2Fv2%2Fcategories&post=102734"},{"taxonomy":"post_tag","embeddable":true,"href":"https:\/\/aconteceunovale.com.br\/portal\/index.php?rest_route=%2Fwp%2Fv2%2Ftags&post=102734"}],"curies":[{"name":"wp","href":"https:\/\/api.w.org\/{rel}","templated":true}]}}