{"id":102729,"date":"2016-11-26T10:12:52","date_gmt":"2016-11-26T13:12:52","guid":{"rendered":"http:\/\/aconteceunovale.com.br\/portal\/?p=102729"},"modified":"2016-11-26T10:12:52","modified_gmt":"2016-11-26T13:12:52","slug":"fidel-castro-morre-aos-90-anos","status":"publish","type":"post","link":"https:\/\/aconteceunovale.com.br\/portal\/?p=102729","title":{"rendered":"Fidel Castro morre aos 90 anos"},"content":{"rendered":"<p>O ex-presidente e l\u00edder da revolu\u00e7\u00e3o cubana, Fidel Castro, morreu anos 90 anos de idade, confirmou na madrugada deste s\u00e1bado (26\/11\/2016) seu irm\u00e3o e sucessor, Ra\u00fal Castro.<\/p>\n<p>Em um an\u00fancio na televis\u00e3o, Ra\u00fal disse que era &#8220;com profunda dor&#8221; que confirmava a &#8220;morte do comandante Fidel Castro Ruz&#8221;, falecido \u00e0s 22h29 de Havana do dia 25 de novembro de 2016.<\/p>\n<p>&#8220;Em cumprimento da expressa vontade do companheiro Fidel, seus restos mortais ser\u00e3o cremados&#8221;, afirmou Ra\u00fal, demonstrando emo\u00e7\u00e3o ao ler o breve comunicado.<\/p>\n<p>Fidel Castro foi o her\u00f3i hist\u00f3rico da esquerda moderna, o homem que mais desafiou os Estados Unidos. Mas, na opini\u00e3o de l\u00edderes de centro-direita, Fidel era um ditador sanguin\u00e1rio e o culpado por isolar a ilha de Cuba por quase 60 anos de todo o mundo.<\/p>\n<p>Conhecido como &#8220;Comandante&#8221; pelos cubanos, Fidel era personagem de v\u00e1rias hist\u00f3rias e boatos. &#8220;Ele n\u00e3o dorme&#8221;, &#8220;ele n\u00e3o esquece de nada&#8221;, &#8220;\u00e9 capaz de te penetrar com o olhar e descobrir quem voc\u00ea \u00e9&#8221;.<\/p>\n<p>Fidel sempre teve uma sa\u00fade de ferro, at\u00e9 quando enfrentou uma hemorragia intestinal durante uma viagem \u00e0 Argentina aos 80 anos de idade. Em 31 de julho de 2006, os problemas de sa\u00fade provocados pelo avan\u00e7o da idade o fizeram delegar temporariamente o poder a seu irm\u00e3o Ra\u00fal.<\/p>\n<p>Em fevereiro de 2008, Fidel renunciou oficialmente ao cargo de presidente cubano e, desde ent\u00e3o, era o principal conselheiro do Partido Comunista e do novo governo.<\/p>\n<p>A era Fidel Castro vem se dissolvendo pouco a pouco, enquanto uma nova Cuba surge devido a uma s\u00e9rie de reformas econ\u00f4micas e da retomada das rela\u00e7\u00f5es bilaterais com os Estados Unidos, rompidas h\u00e1 mais de meio s\u00e9culo.<\/p>\n<p>Fidel assistia a tudo isso de longe, mas n\u00e3o deixava de fazer suas an\u00e1lises em artigos publicados no jornal oficial cubano\u00a0<em>Granma<\/em>. A fragilidade da sua sa\u00fade j\u00e1 tinha provocado boatos sobre sua morte v\u00e1rias vezes nas redes sociais.<\/p>\n<p><strong>Funeral marcado para 4 de dezembro<\/strong><\/p>\n<p>O governo de Cuba decretou nove dias de luto nacional. Havana tamb\u00e9m anunciou que o funeral de Fidel ser\u00e1 no dia 4 de dezembro, no cemit\u00e9rio Santa Efig\u00eancia, na cidade de Santiago de Cuba. Mas o corpo do ex-presidente deve ser cremado ainda hoje, conforme a vontade do pr\u00f3prio Fidel, informou seu irm\u00e3o Ra\u00fal.<\/p>\n<p><img decoding=\"async\" src=\"http:\/\/aconteceunovale.com.br\/portal\/wp-content\/uploads\/2016\/11\/fidel_castro.jpg\" alt=\"\" \/><em>Fidel Castro morreu aos 90 anos (Foto: Divulga\u00e7\u00e3o)<\/em><br \/>\n<\/br><\/p>\n<p><em>(Fonte: Ag\u00eancia Ansa)<\/em><\/p>\n","protected":false},"excerpt":{"rendered":"<p>O ex-presidente e l\u00edder da revolu\u00e7\u00e3o cubana, Fidel Castro, morreu anos 90 anos de idade, confirmou na madrugada deste s\u00e1bado (26\/11\/2016) seu irm\u00e3o e sucessor, Ra\u00fal Castro. Em um an\u00fancio na televis\u00e3o, Ra\u00fal disse que era &#8220;com profunda dor&#8221; que confirmava a &#8220;morte do comandante Fidel Castro Ruz&#8221;, falecido \u00e0s 22h29 de Havana do dia [&hellip;]<\/p>\n","protected":false},"author":1,"featured_media":102730,"comment_status":"open","ping_status":"closed","sticky":false,"template":"","format":"standard","meta":{"amp_status":"","footnotes":""},"categories":[28848],"tags":[122407,4825,127434,127435,127441,127439,127436,126674,127437,28160,127438,127440],"class_list":["post-102729","post","type-post","status-publish","format-standard","has-post-thumbnail","hentry","category-mundo","tag-cremacao","tag-cuba","tag-fidel-castro","tag-fidel-castro-morre-aos-90-anos","tag-fidel-castro-morreu-aos-90-anos","tag-funeral-de-fidel-castro","tag-lider-socialista","tag-luto-oficial","tag-morre-fidel-castro","tag-morte","tag-morte-de-fidel-castro","tag-raul-castro"],"_links":{"self":[{"href":"https:\/\/aconteceunovale.com.br\/portal\/index.php?rest_route=\/wp\/v2\/posts\/102729","targetHints":{"allow":["GET"]}}],"collection":[{"href":"https:\/\/aconteceunovale.com.br\/portal\/index.php?rest_route=\/wp\/v2\/posts"}],"about":[{"href":"https:\/\/aconteceunovale.com.br\/portal\/index.php?rest_route=\/wp\/v2\/types\/post"}],"author":[{"embeddable":true,"href":"https:\/\/aconteceunovale.com.br\/portal\/index.php?rest_route=\/wp\/v2\/users\/1"}],"replies":[{"embeddable":true,"href":"https:\/\/aconteceunovale.com.br\/portal\/index.php?rest_route=%2Fwp%2Fv2%2Fcomments&post=102729"}],"version-history":[{"count":0,"href":"https:\/\/aconteceunovale.com.br\/portal\/index.php?rest_route=\/wp\/v2\/posts\/102729\/revisions"}],"wp:featuredmedia":[{"embeddable":true,"href":"https:\/\/aconteceunovale.com.br\/portal\/index.php?rest_route=\/wp\/v2\/media\/102730"}],"wp:attachment":[{"href":"https:\/\/aconteceunovale.com.br\/portal\/index.php?rest_route=%2Fwp%2Fv2%2Fmedia&parent=102729"}],"wp:term":[{"taxonomy":"category","embeddable":true,"href":"https:\/\/aconteceunovale.com.br\/portal\/index.php?rest_route=%2Fwp%2Fv2%2Fcategories&post=102729"},{"taxonomy":"post_tag","embeddable":true,"href":"https:\/\/aconteceunovale.com.br\/portal\/index.php?rest_route=%2Fwp%2Fv2%2Ftags&post=102729"}],"curies":[{"name":"wp","href":"https:\/\/api.w.org\/{rel}","templated":true}]}}