{"id":102718,"date":"2016-11-25T21:33:17","date_gmt":"2016-11-26T00:33:17","guid":{"rendered":"http:\/\/aconteceunovale.com.br\/portal\/?p=102718"},"modified":"2016-11-25T21:33:17","modified_gmt":"2016-11-26T00:33:17","slug":"senador-zeze-perrella-e-irmao-sao-responsabilizados-por-sonegacao-de-r-70-milhoes","status":"publish","type":"post","link":"https:\/\/aconteceunovale.com.br\/portal\/?p=102718","title":{"rendered":"Senador Zez\u00e9 Perrella e irm\u00e3o s\u00e3o responsabilizados por sonega\u00e7\u00e3o de R$ 70 milh\u00f5es"},"content":{"rendered":"<p>O senador Zez\u00e9 Perrella (PTB-MG) e o irm\u00e3o dele, o empres\u00e1rio Alvimar Perrella, e outras 23 pessoas e empresas, incluindo v\u00e1rios frigor\u00edficos de carne, foram responsabilizadas pela Justi\u00e7a Federal em Minas Gerais a pagar uma d\u00edvida tribut\u00e1ria de R$ 70 milh\u00f5es. A a\u00e7\u00e3o foi movida pela Procuradoria da Fazenda Nacional em parceria com a Receita Federal.<\/p>\n<p>A decis\u00e3o, que cabe recurso, \u00e9 do juiz federal Andr\u00e9 Gon\u00e7alves de Oliveira Salce, titular da 26\u00aa Vara Federal de Belo Horizonte. Na mesma decis\u00e3o, o magistrado reconheceu a exist\u00eancia de grupo econ\u00f4mico supostamente ligado a fam\u00edlia Perrella formado por 11 empresas, incluindo frigor\u00edficos e empresas de transporte e atualizou o valor da cobran\u00e7a no montante de R$ 70.267.631,24.<\/p>\n<p>Os tributos sonegados s\u00e3o de compet\u00eancia da Uni\u00e3o, entre eles Imposto de Renda de Pessoa Jur\u00eddica, Contribui\u00e7\u00e3o Social sobre Lucro L\u00edquido, Contribui\u00e7\u00e3o Social para Financiamento da Seguridade Social (COFINS), al\u00e9m de Contribui\u00e7\u00e3o Social para o PIS\/PASEP.<\/p>\n<p>O juiz determinou a expedi\u00e7\u00e3o de mandados de cita\u00e7\u00e3o dos condenados, penhora e avalia\u00e7\u00e3o em desfavor de todos os respons\u00e1veis. Em nota, os irm\u00e3os Perrela afirmaram honrar suas obriga\u00e7\u00f5es tribut\u00e1rias e alegaram que o caso n\u00e3o se trata de uma condena\u00e7\u00e3o, mas sim de meras alega\u00e7\u00f5es da Procuradoria da Fazenda Nacional, sem qualquer comprova\u00e7\u00e3o ou fundamento jur\u00eddico. Eles informaram que jamais foram s\u00f3cios ou tiveram qualquer rela\u00e7\u00e3o com a empresa autuada, o que ser\u00e1 esclarecido diante da Justi\u00e7a Federal, no processo que tramita na 26\u00aa vara de Belo Horizonte. Diante das alega\u00e7\u00f5es da Procuradoria da Fazenda Nacional, os irm\u00e3os informar\u00e3o que ir\u00e3o apresentar \u00e0 Justi\u00e7a, no momento oportuno, as provas de que n\u00e3o h\u00e1 qualquer responsabilidade que lhes possam ser atribu\u00edda. Eles afirmaram, ainda, que a tentativa de lhes atribuir a responsabilidade por d\u00e9bito tribut\u00e1rio alheio pode ser entendida como ato de persegui\u00e7\u00e3o pol\u00edtica, haja vista a aus\u00eancia de provas ou fundamentos que autorizem uma condena\u00e7\u00e3o.<\/p>\n<p><img decoding=\"async\" src=\"http:\/\/aconteceunovale.com.br\/portal\/wp-content\/uploads\/2016\/11\/zeze_perrela.jpg\" alt=\"\" \/>Senador Zez\u00e9 Perrella (PTB-MG) &#8211; Foto: Reprodu\u00e7\u00e3o\/Facebook<br \/>\n<\/br><\/p>\n<p><em>(Fonte: R7\/Record Minas)<\/em><\/p>\n","protected":false},"excerpt":{"rendered":"<p>O senador Zez\u00e9 Perrella (PTB-MG) e o irm\u00e3o dele, o empres\u00e1rio Alvimar Perrella, e outras 23 pessoas e empresas, incluindo v\u00e1rios frigor\u00edficos de carne, foram responsabilizadas pela Justi\u00e7a Federal em Minas Gerais a pagar uma d\u00edvida tribut\u00e1ria de R$ 70 milh\u00f5es. A a\u00e7\u00e3o foi movida pela Procuradoria da Fazenda Nacional em parceria com a Receita [&hellip;]<\/p>\n","protected":false},"author":1,"featured_media":102719,"comment_status":"open","ping_status":"closed","sticky":false,"template":"","format":"standard","meta":{"amp_status":"","footnotes":""},"categories":[123,40240],"tags":[127415,6846,127414,1018,127416,127411,127409,127417,127412,127413,127410],"class_list":["post-102718","post","type-post","status-publish","format-standard","has-post-thumbnail","hentry","category-gerais","category-politica-2","tag-26a-vara-federal-de-belo-horizonte","tag-alvimar-perrella","tag-andre-goncalves-de-oliveira-salce","tag-destaque","tag-familia-perrella","tag-processo-senador-zeze-perrella","tag-senador-zeze-perrella","tag-senador-zeze-perrella-e-irmao-sao-responsabilizados-por-sonegacao-de-r-70-milhoes","tag-senador-zeze-perrella-sonegacao","tag-sonegacao-de-impostos-senador-zeze-perrella","tag-zeze-perrella"],"_links":{"self":[{"href":"https:\/\/aconteceunovale.com.br\/portal\/index.php?rest_route=\/wp\/v2\/posts\/102718","targetHints":{"allow":["GET"]}}],"collection":[{"href":"https:\/\/aconteceunovale.com.br\/portal\/index.php?rest_route=\/wp\/v2\/posts"}],"about":[{"href":"https:\/\/aconteceunovale.com.br\/portal\/index.php?rest_route=\/wp\/v2\/types\/post"}],"author":[{"embeddable":true,"href":"https:\/\/aconteceunovale.com.br\/portal\/index.php?rest_route=\/wp\/v2\/users\/1"}],"replies":[{"embeddable":true,"href":"https:\/\/aconteceunovale.com.br\/portal\/index.php?rest_route=%2Fwp%2Fv2%2Fcomments&post=102718"}],"version-history":[{"count":0,"href":"https:\/\/aconteceunovale.com.br\/portal\/index.php?rest_route=\/wp\/v2\/posts\/102718\/revisions"}],"wp:featuredmedia":[{"embeddable":true,"href":"https:\/\/aconteceunovale.com.br\/portal\/index.php?rest_route=\/wp\/v2\/media\/102719"}],"wp:attachment":[{"href":"https:\/\/aconteceunovale.com.br\/portal\/index.php?rest_route=%2Fwp%2Fv2%2Fmedia&parent=102718"}],"wp:term":[{"taxonomy":"category","embeddable":true,"href":"https:\/\/aconteceunovale.com.br\/portal\/index.php?rest_route=%2Fwp%2Fv2%2Fcategories&post=102718"},{"taxonomy":"post_tag","embeddable":true,"href":"https:\/\/aconteceunovale.com.br\/portal\/index.php?rest_route=%2Fwp%2Fv2%2Ftags&post=102718"}],"curies":[{"name":"wp","href":"https:\/\/api.w.org\/{rel}","templated":true}]}}