{"id":102658,"date":"2016-11-25T16:08:36","date_gmt":"2016-11-25T19:08:36","guid":{"rendered":"http:\/\/aconteceunovale.com.br\/portal\/?p=102658"},"modified":"2016-11-25T16:29:43","modified_gmt":"2016-11-25T19:29:43","slug":"forte-chuva-derruba-ponte-e-isola-populacao-de-marilac-no-leste-de-minas-2","status":"publish","type":"post","link":"https:\/\/aconteceunovale.com.br\/portal\/?p=102658","title":{"rendered":"Forte chuva derruba ponte e isola popula\u00e7\u00e3o de Marilac, no Leste de Minas"},"content":{"rendered":"<p>As chuvas fortes que atingem a cidade de Marilac, no Vale do Rio Doce, derrubaram seis pontes e isolaram o munic\u00edpio nesta sexta-feira (25\/11\/2016). O prefeito da cidade, Aldo Fran\u00e7a, informou que vai decretar situa\u00e7\u00e3o de calamidade p\u00fablica nas pr\u00f3ximas horas.<\/p>\n<p>\u201cEst\u00e1 chovendo h\u00e1 cinco dias na cabeceira do C\u00f3rrego Bananal, que corta a cidade, e as correntezas fortes derrubaram as pontes. O estrago \u00e9 muito grande, algumas dessas pontes que ficaram destru\u00eddas d\u00e3o acesso a escolas e a planta\u00e7\u00f5es e uma delas fica na MGC-451, que \u00e9 o principal acesso a cidade. N\u00f3s estamos isolados\u201d, informou o prefeito.<\/p>\n<p>Ainda de acordo com ele, o Departamento de Edifica\u00e7\u00f5es e Estradas de Rodagem de Minas Gerais (DEER-MG) com sede em Governador Valadares foi acionado para avaliar os danos na estrada, por\u00e9m at\u00e9 \u00e0s 14h ainda n\u00e3o tinha chegado ao local para checar a situa\u00e7\u00e3o. As outras cinco pontes que ca\u00edram ficam dentro do munic\u00edpio.<\/p>\n<p><img decoding=\"async\" src=\"http:\/\/aconteceunovale.com.br\/portal\/wp-content\/uploads\/2016\/11\/chuva_marilac.jpg\" alt=\"\" \/><em>Ponte foi destru\u00edda pela enchente (foto: 8\u00aa Cia PM Ind MAT\/Divulga\u00e7\u00e3o)<\/em><br \/>\n<\/br><\/p>\n<p>A Defesa Civil de Marilac tamb\u00e9m est\u00e1 trabalhando na cidade para avaliar os danos em todo munic\u00edpio. \u201cN\u00f3s j\u00e1 estamos com quatro fam\u00edlias desalojadas indo para a casa de parentes, por\u00e9m, ainda estamos fazendo um levantamento das casas que est\u00e3o em situa\u00e7\u00e3o de risco, j\u00e1 que o n\u00edvel do rio est\u00e1 muito elevado e h\u00e1 risco de alagamentos. Vamos ter que decretar calamidade p\u00fablica, n\u00e3o tem outro jeito\u201d, afirmou o prefeito.<\/p>\n<p>Segundo ele, nos \u00faltimos tr\u00eas dias choveu cerca de 400 mil\u00edmetros em Marilac. O prefeito relatou ainda que chove continuamente nesta sexta-feira desde \u00e0s 2h da madrugada.<\/p>\n<p><strong>Outra ponte ca\u00edda<\/strong><\/p>\n<p>Segundo a 8\u00aa Companhia de Pol\u00edcia Militar Independente de Meio Ambiente e Tr\u00e2nsito, na mesma regi\u00e3o, uma ponte caiu em Chonin de Cima, no distrito de Governador Valadares e prejudica acesso ao distrito.<\/p>\n<p><strong>V\u00eddeo mostra local onde ficava a ponte de Marilac:<\/strong><\/p>\n<p><iframe loading=\"lazy\" width=\"640\" height=\"360\" src=\"https:\/\/www.youtube.com\/embed\/yIZkpZ1v4Uw\" frameborder=\"0\" allowfullscreen><\/iframe><br \/>\n<\/br><\/p>\n<p><strong>Fotos enviadas por morador de Marilac:<\/strong><\/p>\n<p><img decoding=\"async\" src=\"http:\/\/aconteceunovale.com.br\/portal\/wp-content\/uploads\/2016\/11\/marilac_chuva_1.jpg\" alt=\"\" \/><\/p>\n<p><div id='gallery-1' class='gallery galleryid-102658 gallery-columns-5 gallery-size-thumbnail'><figure class='gallery-item'>\n\t\t\t<div class='gallery-icon landscape'>\n\t\t\t\t<a href='https:\/\/aconteceunovale.com.br\/portal\/wp-content\/uploads\/2016\/11\/marilac_chuva_1.jpg'><img loading=\"lazy\" decoding=\"async\" width=\"150\" height=\"150\" src=\"https:\/\/aconteceunovale.com.br\/portal\/wp-content\/uploads\/2016\/11\/marilac_chuva_1-150x150.jpg\" class=\"attachment-thumbnail size-thumbnail\" alt=\"\" \/><\/a>\n\t\t\t<\/div><\/figure><figure class='gallery-item'>\n\t\t\t<div class='gallery-icon landscape'>\n\t\t\t\t<a href='https:\/\/aconteceunovale.com.br\/portal\/wp-content\/uploads\/2016\/11\/marilac_chuva_2.jpg'><img loading=\"lazy\" decoding=\"async\" width=\"150\" height=\"150\" src=\"https:\/\/aconteceunovale.com.br\/portal\/wp-content\/uploads\/2016\/11\/marilac_chuva_2-150x150.jpg\" class=\"attachment-thumbnail size-thumbnail\" alt=\"\" \/><\/a>\n\t\t\t<\/div><\/figure><figure class='gallery-item'>\n\t\t\t<div class='gallery-icon landscape'>\n\t\t\t\t<a href='https:\/\/aconteceunovale.com.br\/portal\/wp-content\/uploads\/2016\/11\/marilac_chuva_3.jpg'><img loading=\"lazy\" decoding=\"async\" width=\"150\" height=\"150\" src=\"https:\/\/aconteceunovale.com.br\/portal\/wp-content\/uploads\/2016\/11\/marilac_chuva_3-150x150.jpg\" class=\"attachment-thumbnail size-thumbnail\" alt=\"\" \/><\/a>\n\t\t\t<\/div><\/figure><figure class='gallery-item'>\n\t\t\t<div class='gallery-icon landscape'>\n\t\t\t\t<a href='https:\/\/aconteceunovale.com.br\/portal\/wp-content\/uploads\/2016\/11\/marilac_chuva_4.jpg'><img loading=\"lazy\" decoding=\"async\" width=\"150\" height=\"150\" src=\"https:\/\/aconteceunovale.com.br\/portal\/wp-content\/uploads\/2016\/11\/marilac_chuva_4-150x150.jpg\" class=\"attachment-thumbnail size-thumbnail\" alt=\"\" \/><\/a>\n\t\t\t<\/div><\/figure><figure class='gallery-item'>\n\t\t\t<div class='gallery-icon portrait'>\n\t\t\t\t<a href='https:\/\/aconteceunovale.com.br\/portal\/wp-content\/uploads\/2016\/11\/marilac_chuva_5.jpg'><img loading=\"lazy\" decoding=\"async\" width=\"150\" height=\"150\" src=\"https:\/\/aconteceunovale.com.br\/portal\/wp-content\/uploads\/2016\/11\/marilac_chuva_5-150x150.jpg\" class=\"attachment-thumbnail size-thumbnail\" alt=\"\" \/><\/a>\n\t\t\t<\/div><\/figure><figure class='gallery-item'>\n\t\t\t<div class='gallery-icon portrait'>\n\t\t\t\t<a href='https:\/\/aconteceunovale.com.br\/portal\/wp-content\/uploads\/2016\/11\/marilac_chuva_6.jpg'><img loading=\"lazy\" decoding=\"async\" width=\"150\" height=\"150\" src=\"https:\/\/aconteceunovale.com.br\/portal\/wp-content\/uploads\/2016\/11\/marilac_chuva_6-150x150.jpg\" class=\"attachment-thumbnail size-thumbnail\" alt=\"\" \/><\/a>\n\t\t\t<\/div><\/figure><figure class='gallery-item'>\n\t\t\t<div class='gallery-icon portrait'>\n\t\t\t\t<a href='https:\/\/aconteceunovale.com.br\/portal\/wp-content\/uploads\/2016\/11\/marilac_chuva_7.jpg'><img loading=\"lazy\" decoding=\"async\" width=\"150\" height=\"150\" src=\"https:\/\/aconteceunovale.com.br\/portal\/wp-content\/uploads\/2016\/11\/marilac_chuva_7-150x150.jpg\" class=\"attachment-thumbnail size-thumbnail\" alt=\"\" \/><\/a>\n\t\t\t<\/div><\/figure><figure class='gallery-item'>\n\t\t\t<div class='gallery-icon portrait'>\n\t\t\t\t<a href='https:\/\/aconteceunovale.com.br\/portal\/wp-content\/uploads\/2016\/11\/marilac_chuva_8.jpg'><img loading=\"lazy\" decoding=\"async\" width=\"150\" height=\"150\" src=\"https:\/\/aconteceunovale.com.br\/portal\/wp-content\/uploads\/2016\/11\/marilac_chuva_8-150x150.jpg\" class=\"attachment-thumbnail size-thumbnail\" alt=\"\" \/><\/a>\n\t\t\t<\/div><\/figure><figure class='gallery-item'>\n\t\t\t<div class='gallery-icon portrait'>\n\t\t\t\t<a href='https:\/\/aconteceunovale.com.br\/portal\/wp-content\/uploads\/2016\/11\/marilac_chuva_9.jpg'><img loading=\"lazy\" decoding=\"async\" width=\"150\" height=\"150\" src=\"https:\/\/aconteceunovale.com.br\/portal\/wp-content\/uploads\/2016\/11\/marilac_chuva_9-150x150.jpg\" class=\"attachment-thumbnail size-thumbnail\" alt=\"\" \/><\/a>\n\t\t\t<\/div><\/figure><figure class='gallery-item'>\n\t\t\t<div class='gallery-icon portrait'>\n\t\t\t\t<a href='https:\/\/aconteceunovale.com.br\/portal\/wp-content\/uploads\/2016\/11\/marilac_chuva_10.jpg'><img loading=\"lazy\" decoding=\"async\" width=\"150\" height=\"150\" src=\"https:\/\/aconteceunovale.com.br\/portal\/wp-content\/uploads\/2016\/11\/marilac_chuva_10-150x150.jpg\" class=\"attachment-thumbnail size-thumbnail\" alt=\"\" \/><\/a>\n\t\t\t<\/div><\/figure>\n\t\t<\/div>\n<br \/>\n<\/br><\/p>\n<p><em>(Fonte: Estado de Minas)<\/em><\/p>\n","protected":false},"excerpt":{"rendered":"<p>As chuvas fortes que atingem a cidade de Marilac, no Vale do Rio Doce, derrubaram seis pontes e isolaram o munic\u00edpio nesta sexta-feira (25\/11\/2016). O prefeito da cidade, Aldo Fran\u00e7a, informou que vai decretar situa\u00e7\u00e3o de calamidade p\u00fablica nas pr\u00f3ximas horas. \u201cEst\u00e1 chovendo h\u00e1 cinco dias na cabeceira do C\u00f3rrego Bananal, que corta a cidade, [&hellip;]<\/p>\n","protected":false},"author":1,"featured_media":102646,"comment_status":"open","ping_status":"closed","sticky":false,"template":"","format":"standard","meta":{"amp_status":"","footnotes":""},"categories":[121],"tags":[127341,127338,1018,127340,127342,127344,300,127337,127339,127343,127336],"class_list":["post-102658","post","type-post","status-publish","format-standard","has-post-thumbnail","hentry","category-leste","tag-chuva-em-marilac","tag-chuva-marilac","tag-destaque","tag-estragos-da-chuva-em-marilac","tag-estragos-da-chuva-marilac","tag-forte-chuva-derruba-ponte-e-isola-populacao-de-marilac","tag-marilac","tag-ponte-de-marilac","tag-queda-de-pontes-marilac","tag-tromba-dagua-marilac","tag-video-mostra-local-onde-ficava-a-ponte-de-marilac"],"_links":{"self":[{"href":"https:\/\/aconteceunovale.com.br\/portal\/index.php?rest_route=\/wp\/v2\/posts\/102658","targetHints":{"allow":["GET"]}}],"collection":[{"href":"https:\/\/aconteceunovale.com.br\/portal\/index.php?rest_route=\/wp\/v2\/posts"}],"about":[{"href":"https:\/\/aconteceunovale.com.br\/portal\/index.php?rest_route=\/wp\/v2\/types\/post"}],"author":[{"embeddable":true,"href":"https:\/\/aconteceunovale.com.br\/portal\/index.php?rest_route=\/wp\/v2\/users\/1"}],"replies":[{"embeddable":true,"href":"https:\/\/aconteceunovale.com.br\/portal\/index.php?rest_route=%2Fwp%2Fv2%2Fcomments&post=102658"}],"version-history":[{"count":0,"href":"https:\/\/aconteceunovale.com.br\/portal\/index.php?rest_route=\/wp\/v2\/posts\/102658\/revisions"}],"wp:featuredmedia":[{"embeddable":true,"href":"https:\/\/aconteceunovale.com.br\/portal\/index.php?rest_route=\/wp\/v2\/media\/102646"}],"wp:attachment":[{"href":"https:\/\/aconteceunovale.com.br\/portal\/index.php?rest_route=%2Fwp%2Fv2%2Fmedia&parent=102658"}],"wp:term":[{"taxonomy":"category","embeddable":true,"href":"https:\/\/aconteceunovale.com.br\/portal\/index.php?rest_route=%2Fwp%2Fv2%2Fcategories&post=102658"},{"taxonomy":"post_tag","embeddable":true,"href":"https:\/\/aconteceunovale.com.br\/portal\/index.php?rest_route=%2Fwp%2Fv2%2Ftags&post=102658"}],"curies":[{"name":"wp","href":"https:\/\/api.w.org\/{rel}","templated":true}]}}