{"id":102643,"date":"2016-11-25T14:46:31","date_gmt":"2016-11-25T17:46:31","guid":{"rendered":"http:\/\/aconteceunovale.com.br\/portal\/?p=102643"},"modified":"2016-11-25T14:46:31","modified_gmt":"2016-11-25T17:46:31","slug":"bandeira-tarifaria-volta-a-ficar-verde-em-dezembro-sem-custo-extra-de-energia","status":"publish","type":"post","link":"https:\/\/aconteceunovale.com.br\/portal\/?p=102643","title":{"rendered":"Bandeira tarif\u00e1ria volta a ficar verde em dezembro, sem custo extra de energia"},"content":{"rendered":"<p>A bandeira tarif\u00e1ria que ser\u00e1 aplicada nas contas de luz em dezembro ser\u00e1 a verde, o que significa que n\u00e3o haver\u00e1 cobran\u00e7as extras para o consumidor. Segundo a Ag\u00eancia Nacional de Energia El\u00e9trica (Aneel), o que determinou a volta da bandeira para o patamar verde foi a condi\u00e7\u00e3o hidrol\u00f3gica mais favor\u00e1vel, o que permitiu o desligamento das usinas t\u00e9rmicas mais caras.<\/p>\n<p>No m\u00eas passado, a bandeira adotada foi a amarela, por causa da falta de chuvas, o que fez com que fossem acionadas termel\u00e9tricas com custo mais alto, para garantir o suprimento de energia para o pa\u00eds.<\/p>\n<p>Desde que foi implementado o sistema de bandeiras tarif\u00e1rias, em janeiro de 2015, at\u00e9 fevereiro deste ano, a bandeira se manteve vermelha, primeiramente com cobran\u00e7a de R$ 4,50 a cada 100 quilowatts-hora (kWh) consumidos e, depois, com a bandeira vermelha patamar 1, que significa acr\u00e9scimo de R$ 3,00 a cada 100 kWh. Em mar\u00e7o, passou para amarela, com custo extra de R$ 1,50 a cada 100 kWh, e de abril a outubro ficou verde, sem cobran\u00e7a extra. No m\u00eas passado, a bandeira passou para a cor amarela novamente.<\/p>\n<p><strong>Bandeira tarif\u00e1ria<\/strong><\/p>\n<p>O sistema de bandeiras tarif\u00e1rias foi criado como forma de recompor os gastos extras com a utiliza\u00e7\u00e3o de energia de usinas termel\u00e9tricas, que \u00e9 mais cara do que a energia de hidrel\u00e9tricas. A cor da bandeira que \u00e9 impressa na conta de luz (vermelha, amarela ou verde) indica o custo da energia el\u00e9trica, em fun\u00e7\u00e3o das condi\u00e7\u00f5es de gera\u00e7\u00e3o de eletricidade. Por exemplo, quando chove menos, os reservat\u00f3rios das hidrel\u00e9tricas ficam mais vazios e \u00e9 preciso acionar mais termel\u00e9tricas para garantir o suprimento de energia no pais.<\/p>\n<p>Segundo a Ag\u00eancia Nacional de Energia El\u00e9trica, a bandeira tarif\u00e1ria n\u00e3o \u00e9 um custo extra na conta de luz, mas uma forma diferente de cobrar um valor que j\u00e1 era inclu\u00eddo na conta de energia, por meio do reajuste tarif\u00e1rio anual das distribuidoras. A ag\u00eancia considera que a bandeira torna a conta de luz mais transparente e o consumidor tem a melhor informa\u00e7\u00e3o para usar a energia el\u00e9trica de forma mais consciente.<\/p>\n<p><em>(Da Ag\u00eancia Brasil)<\/em><\/p>\n","protected":false},"excerpt":{"rendered":"<p>A bandeira tarif\u00e1ria que ser\u00e1 aplicada nas contas de luz em dezembro ser\u00e1 a verde, o que significa que n\u00e3o haver\u00e1 cobran\u00e7as extras para o consumidor. Segundo a Ag\u00eancia Nacional de Energia El\u00e9trica (Aneel), o que determinou a volta da bandeira para o patamar verde foi a condi\u00e7\u00e3o hidrol\u00f3gica mais favor\u00e1vel, o que permitiu o [&hellip;]<\/p>\n","protected":false},"author":1,"featured_media":54014,"comment_status":"open","ping_status":"closed","sticky":false,"template":"","format":"standard","meta":{"amp_status":"","footnotes":""},"categories":[6],"tags":[26918,31752,127332,127330,127334,80302,127328,127335,127329,127331,127333],"class_list":["post-102643","post","type-post","status-publish","format-standard","has-post-thumbnail","hentry","category-br","tag-aneel","tag-bandeira-tarifaria","tag-bandeira-tarifaria-de-dezembro","tag-bandeira-tarifaria-volta-a-ficar-verde-em-dezembro","tag-conta-de-luz-mais-barata-em-dezembro","tag-contas-de-luz","tag-dezembro","tag-reducao-na-conta-de-luz-em-dezembro","tag-sem-custo-extra","tag-sem-custo-extra-de-energia","tag-valor-da-conta-de-luz-em-dezembro"],"_links":{"self":[{"href":"https:\/\/aconteceunovale.com.br\/portal\/index.php?rest_route=\/wp\/v2\/posts\/102643","targetHints":{"allow":["GET"]}}],"collection":[{"href":"https:\/\/aconteceunovale.com.br\/portal\/index.php?rest_route=\/wp\/v2\/posts"}],"about":[{"href":"https:\/\/aconteceunovale.com.br\/portal\/index.php?rest_route=\/wp\/v2\/types\/post"}],"author":[{"embeddable":true,"href":"https:\/\/aconteceunovale.com.br\/portal\/index.php?rest_route=\/wp\/v2\/users\/1"}],"replies":[{"embeddable":true,"href":"https:\/\/aconteceunovale.com.br\/portal\/index.php?rest_route=%2Fwp%2Fv2%2Fcomments&post=102643"}],"version-history":[{"count":0,"href":"https:\/\/aconteceunovale.com.br\/portal\/index.php?rest_route=\/wp\/v2\/posts\/102643\/revisions"}],"wp:featuredmedia":[{"embeddable":true,"href":"https:\/\/aconteceunovale.com.br\/portal\/index.php?rest_route=\/wp\/v2\/media\/54014"}],"wp:attachment":[{"href":"https:\/\/aconteceunovale.com.br\/portal\/index.php?rest_route=%2Fwp%2Fv2%2Fmedia&parent=102643"}],"wp:term":[{"taxonomy":"category","embeddable":true,"href":"https:\/\/aconteceunovale.com.br\/portal\/index.php?rest_route=%2Fwp%2Fv2%2Fcategories&post=102643"},{"taxonomy":"post_tag","embeddable":true,"href":"https:\/\/aconteceunovale.com.br\/portal\/index.php?rest_route=%2Fwp%2Fv2%2Ftags&post=102643"}],"curies":[{"name":"wp","href":"https:\/\/api.w.org\/{rel}","templated":true}]}}