{"id":102623,"date":"2016-11-25T12:57:12","date_gmt":"2016-11-25T15:57:12","guid":{"rendered":"http:\/\/aconteceunovale.com.br\/portal\/?p=102623"},"modified":"2016-11-25T12:57:12","modified_gmt":"2016-11-25T15:57:12","slug":"funcionarios-da-educacao-em-capelinha-tem-ate-o-dia-30-para-inscrever-em-cursos-tecnicos-do-ifnmg","status":"publish","type":"post","link":"https:\/\/aconteceunovale.com.br\/portal\/?p=102623","title":{"rendered":"Funcion\u00e1rios da Educa\u00e7\u00e3o em Capelinha t\u00eam at\u00e9 o dia 30 para inscrever em cursos t\u00e9cnicos do IFNMG"},"content":{"rendered":"<p>O Instituto Federal de Educa\u00e7\u00e3o, Ci\u00eancia e Tecnologia do Norte de Minas Gerais (IFNMG) est\u00e1 com as inscri\u00e7\u00f5es abertas para os cursos t\u00e9cnicos de Multimeios Did\u00e1ticos e de Secretaria Escolar para os funcion\u00e1rios da educa\u00e7\u00e3o \u2013 Profuncion\u00e1rios\/Bolsa Forma\u00e7\u00e3o, na modalidade a dist\u00e2ncia. Ao todo, s\u00e3o ofertadas 50 vagas, sendo 25 para cada curso. As matr\u00edculas devem ser feitas at\u00e9 o pr\u00f3ximo dia 30 de novembro, quarta-feira, pela internet, no endere\u00e7o <a href=\"http:\/\/ead.ifnmg.edu.br\/\" target=\"_blank\">http:\/\/ead.ifnmg.edu.br<\/a>.<\/p>\n<p>O processo seletivo n\u00e3o ter\u00e1 fase eliminat\u00f3ria. Todos os candidatos que tiverem inscri\u00e7\u00e3o homologada ser\u00e3o classificados o maior tempo de servi\u00e7o em dias na \u00e1rea de educa\u00e7\u00e3o p\u00fablica. Em caso de candidatos com igual tempo de servi\u00e7o, o desempate vai considerar a maior idade e a ordem de inscri\u00e7\u00e3o. <\/p>\n<p>O resultado do Processo Seletivo ser\u00e1 divulgado no pr\u00f3ximo dia 2 de dezembro, tamb\u00e9m no endere\u00e7o eletr\u00f4nico <a href=\"http:\/\/ead.ifnmg.edu.br\/\" target=\"_blank\">http:\/\/ead.ifnmg.edu.br<\/a>. As matr\u00edculas dever\u00e3o ser feitas entre o dia 8 e 15 de dezembro. As aulas s\u00e3o a dist\u00e2ncia, mas haver\u00e1 momento presencial no Polo do INFMG em Diamantina, no in\u00edcio do curso, em data a ser divulgada em breve. <\/p>\n<p><strong>Saiba mais sobre o curso Profuncion\u00e1rio <\/strong><\/p>\n<p>O Profuncion\u00e1rio \u00e9 um curso a dist\u00e2ncia que visa a forma\u00e7\u00e3o em n\u00edvel m\u00e9dio dos funcion\u00e1rios de escola que est\u00e3o em efetivo exerc\u00edcio, em uma habilita\u00e7\u00e3o compat\u00edvel com a atividade exercida na unidade educacional.  <\/p>\n<p>O curso \u00e9 composto por 16 m\u00f3dulos: seis da forma\u00e7\u00e3o pedag\u00f3gica e dez de forma\u00e7\u00e3o espec\u00edfica. Um m\u00f3dulo do programa equivale a 60 horas. Assim, tem-se 360 horas no eixo da forma\u00e7\u00e3o pedag\u00f3gica e 600 horas no eixo da forma\u00e7\u00e3o espec\u00edfica, em um total de 960 horas. Essas 960 horas dos m\u00f3dulos somam-se a 300 horas no eixo da pr\u00e1tica profissional supervisionada, totalizando 1.260 horas de curso.<\/p>\n<p>Confira nas imagens abaixo mais informa\u00e7\u00f5es sobre os cursos de Secretaria Escolar e Multimeios Did\u00e1ticos que s\u00e3o oferecidos para Capelinha. <\/p>\n<p><img decoding=\"async\" src=\"http:\/\/aconteceunovale.com.br\/portal\/wp-content\/uploads\/2016\/11\/curso_profuncionario_1.jpg\" alt=\"\" \/><\/p>\n<p><img decoding=\"async\" src=\"http:\/\/aconteceunovale.com.br\/portal\/wp-content\/uploads\/2016\/11\/curso_profuncionario_2.jpg\" alt=\"\" \/><br \/>\n<\/br><\/p>\n<p><em>(Da Secretaria Municipal de Comunica\u00e7\u00e3o Social de Capelinha)<\/em><\/p>\n","protected":false},"excerpt":{"rendered":"<p>O Instituto Federal de Educa\u00e7\u00e3o, Ci\u00eancia e Tecnologia do Norte de Minas Gerais (IFNMG) est\u00e1 com as inscri\u00e7\u00f5es abertas para os cursos t\u00e9cnicos de Multimeios Did\u00e1ticos e de Secretaria Escolar para os funcion\u00e1rios da educa\u00e7\u00e3o \u2013 Profuncion\u00e1rios\/Bolsa Forma\u00e7\u00e3o, na modalidade a dist\u00e2ncia. Ao todo, s\u00e3o ofertadas 50 vagas, sendo 25 para cada curso. As matr\u00edculas [&hellip;]<\/p>\n","protected":false},"author":1,"featured_media":102624,"comment_status":"open","ping_status":"closed","sticky":false,"template":"","format":"standard","meta":{"amp_status":"","footnotes":""},"categories":[40238,120],"tags":[132,127310,127307,198,255,65998,127306,127309,127308],"class_list":["post-102623","post","type-post","status-publish","format-standard","has-post-thumbnail","hentry","category-educacao-2","category-jequi","tag-capelinha","tag-curso-profuncionarios-capelinha","tag-cursos-tecnicos-capelinha","tag-diamantina","tag-ifnmg","tag-prefeitura-de-capelinha","tag-prefeitura-de-capelinha-e-ifnmg-anunciam-50-vagas-para-cursos-tecnicos-para-funcionarios-da-educacao","tag-profuncionarios","tag-vagas-cursos-tecnicos-capelinha"],"_links":{"self":[{"href":"https:\/\/aconteceunovale.com.br\/portal\/index.php?rest_route=\/wp\/v2\/posts\/102623","targetHints":{"allow":["GET"]}}],"collection":[{"href":"https:\/\/aconteceunovale.com.br\/portal\/index.php?rest_route=\/wp\/v2\/posts"}],"about":[{"href":"https:\/\/aconteceunovale.com.br\/portal\/index.php?rest_route=\/wp\/v2\/types\/post"}],"author":[{"embeddable":true,"href":"https:\/\/aconteceunovale.com.br\/portal\/index.php?rest_route=\/wp\/v2\/users\/1"}],"replies":[{"embeddable":true,"href":"https:\/\/aconteceunovale.com.br\/portal\/index.php?rest_route=%2Fwp%2Fv2%2Fcomments&post=102623"}],"version-history":[{"count":0,"href":"https:\/\/aconteceunovale.com.br\/portal\/index.php?rest_route=\/wp\/v2\/posts\/102623\/revisions"}],"wp:featuredmedia":[{"embeddable":true,"href":"https:\/\/aconteceunovale.com.br\/portal\/index.php?rest_route=\/wp\/v2\/media\/102624"}],"wp:attachment":[{"href":"https:\/\/aconteceunovale.com.br\/portal\/index.php?rest_route=%2Fwp%2Fv2%2Fmedia&parent=102623"}],"wp:term":[{"taxonomy":"category","embeddable":true,"href":"https:\/\/aconteceunovale.com.br\/portal\/index.php?rest_route=%2Fwp%2Fv2%2Fcategories&post=102623"},{"taxonomy":"post_tag","embeddable":true,"href":"https:\/\/aconteceunovale.com.br\/portal\/index.php?rest_route=%2Fwp%2Fv2%2Ftags&post=102623"}],"curies":[{"name":"wp","href":"https:\/\/api.w.org\/{rel}","templated":true}]}}