{"id":102600,"date":"2016-11-24T21:45:58","date_gmt":"2016-11-25T00:45:58","guid":{"rendered":"http:\/\/aconteceunovale.com.br\/portal\/?p=102600"},"modified":"2016-11-24T21:45:58","modified_gmt":"2016-11-25T00:45:58","slug":"fugitivo-da-cadeia-de-rio-pardo-de-minas-e-recapturado-ao-tentar-carona-em-rodovia","status":"publish","type":"post","link":"https:\/\/aconteceunovale.com.br\/portal\/?p=102600","title":{"rendered":"Fugitivo da cadeia de Rio Pardo de Minas \u00e9 recapturado ao tentar carona em rodovia"},"content":{"rendered":"<p>Policiais militares e um agente penitenci\u00e1rio recapturaram, na manh\u00e3 desta quinta-feira (24\/11\/2016), um homem que havia fugido da Cadeia P\u00fablica de Rio Pardo de Minas h\u00e1 dois dias. Uma den\u00fancia an\u00f4nima informou que o foragido, Deivison Oliveira Santos, tentava pegar uma carona na estrada que liga Rio Pardo \u00e0 Taiobeiras.<\/p>\n<p>Diante das informa\u00e7\u00f5es, os militares e o agente montaram uma opera\u00e7\u00e3o e foram at\u00e9 a rodovia, onde iniciaram buscas na regi\u00e3o. Deivison foi localizado e recapturado em uma fazenda na zona rural do munic\u00edpio. Ele apresentava alguns arranh\u00f5es pelo corpo e, por isso, foi levado ao Hospital T\u00e1cito de Freitas Costa, antes de ser preso; o laudo indicou que os ferimentos podem ter sido provocados durante a fuga pelo mato.<\/p>\n<p>A PM afirma tamb\u00e9m que esta \u00e9 a terceira vez que Deivison Oliveira foge da cadeia de Rio Pardo de Minas. Ele j\u00e1 foi preso por roubos e tr\u00e1fico de drogas. Ele foi novamente entregue \u00e0 delegacia da cidade e deve ser levado para a Cadeia P\u00fablica ainda nesta quinta-feira.<\/p>\n<p><img decoding=\"async\" src=\"http:\/\/aconteceunovale.com.br\/portal\/wp-content\/uploads\/2016\/11\/fugitivo_rpm.jpg\" alt=\"\" \/><em>Fugitivo foi recapturado pela pol\u00edcia com ajuda de agente penitenci\u00e1rio (Foto: PM\/Divulga\u00e7\u00e3o)<\/em><br \/>\n<\/br><\/p>\n<p><em>(Fonte: G1 Grande Minas)<\/em><\/p>\n","protected":false},"excerpt":{"rendered":"<p>Policiais militares e um agente penitenci\u00e1rio recapturaram, na manh\u00e3 desta quinta-feira (24\/11\/2016), um homem que havia fugido da Cadeia P\u00fablica de Rio Pardo de Minas h\u00e1 dois dias. Uma den\u00fancia an\u00f4nima informou que o foragido, Deivison Oliveira Santos, tentava pegar uma carona na estrada que liga Rio Pardo \u00e0 Taiobeiras. Diante das informa\u00e7\u00f5es, os militares [&hellip;]<\/p>\n","protected":false},"author":1,"featured_media":102601,"comment_status":"open","ping_status":"closed","sticky":false,"template":"","format":"standard","meta":{"amp_status":"","footnotes":""},"categories":[1236],"tags":[127248,127254,127250,127253,127251,127255,127249,127252,421],"class_list":["post-102600","post","type-post","status-publish","format-standard","has-post-thumbnail","hentry","category-norte_de_minas","tag-cadeia-publica-de-rio-pardo-de-minas","tag-deivison-oliveira-santos","tag-foragido-da-cadeia-publica-de-rio-pardo-de-minas","tag-foragido-de-rio-pardo-de-minas","tag-fuga-da-cadeia-publica-de-rio-pardo-de-minas","tag-fugitivo-da-cadeia-de-rio-pardo-de-minas-e-recapturado-ao-tentar-carona-em-rodovia","tag-fugitivo-da-cadeia-publica-de-rio-pardo-de-minas","tag-fugitivo-rio-pardo-de-minas","tag-rio-pardo-de-minas"],"_links":{"self":[{"href":"https:\/\/aconteceunovale.com.br\/portal\/index.php?rest_route=\/wp\/v2\/posts\/102600","targetHints":{"allow":["GET"]}}],"collection":[{"href":"https:\/\/aconteceunovale.com.br\/portal\/index.php?rest_route=\/wp\/v2\/posts"}],"about":[{"href":"https:\/\/aconteceunovale.com.br\/portal\/index.php?rest_route=\/wp\/v2\/types\/post"}],"author":[{"embeddable":true,"href":"https:\/\/aconteceunovale.com.br\/portal\/index.php?rest_route=\/wp\/v2\/users\/1"}],"replies":[{"embeddable":true,"href":"https:\/\/aconteceunovale.com.br\/portal\/index.php?rest_route=%2Fwp%2Fv2%2Fcomments&post=102600"}],"version-history":[{"count":0,"href":"https:\/\/aconteceunovale.com.br\/portal\/index.php?rest_route=\/wp\/v2\/posts\/102600\/revisions"}],"wp:featuredmedia":[{"embeddable":true,"href":"https:\/\/aconteceunovale.com.br\/portal\/index.php?rest_route=\/wp\/v2\/media\/102601"}],"wp:attachment":[{"href":"https:\/\/aconteceunovale.com.br\/portal\/index.php?rest_route=%2Fwp%2Fv2%2Fmedia&parent=102600"}],"wp:term":[{"taxonomy":"category","embeddable":true,"href":"https:\/\/aconteceunovale.com.br\/portal\/index.php?rest_route=%2Fwp%2Fv2%2Fcategories&post=102600"},{"taxonomy":"post_tag","embeddable":true,"href":"https:\/\/aconteceunovale.com.br\/portal\/index.php?rest_route=%2Fwp%2Fv2%2Ftags&post=102600"}],"curies":[{"name":"wp","href":"https:\/\/api.w.org\/{rel}","templated":true}]}}