{"id":102593,"date":"2016-11-24T21:32:34","date_gmt":"2016-11-25T00:32:34","guid":{"rendered":"http:\/\/aconteceunovale.com.br\/portal\/?p=102593"},"modified":"2016-11-24T21:32:34","modified_gmt":"2016-11-25T00:32:34","slug":"carreta-tomba-no-norte-de-minas-e-incendio-destroi-carga-de-moveis","status":"publish","type":"post","link":"https:\/\/aconteceunovale.com.br\/portal\/?p=102593","title":{"rendered":"Carreta tomba no Norte de Minas e inc\u00eandio destr\u00f3i carga de m\u00f3veis"},"content":{"rendered":"<p>Uma carga de m\u00f3veis foi totalmente consumida por um inc\u00eandio na madrugada desta quinta-feira, 24 de novembro de 2016, na BR-251, munic\u00edpio de Salinas, na regi\u00e3o Norte de Minas Gerais. Militares do Corpo de Bombeiros de Montes Claros atenderam a ocorr\u00eancia e trabalharam no combate \u00e0s chamas at\u00e9 o fim da manh\u00e3. <\/p>\n<p>De acordo com os bombeiros, o inc\u00eandio iniciou ap\u00f3s uma carreta tombar na pista. Foram gastos, aproximadamente, 25 mil litros de \u00e1gua e quatro gal\u00f5es de liquido gerador de espuma. Com aux\u00edlio de uma p\u00e1 carregadeira, a carga foi revirada para que o inc\u00eandio fosse totalmente extinto.<\/p>\n<p>Ap\u00f3s a extin\u00e7\u00e3o das chamas, foi feito rescaldo e limpeza da pista, que foi deixada sob responsabilidade da Pol\u00edcia Rodovi\u00e1ria Federal (PRF). A rodovia ficou interditada nos dois sentidos durante a ocorr\u00eancia.<\/p>\n<p>As causas do inc\u00eandio ainda s\u00e3o desconhecidas. Os militares informaram ainda que n\u00e3o tiveram contato com o motorista, mas testemunhas disseram que o condutor n\u00e3o teve ferimentos graves.<\/p>\n<p><img decoding=\"async\" src=\"http:\/\/aconteceunovale.com.br\/portal\/wp-content\/uploads\/2016\/11\/incendio_caminhao_carreta_1.jpg\" alt=\"\" \/><em>Carga foi consumida pelas chamas (Foto: Corpo de Bombeiros\/Divulga\u00e7\u00e3o)<\/em><br \/>\n<\/br><\/p>\n<p><img decoding=\"async\" src=\"http:\/\/aconteceunovale.com.br\/portal\/wp-content\/uploads\/2016\/11\/incendio_caminhao_carreta_2.jpg\" alt=\"\" \/><em>Carga foi consumida pelas chamas (Foto: Corpo de Bombeiros\/Divulga\u00e7\u00e3o)<\/em><br \/>\n<\/br><\/p>\n<p><img decoding=\"async\" src=\"http:\/\/aconteceunovale.com.br\/portal\/wp-content\/uploads\/2016\/11\/incendio_caminhao_carreta_3.jpg\" alt=\"\" \/><em>Carga foi consumida pelas chamas (Foto: Corpo de Bombeiros\/Divulga\u00e7\u00e3o)<\/em><br \/>\n<\/br><\/p>\n<p><img decoding=\"async\" src=\"http:\/\/aconteceunovale.com.br\/portal\/wp-content\/uploads\/2016\/11\/incendio_caminhao_carreta_4.jpg\" alt=\"\" \/><em>Carga foi consumida pelas chamas (Foto: Corpo de Bombeiros\/Divulga\u00e7\u00e3o)<\/em><br \/>\n<\/br><\/p>\n<p><img decoding=\"async\" src=\"http:\/\/aconteceunovale.com.br\/portal\/wp-content\/uploads\/2016\/11\/incendio_caminhao_carreta_5.jpg\" alt=\"\" \/><em>Carga foi consumida pelas chamas (Foto: Corpo de Bombeiros\/Divulga\u00e7\u00e3o)<\/em><\/p>\n","protected":false},"excerpt":{"rendered":"<p>Uma carga de m\u00f3veis foi totalmente consumida por um inc\u00eandio na madrugada desta quinta-feira, 24 de novembro de 2016, na BR-251, munic\u00edpio de Salinas, na regi\u00e3o Norte de Minas Gerais. Militares do Corpo de Bombeiros de Montes Claros atenderam a ocorr\u00eancia e trabalharam no combate \u00e0s chamas at\u00e9 o fim da manh\u00e3. De acordo com [&hellip;]<\/p>\n","protected":false},"author":1,"featured_media":102597,"comment_status":"open","ping_status":"closed","sticky":false,"template":"","format":"standard","meta":{"amp_status":"","footnotes":""},"categories":[1236],"tags":[97212,127247,127240,1018,127245,127241,127243,127242,127244,127246],"class_list":["post-102593","post","type-post","status-publish","format-standard","has-post-thumbnail","hentry","category-norte_de_minas","tag-acidente-br-251","tag-acidente-salinas","tag-carreta-tomba-no-norte-de-minas-e-incendio-destroi-carga-de-moveis","tag-destaque","tag-incendio-br-251","tag-incendio-carga-de-moveis","tag-incendio-carga-de-moveis-em-salinas","tag-incendio-carga-de-moveis-na-br-251","tag-incendio-carga-de-moveis-no-norte-de-minas","tag-incendio-salinas"],"_links":{"self":[{"href":"https:\/\/aconteceunovale.com.br\/portal\/index.php?rest_route=\/wp\/v2\/posts\/102593","targetHints":{"allow":["GET"]}}],"collection":[{"href":"https:\/\/aconteceunovale.com.br\/portal\/index.php?rest_route=\/wp\/v2\/posts"}],"about":[{"href":"https:\/\/aconteceunovale.com.br\/portal\/index.php?rest_route=\/wp\/v2\/types\/post"}],"author":[{"embeddable":true,"href":"https:\/\/aconteceunovale.com.br\/portal\/index.php?rest_route=\/wp\/v2\/users\/1"}],"replies":[{"embeddable":true,"href":"https:\/\/aconteceunovale.com.br\/portal\/index.php?rest_route=%2Fwp%2Fv2%2Fcomments&post=102593"}],"version-history":[{"count":0,"href":"https:\/\/aconteceunovale.com.br\/portal\/index.php?rest_route=\/wp\/v2\/posts\/102593\/revisions"}],"wp:featuredmedia":[{"embeddable":true,"href":"https:\/\/aconteceunovale.com.br\/portal\/index.php?rest_route=\/wp\/v2\/media\/102597"}],"wp:attachment":[{"href":"https:\/\/aconteceunovale.com.br\/portal\/index.php?rest_route=%2Fwp%2Fv2%2Fmedia&parent=102593"}],"wp:term":[{"taxonomy":"category","embeddable":true,"href":"https:\/\/aconteceunovale.com.br\/portal\/index.php?rest_route=%2Fwp%2Fv2%2Fcategories&post=102593"},{"taxonomy":"post_tag","embeddable":true,"href":"https:\/\/aconteceunovale.com.br\/portal\/index.php?rest_route=%2Fwp%2Fv2%2Ftags&post=102593"}],"curies":[{"name":"wp","href":"https:\/\/api.w.org\/{rel}","templated":true}]}}