{"id":102575,"date":"2016-11-24T12:32:31","date_gmt":"2016-11-24T15:32:31","guid":{"rendered":"http:\/\/aconteceunovale.com.br\/portal\/?p=102575"},"modified":"2016-11-24T12:32:31","modified_gmt":"2016-11-24T15:32:31","slug":"papa-diz-que-segredo-de-viver-bem-aos-80-anos-e-rezar-e-dormir","status":"publish","type":"post","link":"https:\/\/aconteceunovale.com.br\/portal\/?p=102575","title":{"rendered":"Papa diz que segredo de viver bem aos 80 anos \u00e9 &#8220;rezar e dormir&#8221;"},"content":{"rendered":"<p>O segredo para continuar cheio de energia aos quase 80 anos de idade \u00e9 &#8220;rezar&#8221; e &#8220;dormir bem&#8221;, disse o papa Francisco durante uma entrevista para a emissora de televis\u00e3o italiana\u00a0<em>Tv2000<\/em>. &#8220;N\u00e3o sei como eu fa\u00e7o, mas eu rezo e isso me ajuda muito. A ora\u00e7\u00e3o \u00e9 uma ajuda para mim, \u00e9 estar com o Senhor. Eu celebro as missas, rezo o Brevi\u00e1rio, falo com o Senhor e rezo o Ros\u00e1rio. E depois, eu tamb\u00e9m durmo bem. Isso \u00e9 uma gra\u00e7a do Senhor, eu durmo como uma pedra&#8221;, segredou o Pont\u00edfice.<\/p>\n<p>Ele afirmou que \u00e0s vezes pode ficar cansado, mas nunca &#8220;estressado&#8221; ou &#8220;deprimido&#8221;. Na entrevista, o papa tamb\u00e9m disse que ter um bom &#8220;senso de humor&#8221; tamb\u00e9m ajuda. &#8220;O senso de humor \u00e9 uma gra\u00e7a que pe\u00e7o todos os dias. [Ele] te alivia, te faz ver o provis\u00f3rio da vida e lidar com as coisas com um esp\u00edrito de alma redimida, \u00e9 uma atividade humana, mas \u00e9 a mais pr\u00f3xima de Deus&#8221;, comentou.<\/p>\n<p><strong>Senso de humor<\/strong><\/p>\n<p>&#8220;Eu conheci um padre, um grande sacerdote e pastor, para citar apenas um, que tinha um grande senso de humor e era t\u00e3o bom [no que fazia] tamb\u00e9m por causa disso: porque relativizava as coisas. Dizia-se dele que era capaz de rir com os outros, de si mesmo e at\u00e9 mesmo da sua pr\u00f3pria sombra&#8221;, contou Francisco.<\/p>\n<p>Al\u00e9m disso, o religioso argentino tamb\u00e9m explicou por que acha pior &#8220;a falsa admira\u00e7\u00e3o de bajuladores&#8221; que &#8220;suportar os insultos dos seus caluniadores&#8221;. &#8220;Eu tenho alergia dos bajuladores, alergia. Mas isso me vem naturalmente, sabe? N\u00e3o \u00e9 uma virtude. Bajular o outro \u00e9 usar uma pessoa para um fim, escondido ou aparente, mas para obter alguma coisa para si mesmo. E tamb\u00e9m \u00e9 indigno&#8221;, explicou o papa.<\/p>\n<p>&#8220;N\u00f3s, em Buenos Aires, temos uma express\u00e3o portenha, [na qual] chamamos os bajuladores de &#8216;lambe-cal\u00e7as&#8217;, e a imagem \u00e9 realmente essa: a de algu\u00e9m que lambe as cal\u00e7as de outro&#8221;, concluiu Francisco.<\/p>\n<p><img decoding=\"async\" src=\"http:\/\/aconteceunovale.com.br\/portal\/wp-content\/uploads\/2015\/05\/papa_francisco.jpg\" alt=\"\" \/><em>Papa diz que segredo de viver bem aos 80 anos \u00e9 &#8220;rezar e dormir&#8221; (Divulga\u00e7\u00e3o)<\/em><br \/>\n<\/br><\/p>\n<p><em>(Fonte: Ag\u00eancia Ansa)<\/em><\/p>\n","protected":false},"excerpt":{"rendered":"<p>O segredo para continuar cheio de energia aos quase 80 anos de idade \u00e9 &#8220;rezar&#8221; e &#8220;dormir bem&#8221;, disse o papa Francisco durante uma entrevista para a emissora de televis\u00e3o italiana\u00a0Tv2000. &#8220;N\u00e3o sei como eu fa\u00e7o, mas eu rezo e isso me ajuda muito. A ora\u00e7\u00e3o \u00e9 uma ajuda para mim, \u00e9 estar com o [&hellip;]<\/p>\n","protected":false},"author":1,"featured_media":59841,"comment_status":"open","ping_status":"closed","sticky":false,"template":"","format":"standard","meta":{"amp_status":"","footnotes":""},"categories":[28848],"tags":[66413,63088,127213,127209,127211,127210,127212],"class_list":["post-102575","post","type-post","status-publish","format-standard","has-post-thumbnail","hentry","category-mundo","tag-entrevista","tag-papa","tag-papa-diz-que-segredo-de-viver-bem-aos-80-anos-e-rezar-e-dormir","tag-receita-para-viver-bem","tag-segredo-de-viver-bem-aos-80-anos","tag-segredo-para-continuar-cheio-de-energia-aos-quase-80-anos-de-idade","tag-viver-bem-aos-80-anos"],"_links":{"self":[{"href":"https:\/\/aconteceunovale.com.br\/portal\/index.php?rest_route=\/wp\/v2\/posts\/102575","targetHints":{"allow":["GET"]}}],"collection":[{"href":"https:\/\/aconteceunovale.com.br\/portal\/index.php?rest_route=\/wp\/v2\/posts"}],"about":[{"href":"https:\/\/aconteceunovale.com.br\/portal\/index.php?rest_route=\/wp\/v2\/types\/post"}],"author":[{"embeddable":true,"href":"https:\/\/aconteceunovale.com.br\/portal\/index.php?rest_route=\/wp\/v2\/users\/1"}],"replies":[{"embeddable":true,"href":"https:\/\/aconteceunovale.com.br\/portal\/index.php?rest_route=%2Fwp%2Fv2%2Fcomments&post=102575"}],"version-history":[{"count":0,"href":"https:\/\/aconteceunovale.com.br\/portal\/index.php?rest_route=\/wp\/v2\/posts\/102575\/revisions"}],"wp:featuredmedia":[{"embeddable":true,"href":"https:\/\/aconteceunovale.com.br\/portal\/index.php?rest_route=\/wp\/v2\/media\/59841"}],"wp:attachment":[{"href":"https:\/\/aconteceunovale.com.br\/portal\/index.php?rest_route=%2Fwp%2Fv2%2Fmedia&parent=102575"}],"wp:term":[{"taxonomy":"category","embeddable":true,"href":"https:\/\/aconteceunovale.com.br\/portal\/index.php?rest_route=%2Fwp%2Fv2%2Fcategories&post=102575"},{"taxonomy":"post_tag","embeddable":true,"href":"https:\/\/aconteceunovale.com.br\/portal\/index.php?rest_route=%2Fwp%2Fv2%2Ftags&post=102575"}],"curies":[{"name":"wp","href":"https:\/\/api.w.org\/{rel}","templated":true}]}}