{"id":102572,"date":"2016-11-24T11:55:49","date_gmt":"2016-11-24T14:55:49","guid":{"rendered":"http:\/\/aconteceunovale.com.br\/portal\/?p=102572"},"modified":"2016-11-24T11:55:49","modified_gmt":"2016-11-24T14:55:49","slug":"policia-civil-trabalha-para-identificar-corpo-encontrado-em-abismo-no-municipio-de-carai","status":"publish","type":"post","link":"https:\/\/aconteceunovale.com.br\/portal\/?p=102572","title":{"rendered":"Pol\u00edcia Civil trabalha para identificar corpo encontrado em abismo no munic\u00edpio de Cara\u00ed"},"content":{"rendered":"<p>Um corpo de mulher, ainda n\u00e3o identificado, foi encontrado em um abismo ao lado da estrada vicinal que liga Cara\u00ed ao C\u00f3rrego dos Quart\u00e9is, na regi\u00e3o do Vale do Jequitinhonha, no dia 18 de novembro.  O corpo estava sem roupas e amorda\u00e7ado. A v\u00edtima aparenta ter entre 18 e 25 anos e cabelos castanhos com mechas loiras.<\/p>\n<p>O corpo j\u00e1 estava em avan\u00e7ado estado de decomposi\u00e7\u00e3o e, por isso, n\u00e3o foi poss\u00edvel o reconhecimento da v\u00edtima, nem a determina\u00e7\u00e3o da causa da morte. Os exames periciais ainda revelaram que a morte teria ocorrido at\u00e9 48 horas antes de o cad\u00e1ver ser encontrado<\/p>\n<p>O delegado Arthur Sim\u00f5es, respons\u00e1vel pelo caso, destaca \u201cas investiga\u00e7\u00f5es est\u00e3o em andamento, estamos ouvindo testemunhas e o trabalho deve ser finalizado em breve\u201d.  <\/p>\n<p><strong>Remo\u00e7\u00e3o do corpo<\/strong><\/p>\n<p>Devido ao local de dif\u00edcil acesso em que o corpo foi encontrado e, como, na data em que o mesmo foi encontrado estava em per\u00edodo de chuvas fortes naquela regi\u00e3o, foi necess\u00e1rio utiliza\u00e7\u00e3o de ve\u00edculo tra\u00e7ado da Prefeitura para deslocamento at\u00e9 o ponto de retirada. A equipe respons\u00e1vel pelo resgate utilizou-se de um rapel para fazer a retirada do corpo do abismo.<\/p>\n<p><strong>Reconhecimento <\/strong><\/p>\n<p>Apesar da dificuldade em se chegar \u00e0 identifica\u00e7\u00e3o da v\u00edtima, a equipe da Pol\u00edcia Civil na cidade realizou uma ampla pesquisa e chegou a uma suposta identidade. A busca se estendeu por perfis de todo o estado, principalmente, porque n\u00e3o h\u00e1 relato de pessoas desaparecidas com essas caracter\u00edsticas na regi\u00e3o de Cara\u00ed.<\/p>\n<p>A fam\u00edlia da mulher desaparecida em Belo Horizonte, em 14 de novembro, j\u00e1 foi localizada e comunicada. Familiares doaram material gen\u00e9tico para compara\u00e7\u00e3o e, tamb\u00e9m foi coletado material da v\u00edtima para auxiliar no reconhecimento por exame de DNA. Os exames seguem em andamento no Instituto de Criminal\u00edstica de Belo Horizonte.<\/p>\n<p><img decoding=\"async\" src=\"http:\/\/aconteceunovale.com.br\/portal\/wp-content\/uploads\/2016\/11\/homicidio_carai_1.jpg\" alt=\"\" \/><em>Corpo foi encontrado na zona rural de Cara\u00ed (Foto: Cedida por Francisco Couy)<\/em><br \/>\n<\/br><\/p>\n<p><em>(Com informa\u00e7\u00f5es da PCMG)<\/em><\/p>\n","protected":false},"excerpt":{"rendered":"<p>Um corpo de mulher, ainda n\u00e3o identificado, foi encontrado em um abismo ao lado da estrada vicinal que liga Cara\u00ed ao C\u00f3rrego dos Quart\u00e9is, na regi\u00e3o do Vale do Jequitinhonha, no dia 18 de novembro. O corpo estava sem roupas e amorda\u00e7ado. A v\u00edtima aparenta ter entre 18 e 25 anos e cabelos castanhos com [&hellip;]<\/p>\n","protected":false},"author":1,"featured_media":102257,"comment_status":"open","ping_status":"closed","sticky":false,"template":"","format":"standard","meta":{"amp_status":"","footnotes":""},"categories":[120],"tags":[81377,194,490,126684,126685,126688,126689,78659,126686,247,19432,35667,126687,127208,164,126690],"class_list":["post-102572","post","type-post","status-publish","format-standard","has-post-thumbnail","hentry","category-jequi","tag-assassinato-carai","tag-belo-horizonte","tag-carai","tag-claudia-costa-de-oliveira-souza","tag-corpo-de-mulher-encontrado-na-zona-rural-de-carai-ainda-nao-foi-identificado","tag-corpo-encontrado-em-carai","tag-crime-mobiliza-grande-efetivo-do-iml-de-teofilo-otoni","tag-desaparecida-em-belo-horizonte","tag-feminicidio-carai","tag-governador-valadares","tag-iml-de-teofilo-otoni","tag-morte-em-carai","tag-mulher-morta-em-carai","tag-policia-civil-trabalha-para-identificar-corpo-encontrado-em-abismo-no-municipio-de-carai","tag-teofilo-otoni","tag-trabalho-do-iml-de-teofilo-otoni"],"_links":{"self":[{"href":"https:\/\/aconteceunovale.com.br\/portal\/index.php?rest_route=\/wp\/v2\/posts\/102572","targetHints":{"allow":["GET"]}}],"collection":[{"href":"https:\/\/aconteceunovale.com.br\/portal\/index.php?rest_route=\/wp\/v2\/posts"}],"about":[{"href":"https:\/\/aconteceunovale.com.br\/portal\/index.php?rest_route=\/wp\/v2\/types\/post"}],"author":[{"embeddable":true,"href":"https:\/\/aconteceunovale.com.br\/portal\/index.php?rest_route=\/wp\/v2\/users\/1"}],"replies":[{"embeddable":true,"href":"https:\/\/aconteceunovale.com.br\/portal\/index.php?rest_route=%2Fwp%2Fv2%2Fcomments&post=102572"}],"version-history":[{"count":0,"href":"https:\/\/aconteceunovale.com.br\/portal\/index.php?rest_route=\/wp\/v2\/posts\/102572\/revisions"}],"wp:featuredmedia":[{"embeddable":true,"href":"https:\/\/aconteceunovale.com.br\/portal\/index.php?rest_route=\/wp\/v2\/media\/102257"}],"wp:attachment":[{"href":"https:\/\/aconteceunovale.com.br\/portal\/index.php?rest_route=%2Fwp%2Fv2%2Fmedia&parent=102572"}],"wp:term":[{"taxonomy":"category","embeddable":true,"href":"https:\/\/aconteceunovale.com.br\/portal\/index.php?rest_route=%2Fwp%2Fv2%2Fcategories&post=102572"},{"taxonomy":"post_tag","embeddable":true,"href":"https:\/\/aconteceunovale.com.br\/portal\/index.php?rest_route=%2Fwp%2Fv2%2Ftags&post=102572"}],"curies":[{"name":"wp","href":"https:\/\/api.w.org\/{rel}","templated":true}]}}