{"id":102550,"date":"2016-11-23T20:49:55","date_gmt":"2016-11-23T23:49:55","guid":{"rendered":"http:\/\/aconteceunovale.com.br\/portal\/?p=102550"},"modified":"2016-11-23T20:49:55","modified_gmt":"2016-11-23T23:49:55","slug":"cinco-pessoas-morrem-em-acidente-entre-carro-e-onibus-na-br-381","status":"publish","type":"post","link":"https:\/\/aconteceunovale.com.br\/portal\/?p=102550","title":{"rendered":"Cinco pessoas morrem em acidente entre carro e \u00f4nibus na BR-381"},"content":{"rendered":"<p>Uma batida frontal entre um \u00f4nibus e um ve\u00edculo de passeio deixou cinco pessoas mortas e uma ferida, no munic\u00edpio Bela Vista de Minas, na regi\u00e3o central do Estado, no come\u00e7o da noite desta quarta-feira (23\/11\/2016). De acordo com a Pol\u00edcia Rodovi\u00e1ria Federal (PRF), as cinco v\u00edtimas fatais estavam no carro. O motorista do \u00f4nibus ficou ferido e precisou receber atendimento m\u00e9dico.<\/p>\n<p>A colis\u00e3o ocorreu por volta de 19h45, na altura do quil\u00f4metro 337 da BR-381. Chovia no momento do acidente. O Renault Duster vermelho, licenciado em Belo Horizonte, seguia em dire\u00e7\u00e3o a capital, quando, segundo testemunhas, o motorista perdeu o controle da dire\u00e7\u00e3o, invadiu a pista contr\u00e1ria e bateu de frente contra o \u00f4nibus.<\/p>\n<p>O ve\u00edculo coletivo, da via\u00e7\u00e3o Presidente, fazia o trajeto Belo Horizonte\/Ipatinga. Segundo o patrulheiro da PRF, Felipe Pereira, meia pista permanece fechada. A PRF aguarda a per\u00edcia para identificar as v\u00edtimas. Chovia no momento do acidente.<\/p>\n<p><img decoding=\"async\" src=\"http:\/\/aconteceunovale.com.br\/portal\/wp-content\/uploads\/2016\/11\/acidente_presidente_bus_duster_1.jpg\" alt=\"\" \/><em>Acidente aconteceu no km 337 da BR-381 (Foto: Reprodu\u00e7\u00e3o\/WhatsApp)<\/em><br \/>\n<\/br><\/p>\n<p><em>(Com informa\u00e7\u00f5es de O Tempo Online)<\/em><\/p>\n","protected":false},"excerpt":{"rendered":"<p>Uma batida frontal entre um \u00f4nibus e um ve\u00edculo de passeio deixou cinco pessoas mortas e uma ferida, no munic\u00edpio Bela Vista de Minas, na regi\u00e3o central do Estado, no come\u00e7o da noite desta quarta-feira (23\/11\/2016). De acordo com a Pol\u00edcia Rodovi\u00e1ria Federal (PRF), as cinco v\u00edtimas fatais estavam no carro. O motorista do \u00f4nibus [&hellip;]<\/p>\n","protected":false},"author":1,"featured_media":102551,"comment_status":"open","ping_status":"closed","sticky":false,"template":"","format":"standard","meta":{"amp_status":"","footnotes":""},"categories":[123],"tags":[74823,127173,70342,127174,127167,127172,127171,127169,1726,1397,127166,127175,127168,66882,127170],"class_list":["post-102550","post","type-post","status-publish","format-standard","has-post-thumbnail","hentry","category-gerais","tag-acidente-br-381","tag-acidente-duster-de-bh","tag-acidente-em-bela-vista-de-minas","tag-acidente-entre-carro-e-onibus-em-bela-vista-de-minas","tag-acidente-entre-carro-e-onibus-na-br-381","tag-acidente-onibus-presidente","tag-acidente-onibus-presidente-na-br-381","tag-batida-entre-carro-e-onibus-na-br-381","tag-bela-vista-de-minas","tag-br-381","tag-cinco-pessoas-morrem-em-acidente-entre-carro-e-onibus-na-br-381","tag-colisao-entre-carro-e-onibus-deixa-cinco-mortos-na-br-381","tag-colisao-entre-carro-e-onibus-na-br-381","tag-presidente","tag-viacao-presidente"],"_links":{"self":[{"href":"https:\/\/aconteceunovale.com.br\/portal\/index.php?rest_route=\/wp\/v2\/posts\/102550","targetHints":{"allow":["GET"]}}],"collection":[{"href":"https:\/\/aconteceunovale.com.br\/portal\/index.php?rest_route=\/wp\/v2\/posts"}],"about":[{"href":"https:\/\/aconteceunovale.com.br\/portal\/index.php?rest_route=\/wp\/v2\/types\/post"}],"author":[{"embeddable":true,"href":"https:\/\/aconteceunovale.com.br\/portal\/index.php?rest_route=\/wp\/v2\/users\/1"}],"replies":[{"embeddable":true,"href":"https:\/\/aconteceunovale.com.br\/portal\/index.php?rest_route=%2Fwp%2Fv2%2Fcomments&post=102550"}],"version-history":[{"count":0,"href":"https:\/\/aconteceunovale.com.br\/portal\/index.php?rest_route=\/wp\/v2\/posts\/102550\/revisions"}],"wp:featuredmedia":[{"embeddable":true,"href":"https:\/\/aconteceunovale.com.br\/portal\/index.php?rest_route=\/wp\/v2\/media\/102551"}],"wp:attachment":[{"href":"https:\/\/aconteceunovale.com.br\/portal\/index.php?rest_route=%2Fwp%2Fv2%2Fmedia&parent=102550"}],"wp:term":[{"taxonomy":"category","embeddable":true,"href":"https:\/\/aconteceunovale.com.br\/portal\/index.php?rest_route=%2Fwp%2Fv2%2Fcategories&post=102550"},{"taxonomy":"post_tag","embeddable":true,"href":"https:\/\/aconteceunovale.com.br\/portal\/index.php?rest_route=%2Fwp%2Fv2%2Ftags&post=102550"}],"curies":[{"name":"wp","href":"https:\/\/api.w.org\/{rel}","templated":true}]}}