{"id":102542,"date":"2016-11-23T20:17:44","date_gmt":"2016-11-23T23:17:44","guid":{"rendered":"http:\/\/aconteceunovale.com.br\/portal\/?p=102542"},"modified":"2016-11-23T20:17:44","modified_gmt":"2016-11-23T23:17:44","slug":"incendio-em-convento-de-belo-horizonte-provoca-morte-de-freira","status":"publish","type":"post","link":"https:\/\/aconteceunovale.com.br\/portal\/?p=102542","title":{"rendered":"Inc\u00eandio em convento de Belo Horizonte provoca morte de freira"},"content":{"rendered":"<p>Um inc\u00eandio na madrugada desta quarta-feira (23\/11\/2016) no Convento S\u00e3o Francisco, em Belo Horizonte, provocou a morte de uma freira de 82 anos. O fogo atingiu os dormit\u00f3rios, onde estava a irm\u00e3 Val\u00e9ria Carvalho. Ela teve o corpo carbonizado. De acordo com o Hospital Madre Tereza, localizado pr\u00f3ximo ao local, outras quatro freiras deram entrada na unidade e est\u00e3o em observa\u00e7\u00e3o. Elas apresentam quadro cl\u00ednico est\u00e1vel.<\/p>\n<p>Duas dessas quatro irm\u00e3s foram encaminhadas ao hospital por meio do Servi\u00e7o de Atendimento M\u00f3vel de Urg\u00eancia (Samu). Segundo a Secretaria de Sa\u00fade da capital mineira, uma delas tem 86 anos e teve queimadura de segundo grau na regi\u00e3o frontal e nas m\u00e3os. A outra, de 55 anos, apresentou escoria\u00e7\u00f5es no nariz e hematoma frontal.<\/p>\n<p><img decoding=\"async\" src=\"http:\/\/aconteceunovale.com.br\/portal\/wp-content\/uploads\/2016\/11\/incendio_convento_bh.jpg\" alt=\"\" \/><em>Inc\u00eandio atingiu Convento S\u00e3o Francisco (Foto: Divulga\u00e7\u00e3o\/Corpo de Bombeiros)<\/em><br \/>\n<\/br><\/p>\n<p>O convento, vinculado \u00e0 rede Clarissas Franciscanas, fica localizado em um casar\u00e3o antigo no bairro Cai\u00e7ara, na zona noroeste da capital mineira. O im\u00f3vel ficou parcialmente destru\u00eddo. De acordo com a Defesa Civil, ainda h\u00e1 riscos de desabamento de uma das lajes e de queda de reboco. As causas do inc\u00eandio s\u00e3o desconhecidas e est\u00e3o sendo investigadas pela Pol\u00edcia Civil. O laudo pericial deve ser conclu\u00eddo em 30 dias.<\/p>\n<p>Segundo o Corpo de Bombeiros, uma chamada avisando do inc\u00eandio foi recebida \u00e0s 5h10. Foram deslocadas para o local quatro viaturas. Por meio das redes sociais, os bombeiros divulgaram um v\u00eddeo das chamas. Ao menos 50 pessoas passavam a noite nos dormit\u00f3rios atingidos, que ocupam dois andares. A parte superior foi a mais comprometida. O fogo foi controlado no in\u00edcio da manh\u00e3.<\/p>\n<p><iframe loading=\"lazy\" width=\"640\" height=\"360\" src=\"https:\/\/www.youtube.com\/embed\/5se1lw78hMQ\" frameborder=\"0\" allowfullscreen><\/iframe><br \/>\n<\/br><\/p>\n<p><em>(Fonte: Ag\u00eancia Brasil)<\/em><\/p>\n","protected":false},"excerpt":{"rendered":"<p>Um inc\u00eandio na madrugada desta quarta-feira (23\/11\/2016) no Convento S\u00e3o Francisco, em Belo Horizonte, provocou a morte de uma freira de 82 anos. O fogo atingiu os dormit\u00f3rios, onde estava a irm\u00e3 Val\u00e9ria Carvalho. Ela teve o corpo carbonizado. De acordo com o Hospital Madre Tereza, localizado pr\u00f3ximo ao local, outras quatro freiras deram entrada [&hellip;]<\/p>\n","protected":false},"author":1,"featured_media":102543,"comment_status":"open","ping_status":"closed","sticky":false,"template":"","format":"standard","meta":{"amp_status":"","footnotes":""},"categories":[123],"tags":[194,127149,127150,127140,1018,695,127144,127145,127151,127141,127148,127142,127146,127143,127147],"class_list":["post-102542","post","type-post","status-publish","format-standard","has-post-thumbnail","hentry","category-gerais","tag-belo-horizonte","tag-clarissas-franciscanas","tag-convento","tag-convento-sao-francisco","tag-destaque","tag-incendio","tag-incendio-belo-horizonte","tag-incendio-convento-de-belo-horizonte","tag-incendio-em-convento-de-belo-horizonte-provoca-morte-de-freira","tag-incendio-no-convento-sao-francisco","tag-irma-valeria-carvalho","tag-morte-de-freira-no-convento-sao-francisco","tag-morte-em-convento-de-belo-horizonte","tag-morte-no-convento-sao-francisco","tag-valeria-carvalho"],"_links":{"self":[{"href":"https:\/\/aconteceunovale.com.br\/portal\/index.php?rest_route=\/wp\/v2\/posts\/102542","targetHints":{"allow":["GET"]}}],"collection":[{"href":"https:\/\/aconteceunovale.com.br\/portal\/index.php?rest_route=\/wp\/v2\/posts"}],"about":[{"href":"https:\/\/aconteceunovale.com.br\/portal\/index.php?rest_route=\/wp\/v2\/types\/post"}],"author":[{"embeddable":true,"href":"https:\/\/aconteceunovale.com.br\/portal\/index.php?rest_route=\/wp\/v2\/users\/1"}],"replies":[{"embeddable":true,"href":"https:\/\/aconteceunovale.com.br\/portal\/index.php?rest_route=%2Fwp%2Fv2%2Fcomments&post=102542"}],"version-history":[{"count":0,"href":"https:\/\/aconteceunovale.com.br\/portal\/index.php?rest_route=\/wp\/v2\/posts\/102542\/revisions"}],"wp:featuredmedia":[{"embeddable":true,"href":"https:\/\/aconteceunovale.com.br\/portal\/index.php?rest_route=\/wp\/v2\/media\/102543"}],"wp:attachment":[{"href":"https:\/\/aconteceunovale.com.br\/portal\/index.php?rest_route=%2Fwp%2Fv2%2Fmedia&parent=102542"}],"wp:term":[{"taxonomy":"category","embeddable":true,"href":"https:\/\/aconteceunovale.com.br\/portal\/index.php?rest_route=%2Fwp%2Fv2%2Fcategories&post=102542"},{"taxonomy":"post_tag","embeddable":true,"href":"https:\/\/aconteceunovale.com.br\/portal\/index.php?rest_route=%2Fwp%2Fv2%2Ftags&post=102542"}],"curies":[{"name":"wp","href":"https:\/\/api.w.org\/{rel}","templated":true}]}}