{"id":102526,"date":"2016-11-23T19:02:48","date_gmt":"2016-11-23T22:02:48","guid":{"rendered":"http:\/\/aconteceunovale.com.br\/portal\/?p=102526"},"modified":"2016-11-23T19:02:48","modified_gmt":"2016-11-23T22:02:48","slug":"governo-entrega-50-ambulancias-para-nucleos-de-saude-de-unidades-prisionais-em-minas-gerais","status":"publish","type":"post","link":"https:\/\/aconteceunovale.com.br\/portal\/?p=102526","title":{"rendered":"Governo entrega 50 ambul\u00e2ncias para n\u00facleos de sa\u00fade de unidades prisionais em Minas Gerais"},"content":{"rendered":"<p>O governador Fernando Pimentel participou, nesta quarta-feira (23\/11), no Pal\u00e1cio Tiradentes, Cidade Administrativa, em Belo Horizonte, da cerim\u00f4nia de entrega de 50 novas ambul\u00e2ncias \u00e0 Secretaria de Estado de Administra\u00e7\u00e3o Prisional (Seap), aumentando a frota atual em mais de 50%. Os ve\u00edculos ser\u00e3o usados para atender \u00e0s demandas dos n\u00facleos de sa\u00fade de unidades prisionais de 34 munic\u00edpios, no n\u00edvel da aten\u00e7\u00e3o b\u00e1sica. O investimento do governo de Minas Gerais \u00e9 de R$ 4,2 milh\u00f5es, por meio do Fundo Estadual de Sa\u00fade.<\/p>\n<p>Em seu pronunciamento, o governador destacou que a iniciativa comp\u00f5e um conjunto de a\u00e7\u00f5es para melhorar o Sistema Prisional e dar mais seguran\u00e7a \u00e0 popula\u00e7\u00e3o do Estado. \u201cO detento bem atendido \u00e9 fator de seguran\u00e7a, porque evita motins e rebeli\u00f5es. Quem \u00e9 do Sistema (Prisional), e muitos aqui s\u00e3o, sabe do que eu estou falando. Cuidar disso, para n\u00f3s, \u00e9 fundamental. \u00c9 dar seguran\u00e7a tamb\u00e9m ao agente prisional na realiza\u00e7\u00e3o da atividade dele. Eu fico muito feliz por fazer essa entrega\u201d, afirmou.<\/p>\n<p>Pimentel lembrou que a trajet\u00f3ria de fortalecimento da administra\u00e7\u00e3o prisional teve in\u00edcio com a cria\u00e7\u00e3o da pasta de mesmo nome, durante a reforma administrativa. \u201cA secretaria n\u00e3o existia. N\u00f3s criamos e conseguimos trazer o doutor Francisco Kupidlowski para nos ajudar. Ele \u00e9 uma pessoa com muita experi\u00eancia e com uma trajet\u00f3ria nessa \u00e1rea, assim como outros integrantes da secretaria. N\u00f3s temos uma preocupa\u00e7\u00e3o muito grande com os agentes de seguran\u00e7a prisional, com todos os que trabalham l\u00e1 no sistema, para dar a eles condi\u00e7\u00f5es adequadas de trabalho e dar tamb\u00e9m aos detentos a dignidade que \u00e9 exigida hoje, atendendo \u00e0s disposi\u00e7\u00f5es legais e por todos os tratados que o Brasil assinou\u201d, disse.<\/p>\n<p>Ainda segundo o governador, apenas no primeiro semestre deste ano foram feitas mais de 31 mil escoltas e deslocamentos para atendimento m\u00e9dico. \u201cN\u00f3s temos de ter equipamento adequado, novo, que serve para o detento, obviamente, mas serve tamb\u00e9m para o agente prisional que est\u00e1 em servi\u00e7o, caso ele precise\u201d, acrescentou.<\/p>\n<p>A Seap \u00e9 respons\u00e1vel por administrar 184 unidades prisionais em Minas Gerais que, somadas, contam com 92 ambul\u00e2ncias. Com a entrega das 50 unidades nesta quarta-feira, o n\u00famero passa para 142 ve\u00edculos e 134 unidades atendidas. Ao todo, ser\u00e3o contempladas 20 unidades prisionais de 17 munic\u00edpios com 20 ambul\u00e2ncias de grande porte. As outras 30 ser\u00e3o distribu\u00eddas entre 30 unidades de 24 munic\u00edpios.<\/p>\n<p>Os crit\u00e9rios utilizados pela secretaria para a distribui\u00e7\u00e3o dos ve\u00edculos levam em conta o n\u00famero de escoltas de sa\u00fade realizadas pelas unidades prisionais; o n\u00famero de privados de liberdade por unidade contemplada; e os munic\u00edpios sedes das Regi\u00f5es Integradas de Seguran\u00e7a P\u00fablica (Risp).<\/p>\n<p>De acordo com o secret\u00e1rio de Estado de Administra\u00e7\u00e3o Prisional, Francisco Kupidlowiski, a entrega das 50 ambul\u00e2ncias \u00e9 prova de cidadania e contribui\u00e7\u00e3o para o \u201cbem-estar do sistema prisional\u201d. \u201cEstamos entregando essa frota de ambul\u00e2ncias para atender aqueles cidad\u00e3os que militam e os que se encontram internados no Sistema Prisional, propiciando o bem-estar coletivo, vivendo e exercendo plenamente a nossa miss\u00e3o de cidadania no trato das coisas p\u00fablicas e na satisfa\u00e7\u00e3o dos interesses sociais\u201d, comentou.<\/p>\n<p>O secret\u00e1rio citou que essa a\u00e7\u00e3o faz parte do sonho de humaniza\u00e7\u00e3o do sistema. \u201cQue os diretores do sistema prisional saibam aplicar, acima de tudo com sabedoria, \u00e9tica, cidadania, com justi\u00e7a e com bom senso na utiliza\u00e7\u00e3o dessas ambul\u00e2ncias, ajudando na concretiza\u00e7\u00e3o dos nossos sonhos de um sistema prisional mais humano e digno, tanto para os internos quanto para os funcion\u00e1rios. E, sobretudo, a valoriza\u00e7\u00e3o dos seus funcion\u00e1rios, com reconhecimento do trabalho desenvolvido\u201d.<\/p>\n<p><img decoding=\"async\" src=\"http:\/\/aconteceunovale.com.br\/portal\/wp-content\/uploads\/2016\/11\/ambulancias_sistema_prisional.jpg\" alt=\"\" \/><em>Ambul\u00e2ncias foram entregues nesta quarta-feira (Foto: Manoel Marques\/Imprensa MG)<\/em><br \/>\n<\/br><\/p>\n<p><strong>Entregas em Minas<\/strong><\/p>\n<p>Citando obras inauguradas nos \u00faltimos dias no Estado, o governador Fernando Pimentel ressaltou que a marca de sua gest\u00e3o \u00e9 realizar \u201cpequenas obras\u201d mas que atendem muitas pessoas, considerando o olhar regionalizado e o di\u00e1logo com a popula\u00e7\u00e3o mineira.<\/p>\n<p>\u201cEu tenho dito que n\u00f3s temos um governo que, por escolha nossa, trabalha com um modelo que n\u00f3s constru\u00edmos e que a popula\u00e7\u00e3o votou nele, um governo de pequenas entregas. Pequenas entregas que beneficiam muita gente. \u00c9 diferente do governo que a gente sucedeu. N\u00f3s sucedemos alguns governos preocupados com grandes entregas, mas com benef\u00edcios reduzidos. N\u00f3s, nesse momento, estamos dentro de uma grande entrega, essa Cidade Administrativa, que custou R$ 2 bilh\u00f5es e que &#8211; se \u00e9 que beneficia algu\u00e9m &#8211; beneficia os 18 mil funcion\u00e1rios que trabalham aqui, e que n\u00e3o gostam de trabalhar aqui\u201d, afirmou.<\/p>\n<p>\u201cO certo \u00e9 que s\u00e3o R$ 2 bilh\u00f5es em uma \u00fanica entrega, cujo benef\u00edcio \u00e9 extremamente duvidoso. Certamente se o governo tivesse, naquela \u00e9poca, consultado a popula\u00e7\u00e3o de Minas Gerais, a popula\u00e7\u00e3o teria priorizado outro tipo de entrega, outro tipo de obra. Eu percorro o interior no nosso Estado e vejo as enormes car\u00eancias que temos\u201d, acrescentou Pimentel.<\/p>\n<p>O governador ressaltou que, por meio dos F\u00f3runs Regionais de Governo e da entrega de obras pedidas pela popula\u00e7\u00e3o nesse espa\u00e7o de discuss\u00e3o, por exemplo, a o modelo de governo foi \u201cinvertido\u201d. \u201cN\u00f3s estamos dedicando o nossos olhar ao interior do estado, invertemos aquele modelo anterior, com muita aten\u00e7\u00e3o, e definindo junto com cada regi\u00e3o as prioridades. \u00c0s vezes, as prioridades s\u00e3o pequenas. Ainda agora, m\u00eas passado, a gente ligou l\u00e1 em Chapada do Norte, no extremo Norte do estado, uma adutora de emerg\u00eancia para colocar \u00e1gua na cidade. Uma cidade com mais de 30 mil habitantes sem fornecimento de \u00e1gua, por causa da emerg\u00eancia h\u00eddrica. Ali\u00e1s, n\u00f3s temos 115 munic\u00edpios do Norte do estado em situa\u00e7\u00e3o de emerg\u00eancia h\u00eddrica. Essa entrega de Chapada do Norte \u00e9 uma entrega pequena, ela n\u00e3o foi uma obra cara. Mas \u00e9 fundamental para dar bem-estar aos mineiros e mineiras daquele lugar, daquela regi\u00e3o\u201d, ponderou. \u201cO fato \u00e9 que estamos trabalhando para melhorara a vida dos mineiros\u201d, completou o governador.<\/p>\n<p>Participaram da solenidade tamb\u00e9m os secret\u00e1rios de Estado Odair Cunha (Governo), S\u00e9rgio Menezes (Seguran\u00e7a P\u00fablica), Murilo Valadares (Transportes e Obras P\u00fablicas), Ronaldo Manass\u00e9s (da pasta Executiva do F\u00f3rum Regional Metropolitano), o secret\u00e1rio em exerc\u00edcio na pasta da Sa\u00fade, Nalton Sebasti\u00e3o da Cruz. Estiveram presentes ainda o chefe da Pol\u00edcia Civil, delegado-geral Jo\u00e3o Octac\u00edlio Silva Neto, o coronel BM Sebasti\u00e3o Carlos Reis, representando o comandante-geral do Corpo de Bombeiros, o coronel PM William Soares Sobrinho, representando o comandante-geral da Pol\u00edcia Militar, o defensor p\u00fablico Alexandre Tavares, representando a Defensora P\u00fablica Geral do Estado, al\u00e9m de deputados estaduais, servidores da Seap e lideran\u00e7as da \u00e1rea de seguran\u00e7a p\u00fablica.<\/p>\n<p><img decoding=\"async\" src=\"http:\/\/agenciaminas.mg.gov.br\/ckeditor_assets\/pictures\/2000\/content_tabela01.jpg\" alt=\"\" \/><br \/>\n<\/br><\/p>\n<p><img decoding=\"async\" src=\"http:\/\/agenciaminas.mg.gov.br\/ckeditor_assets\/pictures\/2001\/content_tabela02.jpg\" alt=\"\" \/><br \/>\n<\/br><\/p>\n<p><em>(Fonte: Ag\u00eancia Minas)<\/em><\/p>\n","protected":false},"excerpt":{"rendered":"<p>O governador Fernando Pimentel participou, nesta quarta-feira (23\/11), no Pal\u00e1cio Tiradentes, Cidade Administrativa, em Belo Horizonte, da cerim\u00f4nia de entrega de 50 novas ambul\u00e2ncias \u00e0 Secretaria de Estado de Administra\u00e7\u00e3o Prisional (Seap), aumentando a frota atual em mais de 50%. Os ve\u00edculos ser\u00e3o usados para atender \u00e0s demandas dos n\u00facleos de sa\u00fade de unidades prisionais [&hellip;]<\/p>\n","protected":false},"author":1,"featured_media":102527,"comment_status":"open","ping_status":"closed","sticky":false,"template":"","format":"standard","meta":{"amp_status":"","footnotes":""},"categories":[123,40242],"tags":[957,193,194,1518,1527,956,197,199,12826,29798,247,127112,2234,201,1544,206,1356,1497,210,1502,962,214,1489,215,217,216,3674,218,10113,1540,1532,164,1105,1507,220,221,222,1778],"class_list":["post-102526","post","type-post","status-publish","format-standard","has-post-thumbnail","hentry","category-gerais","category-saude-2","tag-alfenas","tag-barbacena","tag-belo-horizonte","tag-carmo-do-paranaiba","tag-congonhas","tag-contagem","tag-curvelo","tag-divinopolis","tag-fernando-pimentel","tag-governador-fernando-pimentel","tag-governador-valadares","tag-governo-entrega-50-ambulancias-para-nucleos-de-saude-de-unidades-prisionais-em-minas-gerais","tag-ipaba","tag-ipatinga","tag-itajuba","tag-juiz-de-fora","tag-manga","tag-matozinhos","tag-montes-claros","tag-muriae","tag-para-de-minas","tag-patos-de-minas","tag-patrocinio","tag-pocos-de-caldas","tag-ponte-nova","tag-pouso-alegre","tag-ribeirao-das-neves","tag-sao-joao-del-rei","tag-sao-joaquim-de-bicas","tag-sao-lourenco","tag-sete-lagoas","tag-teofilo-otoni","tag-timoteo","tag-tres-coracoes","tag-uberaba","tag-uberlandia","tag-unai","tag-vespasiano"],"_links":{"self":[{"href":"https:\/\/aconteceunovale.com.br\/portal\/index.php?rest_route=\/wp\/v2\/posts\/102526","targetHints":{"allow":["GET"]}}],"collection":[{"href":"https:\/\/aconteceunovale.com.br\/portal\/index.php?rest_route=\/wp\/v2\/posts"}],"about":[{"href":"https:\/\/aconteceunovale.com.br\/portal\/index.php?rest_route=\/wp\/v2\/types\/post"}],"author":[{"embeddable":true,"href":"https:\/\/aconteceunovale.com.br\/portal\/index.php?rest_route=\/wp\/v2\/users\/1"}],"replies":[{"embeddable":true,"href":"https:\/\/aconteceunovale.com.br\/portal\/index.php?rest_route=%2Fwp%2Fv2%2Fcomments&post=102526"}],"version-history":[{"count":0,"href":"https:\/\/aconteceunovale.com.br\/portal\/index.php?rest_route=\/wp\/v2\/posts\/102526\/revisions"}],"wp:featuredmedia":[{"embeddable":true,"href":"https:\/\/aconteceunovale.com.br\/portal\/index.php?rest_route=\/wp\/v2\/media\/102527"}],"wp:attachment":[{"href":"https:\/\/aconteceunovale.com.br\/portal\/index.php?rest_route=%2Fwp%2Fv2%2Fmedia&parent=102526"}],"wp:term":[{"taxonomy":"category","embeddable":true,"href":"https:\/\/aconteceunovale.com.br\/portal\/index.php?rest_route=%2Fwp%2Fv2%2Fcategories&post=102526"},{"taxonomy":"post_tag","embeddable":true,"href":"https:\/\/aconteceunovale.com.br\/portal\/index.php?rest_route=%2Fwp%2Fv2%2Ftags&post=102526"}],"curies":[{"name":"wp","href":"https:\/\/api.w.org\/{rel}","templated":true}]}}