{"id":102515,"date":"2016-11-23T18:05:59","date_gmt":"2016-11-23T21:05:59","guid":{"rendered":"http:\/\/aconteceunovale.com.br\/portal\/?p=102515"},"modified":"2016-11-23T18:05:59","modified_gmt":"2016-11-23T21:05:59","slug":"homem-e-mulher-sao-assassinados-dentro-de-casa-em-montes-claros","status":"publish","type":"post","link":"https:\/\/aconteceunovale.com.br\/portal\/?p=102515","title":{"rendered":"Homem e mulher s\u00e3o assassinados dentro de casa em Montes Claros"},"content":{"rendered":"<p>Um casal foi encontrado morto na tarde desta quarta-feira (23\/11\/2016) em Montes Claros, no Norte de Minas. De acordo com a Pol\u00edcia Militar (PM), as v\u00edtimas foram atingidas por disparos de arma de fogo e os autores do crime ainda n\u00e3o foram identificados.<\/p>\n<p>As v\u00edtimas estavam dentro do quarto de uma casa, na Rua Lagoa Amarelinha, no Bairro Carmelo. Um perito da Pol\u00edcia Civil afirmou que o homem, de 41 anos, foi atingido por um tiro no peito e a mulher, de 34, foi alvejada no olho. Vizinhos relataram que ouviram barulho de discuss\u00e3o na noite dessa ter\u00e7a-feira (22), mas n\u00e3o perceberam disparos de tiros.<\/p>\n<p>Os militares informaram que os dois t\u00eam hist\u00f3rico de ocorr\u00eancias policiais relacionadas ao uso de drogas e bebidas alco\u00f3licas. A pol\u00edcia acredita que o crime possa estar relacionado a um acerto de contas. Ainda segundo a pol\u00edcia, ser\u00e3o realizados levantamentos na regi\u00e3o.<\/p>\n<p><img decoding=\"async\" src=\"http:\/\/aconteceunovale.com.br\/portal\/wp-content\/uploads\/2016\/11\/mortos_moc.jpg\" alt=\"\" \/><em>Corpos foram encontrados na tarde desta quarta-feira (Foto: Max Andrade\/Inter TV)<\/em><br \/>\n<\/br><\/p>\n<p><em>(Fonte: G1 Grande Minas)<\/em><\/p>\n","protected":false},"excerpt":{"rendered":"<p>Um casal foi encontrado morto na tarde desta quarta-feira (23\/11\/2016) em Montes Claros, no Norte de Minas. De acordo com a Pol\u00edcia Militar (PM), as v\u00edtimas foram atingidas por disparos de arma de fogo e os autores do crime ainda n\u00e3o foram identificados. As v\u00edtimas estavam dentro do quarto de uma casa, na Rua Lagoa [&hellip;]<\/p>\n","protected":false},"author":1,"featured_media":102517,"comment_status":"open","ping_status":"closed","sticky":false,"template":"","format":"standard","meta":{"amp_status":"","footnotes":""},"categories":[1236],"tags":[127095,127093,127092,127091,210,127094],"class_list":["post-102515","post","type-post","status-publish","format-standard","has-post-thumbnail","hentry","category-norte_de_minas","tag-assassinatos-montes-claros","tag-casal-morto-em-montes-claros","tag-duplo-homicidio-montes-claros","tag-homem-e-mulher-sao-assassinados-dentro-de-casa-em-montes-claros","tag-montes-claros","tag-morte-de-casal-em-montes-claros"],"_links":{"self":[{"href":"https:\/\/aconteceunovale.com.br\/portal\/index.php?rest_route=\/wp\/v2\/posts\/102515","targetHints":{"allow":["GET"]}}],"collection":[{"href":"https:\/\/aconteceunovale.com.br\/portal\/index.php?rest_route=\/wp\/v2\/posts"}],"about":[{"href":"https:\/\/aconteceunovale.com.br\/portal\/index.php?rest_route=\/wp\/v2\/types\/post"}],"author":[{"embeddable":true,"href":"https:\/\/aconteceunovale.com.br\/portal\/index.php?rest_route=\/wp\/v2\/users\/1"}],"replies":[{"embeddable":true,"href":"https:\/\/aconteceunovale.com.br\/portal\/index.php?rest_route=%2Fwp%2Fv2%2Fcomments&post=102515"}],"version-history":[{"count":0,"href":"https:\/\/aconteceunovale.com.br\/portal\/index.php?rest_route=\/wp\/v2\/posts\/102515\/revisions"}],"wp:featuredmedia":[{"embeddable":true,"href":"https:\/\/aconteceunovale.com.br\/portal\/index.php?rest_route=\/wp\/v2\/media\/102517"}],"wp:attachment":[{"href":"https:\/\/aconteceunovale.com.br\/portal\/index.php?rest_route=%2Fwp%2Fv2%2Fmedia&parent=102515"}],"wp:term":[{"taxonomy":"category","embeddable":true,"href":"https:\/\/aconteceunovale.com.br\/portal\/index.php?rest_route=%2Fwp%2Fv2%2Fcategories&post=102515"},{"taxonomy":"post_tag","embeddable":true,"href":"https:\/\/aconteceunovale.com.br\/portal\/index.php?rest_route=%2Fwp%2Fv2%2Ftags&post=102515"}],"curies":[{"name":"wp","href":"https:\/\/api.w.org\/{rel}","templated":true}]}}