{"id":102512,"date":"2016-11-23T17:57:27","date_gmt":"2016-11-23T20:57:27","guid":{"rendered":"http:\/\/aconteceunovale.com.br\/portal\/?p=102512"},"modified":"2016-11-23T17:57:27","modified_gmt":"2016-11-23T20:57:27","slug":"policia-civil-de-montes-claros-apresenta-dois-suspeitos-de-homicidio","status":"publish","type":"post","link":"https:\/\/aconteceunovale.com.br\/portal\/?p=102512","title":{"rendered":"Pol\u00edcia Civil de Montes Claros apresenta dois suspeitos de homic\u00eddio"},"content":{"rendered":"<p>A Pol\u00edcia Civil apresentou nesta quarta-feira (23\/11\/2016) dois rapazes de 18 anos, que s\u00e3o investigados pela morte de Agnaldo J\u00fanior, ocorrida em 11 de outubro em Montes Claros (MG). Segundo as investiga\u00e7\u00f5es, ele estava foragido e conseguiu autoriza\u00e7\u00e3o de traficantes para morar na Vila Tiradentes, mas desobedeceu as ordens deles e come\u00e7ou a traficar no bairro, e acabou sendo morto dentro de casa por William Almeida e Marcos Ferreira.<\/p>\n<p>\u201cA v\u00edtima era um dos l\u00edderes do tr\u00e1fico de drogas na Vila Guilhermina, e estava residindo no bairro h\u00e1 oito meses. Ele estava traficando drogas, contrariando um acordo com traficantes do local, e tinha jurado vingan\u00e7a em rela\u00e7\u00e3o a morte de um outro traficante [comparsa dele]. Isso gerou uma instabilidade e foi determinada a morte dele\u201d, explica o delegado Bruno Rezende.<\/p>\n<p>Agnaldo J\u00fanior estava foragido da Justi\u00e7a por tr\u00e1fico de drogas, ap\u00f3s receber benef\u00edcio da sa\u00edda tempor\u00e1ria e n\u00e3o retornar para o pres\u00eddio. Ele tinha passagens por porte ilegal de armas e era investigado por um homic\u00eddio.<\/p>\n<p>O delegado afirma ainda que um dos investigados frequentava a casa de Agnaldo, e chegou ao local como se fosse fazer uma visita, apenas a mulher do foragido estava no im\u00f3vel no momento do crime.<\/p>\n<p>Os dois rapazes detidos nessa quarta foram autuados em 13 de novembro por tr\u00e1fico de drogas, mas foram soltos dois dias depois. Um deles foi encontrado em uma casa alugada no Bairro Santa Cec\u00edlia, ao lado de onde mora a m\u00e3e dele; e o outro estava em um im\u00f3vel na Vila Tiradentes.<\/p>\n<p>\u201cAs pris\u00f5es repercutem na din\u00e2mica criminal na regi\u00e3o e impossibilitam novos atentados violentos em rela\u00e7\u00e3o ao tr\u00e1fico, e evita que esses autores atuem contra testemunhas do caso, um deles chegou a amea\u00e7ar algumas pessoas afirmando que se abrissem a boca seriam executadas\u201d, destaca Bruno Rezende.<\/p>\n<p><img decoding=\"async\" src=\"http:\/\/aconteceunovale.com.br\/portal\/wp-content\/uploads\/2016\/11\/presos_moc_homicidas.jpeg\" alt=\"\" \/><em>Presos foram apresentados pela Pol\u00edcia Civil em Montes Claros (Foto: Michelly Oda\/G1)<\/em><br \/>\n<\/br><\/p>\n<p><em>(Fonte: G1 Grande Minas)<\/em><\/p>\n","protected":false},"excerpt":{"rendered":"<p>A Pol\u00edcia Civil apresentou nesta quarta-feira (23\/11\/2016) dois rapazes de 18 anos, que s\u00e3o investigados pela morte de Agnaldo J\u00fanior, ocorrida em 11 de outubro em Montes Claros (MG). Segundo as investiga\u00e7\u00f5es, ele estava foragido e conseguiu autoriza\u00e7\u00e3o de traficantes para morar na Vila Tiradentes, mas desobedeceu as ordens deles e come\u00e7ou a traficar no [&hellip;]<\/p>\n","protected":false},"author":1,"featured_media":102513,"comment_status":"open","ping_status":"closed","sticky":false,"template":"","format":"standard","meta":{"amp_status":"","footnotes":""},"categories":[1236],"tags":[127085,127086,21967,127089,210,63142,127090,57790,127087,127088],"class_list":["post-102512","post","type-post","status-publish","format-standard","has-post-thumbnail","hentry","category-norte_de_minas","tag-agnaldo-junior","tag-homicidas-montes-claros","tag-homicidio-montes-claros","tag-marcos-ferreira","tag-montes-claros","tag-morto-em-montes-claros","tag-policia-civil-de-montes-claros-prende-dois-suspeitos-de-homicidio","tag-presos-em-montes-claros","tag-presos-por-homicidio-em-montes-claros","tag-william-almeida"],"_links":{"self":[{"href":"https:\/\/aconteceunovale.com.br\/portal\/index.php?rest_route=\/wp\/v2\/posts\/102512","targetHints":{"allow":["GET"]}}],"collection":[{"href":"https:\/\/aconteceunovale.com.br\/portal\/index.php?rest_route=\/wp\/v2\/posts"}],"about":[{"href":"https:\/\/aconteceunovale.com.br\/portal\/index.php?rest_route=\/wp\/v2\/types\/post"}],"author":[{"embeddable":true,"href":"https:\/\/aconteceunovale.com.br\/portal\/index.php?rest_route=\/wp\/v2\/users\/1"}],"replies":[{"embeddable":true,"href":"https:\/\/aconteceunovale.com.br\/portal\/index.php?rest_route=%2Fwp%2Fv2%2Fcomments&post=102512"}],"version-history":[{"count":0,"href":"https:\/\/aconteceunovale.com.br\/portal\/index.php?rest_route=\/wp\/v2\/posts\/102512\/revisions"}],"wp:featuredmedia":[{"embeddable":true,"href":"https:\/\/aconteceunovale.com.br\/portal\/index.php?rest_route=\/wp\/v2\/media\/102513"}],"wp:attachment":[{"href":"https:\/\/aconteceunovale.com.br\/portal\/index.php?rest_route=%2Fwp%2Fv2%2Fmedia&parent=102512"}],"wp:term":[{"taxonomy":"category","embeddable":true,"href":"https:\/\/aconteceunovale.com.br\/portal\/index.php?rest_route=%2Fwp%2Fv2%2Fcategories&post=102512"},{"taxonomy":"post_tag","embeddable":true,"href":"https:\/\/aconteceunovale.com.br\/portal\/index.php?rest_route=%2Fwp%2Fv2%2Ftags&post=102512"}],"curies":[{"name":"wp","href":"https:\/\/api.w.org\/{rel}","templated":true}]}}