{"id":102507,"date":"2016-11-23T17:38:29","date_gmt":"2016-11-23T20:38:29","guid":{"rendered":"http:\/\/aconteceunovale.com.br\/portal\/?p=102507"},"modified":"2016-11-23T17:38:29","modified_gmt":"2016-11-23T20:38:29","slug":"incendio-destroi-carro-em-ipatinga","status":"publish","type":"post","link":"https:\/\/aconteceunovale.com.br\/portal\/?p=102507","title":{"rendered":"Inc\u00eandio destr\u00f3i carro em Ipatinga"},"content":{"rendered":"<p>Um ve\u00edculo pegou fogo na manh\u00e3 desta quarta-feira (23\/11\/2016), entre as ruas Piau com a Avenida Jos\u00e9 Raimundo, no Bairro Vagalume, em Ipatinga. Segundo informa\u00e7\u00f5es do motorista do carro, ele estava indo para o trabalho quando sentiu um forte cheiro de combust\u00edvel. Ningu\u00e9m se feriu.<\/p>\n<p>&#8220;Estava indo abastecer e senti um cheiro de gasolina, da\u00ed parei o carro, abri o cap\u00f4 e vi que o cabo de a\u00e7o havia estourado. N\u00e3o tinha nada que eu pudesse fazer. Apenas me afastei para n\u00e3o me machucar&#8221;, explicou o pedreiro Francisco Vieira.<\/p>\n<p>Ainda de acordo com o pedreiro, o carro havia apresentando um problema mec\u00e2nico h\u00e1 15 dias. O Corpo de Bombeiros esteve no local para apagar as chamas. Os militares informaram que o carro teve perda total.<\/p>\n<p><img decoding=\"async\" src=\"http:\/\/aconteceunovale.com.br\/portal\/wp-content\/uploads\/2016\/11\/incendio_carro_ipatinga.jpg\" alt=\"\" \/><em>Carro pegou fogo no bairro Vagalume em Ipatinga (Foto: Davidson Fortunato\/Inter TV dos Vales)<\/em><br \/>\n<\/br><\/p>\n<p><em>(Fonte: G1 dos Vales)<\/em><\/p>\n","protected":false},"excerpt":{"rendered":"<p>Um ve\u00edculo pegou fogo na manh\u00e3 desta quarta-feira (23\/11\/2016), entre as ruas Piau com a Avenida Jos\u00e9 Raimundo, no Bairro Vagalume, em Ipatinga. Segundo informa\u00e7\u00f5es do motorista do carro, ele estava indo para o trabalho quando sentiu um forte cheiro de combust\u00edvel. Ningu\u00e9m se feriu. &#8220;Estava indo abastecer e senti um cheiro de gasolina, da\u00ed [&hellip;]<\/p>\n","protected":false},"author":1,"featured_media":102508,"comment_status":"open","ping_status":"closed","sticky":false,"template":"","format":"standard","meta":{"amp_status":"","footnotes":""},"categories":[121],"tags":[127080,127079,93658,201],"class_list":["post-102507","post","type-post","status-publish","format-standard","has-post-thumbnail","hentry","category-leste","tag-carro-destruido-por-incendio-em-ipatinga","tag-incendio-destroi-carro-em-ipatinga","tag-incendio-ipatinga","tag-ipatinga"],"_links":{"self":[{"href":"https:\/\/aconteceunovale.com.br\/portal\/index.php?rest_route=\/wp\/v2\/posts\/102507","targetHints":{"allow":["GET"]}}],"collection":[{"href":"https:\/\/aconteceunovale.com.br\/portal\/index.php?rest_route=\/wp\/v2\/posts"}],"about":[{"href":"https:\/\/aconteceunovale.com.br\/portal\/index.php?rest_route=\/wp\/v2\/types\/post"}],"author":[{"embeddable":true,"href":"https:\/\/aconteceunovale.com.br\/portal\/index.php?rest_route=\/wp\/v2\/users\/1"}],"replies":[{"embeddable":true,"href":"https:\/\/aconteceunovale.com.br\/portal\/index.php?rest_route=%2Fwp%2Fv2%2Fcomments&post=102507"}],"version-history":[{"count":0,"href":"https:\/\/aconteceunovale.com.br\/portal\/index.php?rest_route=\/wp\/v2\/posts\/102507\/revisions"}],"wp:featuredmedia":[{"embeddable":true,"href":"https:\/\/aconteceunovale.com.br\/portal\/index.php?rest_route=\/wp\/v2\/media\/102508"}],"wp:attachment":[{"href":"https:\/\/aconteceunovale.com.br\/portal\/index.php?rest_route=%2Fwp%2Fv2%2Fmedia&parent=102507"}],"wp:term":[{"taxonomy":"category","embeddable":true,"href":"https:\/\/aconteceunovale.com.br\/portal\/index.php?rest_route=%2Fwp%2Fv2%2Fcategories&post=102507"},{"taxonomy":"post_tag","embeddable":true,"href":"https:\/\/aconteceunovale.com.br\/portal\/index.php?rest_route=%2Fwp%2Fv2%2Ftags&post=102507"}],"curies":[{"name":"wp","href":"https:\/\/api.w.org\/{rel}","templated":true}]}}