{"id":102503,"date":"2016-11-23T17:33:40","date_gmt":"2016-11-23T20:33:40","guid":{"rendered":"http:\/\/aconteceunovale.com.br\/portal\/?p=102503"},"modified":"2016-11-23T17:33:40","modified_gmt":"2016-11-23T20:33:40","slug":"cabeleireiro-usava-salao-para-vender-drogas-em-governador-valadares","status":"publish","type":"post","link":"https:\/\/aconteceunovale.com.br\/portal\/?p=102503","title":{"rendered":"Cabeleireiro usava sal\u00e3o para vender drogas em Governador Valadares"},"content":{"rendered":"<p>Dois jovens, de 22 e 27 anos, foram presos na noite desta ter\u00e7a-feira (22\/11\/2016) por tr\u00e1fico de drogas em Governador Valadares. Segundo a Pol\u00edcia Militar, den\u00fancias informaram que o jovem de 22 anos trabalhava como cabeleireiro em um sal\u00e3o, onde tamb\u00e9m traficava drogas.<\/p>\n<p>Segundo a PM, o outro suspeito, de 27 anos, morava pr\u00f3ximo, de modo que o cabeleireiro ia \u00e0 casa do comparsa, no Bairro Santa Helena, buscar drogas para serem vendidas no sal\u00e3o. Os policiais receberam a informa\u00e7\u00e3o de que o cabeleireiro havia acabado de vender drogas e ia \u00e0 casa do outro suspeito para entregar parte do dinheiro e buscar mais drogas a serem vendidas.<\/p>\n<p>No local os suspeitos foram abordados, sendo encontrado R$ 300 no bolso do jovem de 22 anos. Na casa foram encontradas 13 buchas de maconha, uma por\u00e7\u00e3o m\u00e9dia da mesma subst\u00e2ncia e ainda duas pedras de crack.<\/p>\n<p>Os jovens foram presos e encaminhados \u00e0 Delegacia Civil da cidade, junto ao material apreendido.<\/p>\n<p><img decoding=\"async\" src=\"http:\/\/aconteceunovale.com.br\/portal\/wp-content\/uploads\/2016\/11\/trafico_gv_1.jpg\" alt=\"\" \/><em>Material apreendido em casa de suspeito (Foto: Pol\u00edcia Militar\/Divulga\u00e7\u00e3o)<\/em><br \/>\n<\/br><\/p>\n<p><strong>Mathias Lobato<\/strong><\/p>\n<p>Tamb\u00e9m nesta ter\u00e7a-feira (22), um jovem de 18 anos foi preso e um adolescente de 17 anos foi apreendido por tr\u00e1fico de drogas em Mathias Lobato. Segundo a Pol\u00edcia Civil, den\u00fancias an\u00f4nimas informaram que os dois suspeitos estariam traficando em uma casa no Bairro Bambu.<\/p>\n<p>Equipe da Delegacia de T\u00f3xicos de Governador Valadares se dirigiram at\u00e9 o local, onde apreenderam diversas muni\u00e7\u00f5es de calibre 38, 23 buchas de maconha, uma por\u00e7\u00e3o da mesma droga prensada e ainda duas toucas ninja.<\/p>\n<p>Durante a ocorr\u00eancia, o irm\u00e3o mais velho do adolescente chegou ao local irritado pela deten\u00e7\u00e3o do menor. O jovem de 21 anos desacatou policiais civis e foi preso por esse motivo. Os jovens presos, o adolescente e o material apreendido foram encaminhados \u00e0 Delegacia de Governador Valadares.<\/p>\n<p><img decoding=\"async\" src=\"http:\/\/aconteceunovale.com.br\/portal\/wp-content\/uploads\/2016\/11\/trafico_gv_2.jpg\" alt=\"\" \/><em>Material apreendido na casa do adolescente (Foto: Pol\u00edcia Civil\/Divulga\u00e7\u00e3o)<\/em><br \/>\n<\/br><\/p>\n<p><em>(Com informa\u00e7\u00f5es do G1 dos Vales)<\/em><\/p>\n","protected":false},"excerpt":{"rendered":"<p>Dois jovens, de 22 e 27 anos, foram presos na noite desta ter\u00e7a-feira (22\/11\/2016) por tr\u00e1fico de drogas em Governador Valadares. Segundo a Pol\u00edcia Militar, den\u00fancias informaram que o jovem de 22 anos trabalhava como cabeleireiro em um sal\u00e3o, onde tamb\u00e9m traficava drogas. Segundo a PM, o outro suspeito, de 27 anos, morava pr\u00f3ximo, de [&hellip;]<\/p>\n","protected":false},"author":1,"featured_media":102504,"comment_status":"open","ping_status":"closed","sticky":false,"template":"","format":"standard","meta":{"amp_status":"","footnotes":""},"categories":[121],"tags":[57714,127076,127075,127074,127078,99693,127077,247,302,46661,49366],"class_list":["post-102503","post","type-post","status-publish","format-standard","has-post-thumbnail","hentry","category-leste","tag-apreensao-de-drogas-em-governador-valadares","tag-apreensao-de-drogas-em-mathias-lobato","tag-cabeleireiro-preso-em-governador-valadares","tag-cabeleireiro-usava-salao-de-beleza-para-vender-drogas-em-governador-valadares","tag-cabeleireiro-usava-salao-para-vender-drogas-em-governador-valadares","tag-drogas-apreendidas-em-governador-valadares","tag-drogas-apreendidas-em-mathias-lobato","tag-governador-valadares","tag-mathias-lobato","tag-trafico-de-drogas-em-governador-valadares","tag-trafico-de-drogas-em-mathias-lobato"],"_links":{"self":[{"href":"https:\/\/aconteceunovale.com.br\/portal\/index.php?rest_route=\/wp\/v2\/posts\/102503","targetHints":{"allow":["GET"]}}],"collection":[{"href":"https:\/\/aconteceunovale.com.br\/portal\/index.php?rest_route=\/wp\/v2\/posts"}],"about":[{"href":"https:\/\/aconteceunovale.com.br\/portal\/index.php?rest_route=\/wp\/v2\/types\/post"}],"author":[{"embeddable":true,"href":"https:\/\/aconteceunovale.com.br\/portal\/index.php?rest_route=\/wp\/v2\/users\/1"}],"replies":[{"embeddable":true,"href":"https:\/\/aconteceunovale.com.br\/portal\/index.php?rest_route=%2Fwp%2Fv2%2Fcomments&post=102503"}],"version-history":[{"count":0,"href":"https:\/\/aconteceunovale.com.br\/portal\/index.php?rest_route=\/wp\/v2\/posts\/102503\/revisions"}],"wp:featuredmedia":[{"embeddable":true,"href":"https:\/\/aconteceunovale.com.br\/portal\/index.php?rest_route=\/wp\/v2\/media\/102504"}],"wp:attachment":[{"href":"https:\/\/aconteceunovale.com.br\/portal\/index.php?rest_route=%2Fwp%2Fv2%2Fmedia&parent=102503"}],"wp:term":[{"taxonomy":"category","embeddable":true,"href":"https:\/\/aconteceunovale.com.br\/portal\/index.php?rest_route=%2Fwp%2Fv2%2Fcategories&post=102503"},{"taxonomy":"post_tag","embeddable":true,"href":"https:\/\/aconteceunovale.com.br\/portal\/index.php?rest_route=%2Fwp%2Fv2%2Ftags&post=102503"}],"curies":[{"name":"wp","href":"https:\/\/api.w.org\/{rel}","templated":true}]}}