{"id":102489,"date":"2016-11-23T16:24:14","date_gmt":"2016-11-23T19:24:14","guid":{"rendered":"http:\/\/aconteceunovale.com.br\/portal\/?p=102489"},"modified":"2016-11-23T16:24:14","modified_gmt":"2016-11-23T19:24:14","slug":"hemominas-promove-homenagem-aos-doadores-de-sangue-em-governador-valadares","status":"publish","type":"post","link":"https:\/\/aconteceunovale.com.br\/portal\/?p=102489","title":{"rendered":"Hemominas promove homenagem aos doadores de sangue em Governador Valadares"},"content":{"rendered":"<p>Em comemora\u00e7\u00e3o ao Dia Nacional do Doador Volunt\u00e1rio de Sangue, celebrado em 25 de novembro, a Funda\u00e7\u00e3o Hemominas vai realizar a solenidade oficial estadual de diploma\u00e7\u00e3o dos doadores fidelizados, aqueles que mais realizaram doa\u00e7\u00f5es de sangue, no Hemocentro Regional de Governador Valadares.<\/p>\n<p>O evento ser\u00e1 realizado nesta quarta-feira, 23\/11, a partir das 19h30, no Ilus\u00e3o Esporte Clube, que fica na Avenida Minas Gerais, 960 \u2013 Centro.<\/p>\n<p>Na solenidade, que contar\u00e1 com a presen\u00e7a de autoridades estaduais, municipais e do legislativo e ser\u00e1 presidida pela presidente da Funda\u00e7\u00e3o Hemominas, J\u00fania Guimar\u00e3es Mour\u00e3o Cioffi, ser\u00e3o homenageados 410 doadores de sangue fidelizados, al\u00e9m de empresas e entidades parceiras do Hemocentro, que atuam em prol da doa\u00e7\u00e3o de sangue.<\/p>\n<p><strong>Solenidade oficial<\/strong><\/p>\n<p>A Funda\u00e7\u00e3o Hemominas homenageia, desde 1991, os doadores de sangue com diplomas de acordo com o n\u00famero de doa\u00e7\u00f5es realizadas. De 10 a 14 doa\u00e7\u00f5es, o doador recebe o diploma Azul; de 15 a 24 doa\u00e7\u00f5es o diploma Bronze; de 25 a 34 doa\u00e7\u00f5es o diploma Prata; 35 a 49 doa\u00e7\u00f5es o diploma Ouro e, com 50 ou mais doa\u00e7\u00f5es, o doador \u00e9 contemplado com o diploma Diamante. A partir de 2007, iniciou-se o ciclo itinerante do evento com o objetivo de valorizar o trabalho dos servidores da rede e os doadores das unidades de coleta de sangue no Estado que integram a rede Hemominas. <\/p>\n<p>Neste ano, o Hemocentro Regional de Governador Valadares foi escolhido pela rede Hemominas para sediar o evento estadual. Durante a Semana do Doador, de 21 a 25 de novembro, as demais unidades da rede tamb\u00e9m promovem a\u00e7\u00f5es comemorativas alusivas \u00e0 data. Fundada em 1987, a unidade conta com doadores fidelizados em todas as categorias, sendo 226 na categoria Azul, 110 na categoria Bronze, 40 na categoria Prata, 20 na categoria Ouro, 09 na categoria Diamante e 05 Honras ao M\u00e9rito.<\/p>\n<p><em>(Ascom Hemominas\/Regina Vasconcelos)<\/em><\/p>\n","protected":false},"excerpt":{"rendered":"<p>Em comemora\u00e7\u00e3o ao Dia Nacional do Doador Volunt\u00e1rio de Sangue, celebrado em 25 de novembro, a Funda\u00e7\u00e3o Hemominas vai realizar a solenidade oficial estadual de diploma\u00e7\u00e3o dos doadores fidelizados, aqueles que mais realizaram doa\u00e7\u00f5es de sangue, no Hemocentro Regional de Governador Valadares. O evento ser\u00e1 realizado nesta quarta-feira, 23\/11, a partir das 19h30, no Ilus\u00e3o [&hellip;]<\/p>\n","protected":false},"author":1,"featured_media":47642,"comment_status":"open","ping_status":"closed","sticky":false,"template":"","format":"standard","meta":{"amp_status":"","footnotes":""},"categories":[125,121],"tags":[127060,127057,127058,127054,6879,247,127056,127055,127053,127059,127062,127061],"class_list":["post-102489","post","type-post","status-publish","format-standard","has-post-thumbnail","hentry","category-noticias","category-leste","tag-dia-nacional-do-doador-voluntario-de-sangue","tag-doacao-de-sangue-em-governador-valadares","tag-doares-de-sangue-em-governador-valadares","tag-evento-hemominas-governador-valadares","tag-fundacao-hemominas","tag-governador-valadares","tag-hemocentro-governador-valadares","tag-hemominas-governador-valadares","tag-hemominas-promove-homenagem-aos-doadores-de-sangue-em-governador-valadares","tag-homenagem-doadores-de-sangue-em-governador-valadares","tag-junia-guimaraes-mourao-cioffi","tag-presidente-da-fundacao-hemominas"],"yoast_head":"<!-- This site is optimized with the Yoast SEO plugin v28.3 - https:\/\/yoast.com\/product\/yoast-seo-wordpress\/ -->\n<title>Hemominas promove homenagem aos doadores de sangue em Governador Valadares - Aconteceu no Vale<\/title>\n<meta name=\"robots\" content=\"index, follow, max-snippet:-1, max-image-preview:large, max-video-preview:-1\" \/>\n<link rel=\"canonical\" href=\"https:\/\/aconteceunovale.com.br\/portal\/?p=102489\" \/>\n<meta property=\"og:locale\" content=\"pt_BR\" \/>\n<meta property=\"og:type\" content=\"article\" \/>\n<meta property=\"og:title\" content=\"Hemominas promove homenagem aos doadores de sangue em Governador Valadares - Aconteceu no Vale\" \/>\n<meta property=\"og:description\" content=\"Em comemora\u00e7\u00e3o ao Dia Nacional do Doador Volunt\u00e1rio de Sangue, celebrado em 25 de novembro, a Funda\u00e7\u00e3o Hemominas vai realizar a solenidade oficial estadual de diploma\u00e7\u00e3o dos doadores fidelizados, aqueles que mais realizaram doa\u00e7\u00f5es de sangue, no Hemocentro Regional de Governador Valadares. O evento ser\u00e1 realizado nesta quarta-feira, 23\/11, a partir das 19h30, no Ilus\u00e3o [&hellip;]\" \/>\n<meta property=\"og:url\" content=\"https:\/\/aconteceunovale.com.br\/portal\/?p=102489\" \/>\n<meta property=\"og:site_name\" content=\"Aconteceu no Vale\" \/>\n<meta property=\"article:publisher\" content=\"https:\/\/www.facebook.com\/aconteceunovale\/\" \/>\n<meta property=\"article:published_time\" content=\"2016-11-23T19:24:14+00:00\" \/>\n<meta property=\"og:image\" content=\"https:\/\/aconteceunovale.com.br\/portal\/wp-content\/uploads\/2014\/12\/governador_valadares_panoramica.jpg\" \/>\n\t<meta property=\"og:image:width\" content=\"635\" \/>\n\t<meta property=\"og:image:height\" content=\"326\" \/>\n\t<meta property=\"og:image:type\" content=\"image\/jpeg\" \/>\n<meta name=\"author\" content=\"Aconteceu no Vale\" \/>\n<meta name=\"twitter:card\" content=\"summary_large_image\" \/>\n<meta name=\"twitter:creator\" content=\"@noticiadosvales\" \/>\n<meta name=\"twitter:site\" content=\"@noticiadosvales\" \/>\n<meta name=\"twitter:label1\" content=\"Escrito por\" \/>\n\t<meta name=\"twitter:data1\" content=\"Aconteceu no Vale\" \/>\n\t<meta name=\"twitter:label2\" content=\"Est. tempo de leitura\" \/>\n\t<meta name=\"twitter:data2\" content=\"2 minutos\" \/>\n<script type=\"application\/ld+json\" class=\"yoast-schema-graph\">{\"@context\":\"https:\\\/\\\/schema.org\",\"@graph\":[{\"@type\":\"Article\",\"@id\":\"https:\\\/\\\/aconteceunovale.com.br\\\/portal\\\/?p=102489#article\",\"isPartOf\":{\"@id\":\"https:\\\/\\\/aconteceunovale.com.br\\\/portal\\\/?p=102489\"},\"author\":{\"name\":\"Aconteceu no Vale\",\"@id\":\"https:\\\/\\\/aconteceunovale.com.br\\\/portal\\\/#\\\/schema\\\/person\\\/633529146f2c94272bef50ac2953d589\"},\"headline\":\"Hemominas promove homenagem aos doadores de sangue em Governador Valadares\",\"datePublished\":\"2016-11-23T19:24:14+00:00\",\"mainEntityOfPage\":{\"@id\":\"https:\\\/\\\/aconteceunovale.com.br\\\/portal\\\/?p=102489\"},\"wordCount\":314,\"commentCount\":0,\"image\":{\"@id\":\"https:\\\/\\\/aconteceunovale.com.br\\\/portal\\\/?p=102489#primaryimage\"},\"thumbnailUrl\":\"https:\\\/\\\/aconteceunovale.com.br\\\/portal\\\/wp-content\\\/uploads\\\/2014\\\/12\\\/governador_valadares_panoramica.jpg\",\"keywords\":[\"Dia Nacional do Doador Volunt\u00e1rio de Sangue\",\"Doa\u00e7\u00e3o de sangue em Governador Valadares\",\"Doares de sangue em Governador Valadares\",\"Evento Hemominas Governador Valadares\",\"Funda\u00e7\u00e3o Hemominas\",\"Governador Valadares\",\"Hemocentro Governador Valadares\",\"Hemominas Governador Valadares\",\"Hemominas promove homenagem aos doadores de sangue em Governador Valadares\",\"Homenagem doadores de sangue em Governador Valadares\",\"J\u00fania Guimar\u00e3es Mour\u00e3o Cioffi\",\"presidente da Funda\u00e7\u00e3o Hemominas\"],\"articleSection\":[\"Eventos\",\"Leste de Minas\"],\"inLanguage\":\"pt-BR\",\"potentialAction\":[{\"@type\":\"CommentAction\",\"name\":\"Comment\",\"target\":[\"https:\\\/\\\/aconteceunovale.com.br\\\/portal\\\/?p=102489#respond\"]}]},{\"@type\":\"WebPage\",\"@id\":\"https:\\\/\\\/aconteceunovale.com.br\\\/portal\\\/?p=102489\",\"url\":\"https:\\\/\\\/aconteceunovale.com.br\\\/portal\\\/?p=102489\",\"name\":\"Hemominas promove homenagem aos doadores de sangue em Governador Valadares - Aconteceu no Vale\",\"isPartOf\":{\"@id\":\"https:\\\/\\\/aconteceunovale.com.br\\\/portal\\\/#website\"},\"primaryImageOfPage\":{\"@id\":\"https:\\\/\\\/aconteceunovale.com.br\\\/portal\\\/?p=102489#primaryimage\"},\"image\":{\"@id\":\"https:\\\/\\\/aconteceunovale.com.br\\\/portal\\\/?p=102489#primaryimage\"},\"thumbnailUrl\":\"https:\\\/\\\/aconteceunovale.com.br\\\/portal\\\/wp-content\\\/uploads\\\/2014\\\/12\\\/governador_valadares_panoramica.jpg\",\"datePublished\":\"2016-11-23T19:24:14+00:00\",\"author\":{\"@id\":\"https:\\\/\\\/aconteceunovale.com.br\\\/portal\\\/#\\\/schema\\\/person\\\/633529146f2c94272bef50ac2953d589\"},\"breadcrumb\":{\"@id\":\"https:\\\/\\\/aconteceunovale.com.br\\\/portal\\\/?p=102489#breadcrumb\"},\"inLanguage\":\"pt-BR\",\"potentialAction\":[{\"@type\":\"ReadAction\",\"target\":[\"https:\\\/\\\/aconteceunovale.com.br\\\/portal\\\/?p=102489\"]}]},{\"@type\":\"ImageObject\",\"inLanguage\":\"pt-BR\",\"@id\":\"https:\\\/\\\/aconteceunovale.com.br\\\/portal\\\/?p=102489#primaryimage\",\"url\":\"https:\\\/\\\/aconteceunovale.com.br\\\/portal\\\/wp-content\\\/uploads\\\/2014\\\/12\\\/governador_valadares_panoramica.jpg\",\"contentUrl\":\"https:\\\/\\\/aconteceunovale.com.br\\\/portal\\\/wp-content\\\/uploads\\\/2014\\\/12\\\/governador_valadares_panoramica.jpg\",\"width\":635,\"height\":326},{\"@type\":\"BreadcrumbList\",\"@id\":\"https:\\\/\\\/aconteceunovale.com.br\\\/portal\\\/?p=102489#breadcrumb\",\"itemListElement\":[{\"@type\":\"ListItem\",\"position\":1,\"name\":\"In\u00edcio\",\"item\":\"https:\\\/\\\/aconteceunovale.com.br\\\/portal\\\/\"},{\"@type\":\"ListItem\",\"position\":2,\"name\":\"Hemominas promove homenagem aos doadores de sangue em Governador Valadares\"}]},{\"@type\":\"WebSite\",\"@id\":\"https:\\\/\\\/aconteceunovale.com.br\\\/portal\\\/#website\",\"url\":\"https:\\\/\\\/aconteceunovale.com.br\\\/portal\\\/\",\"name\":\"Aconteceu no Vale\",\"description\":\"Portal de Not\u00edcias\",\"potentialAction\":[{\"@type\":\"SearchAction\",\"target\":{\"@type\":\"EntryPoint\",\"urlTemplate\":\"https:\\\/\\\/aconteceunovale.com.br\\\/portal\\\/?s={search_term_string}\"},\"query-input\":{\"@type\":\"PropertyValueSpecification\",\"valueRequired\":true,\"valueName\":\"search_term_string\"}}],\"inLanguage\":\"pt-BR\"},{\"@type\":\"Person\",\"@id\":\"https:\\\/\\\/aconteceunovale.com.br\\\/portal\\\/#\\\/schema\\\/person\\\/633529146f2c94272bef50ac2953d589\",\"name\":\"Aconteceu no Vale\",\"description\":\"Equipe de reportagem do Aconteceu no Vale, portal de not\u00edcias do Vale do Jequitinhonha, em Minas Gerais. Cobrimos as 51 cidades do Vale desde 2013. Sugest\u00f5es de pauta e pedidos de corre\u00e7\u00e3o: contato@aconteceunovale.com.br\",\"sameAs\":[\"http:\\\/\\\/www.aconteceunovale.com.br\"],\"url\":\"https:\\\/\\\/aconteceunovale.com.br\\\/portal\\\/?author=1\"}]}<\/script>\n<!-- \/ Yoast SEO plugin. -->","yoast_head_json":{"title":"Hemominas promove homenagem aos doadores de sangue em Governador Valadares - Aconteceu no Vale","robots":{"index":"index","follow":"follow","max-snippet":"max-snippet:-1","max-image-preview":"max-image-preview:large","max-video-preview":"max-video-preview:-1"},"canonical":"https:\/\/aconteceunovale.com.br\/portal\/?p=102489","og_locale":"pt_BR","og_type":"article","og_title":"Hemominas promove homenagem aos doadores de sangue em Governador Valadares - Aconteceu no Vale","og_description":"Em comemora\u00e7\u00e3o ao Dia Nacional do Doador Volunt\u00e1rio de Sangue, celebrado em 25 de novembro, a Funda\u00e7\u00e3o Hemominas vai realizar a solenidade oficial estadual de diploma\u00e7\u00e3o dos doadores fidelizados, aqueles que mais realizaram doa\u00e7\u00f5es de sangue, no Hemocentro Regional de Governador Valadares. O evento ser\u00e1 realizado nesta quarta-feira, 23\/11, a partir das 19h30, no Ilus\u00e3o [&hellip;]","og_url":"https:\/\/aconteceunovale.com.br\/portal\/?p=102489","og_site_name":"Aconteceu no Vale","article_publisher":"https:\/\/www.facebook.com\/aconteceunovale\/","article_published_time":"2016-11-23T19:24:14+00:00","og_image":[{"width":635,"height":326,"url":"https:\/\/aconteceunovale.com.br\/portal\/wp-content\/uploads\/2014\/12\/governador_valadares_panoramica.jpg","type":"image\/jpeg"}],"author":"Aconteceu no Vale","twitter_card":"summary_large_image","twitter_creator":"@noticiadosvales","twitter_site":"@noticiadosvales","twitter_misc":{"Escrito por":"Aconteceu no Vale","Est. tempo de leitura":"2 minutos"},"schema":{"@context":"https:\/\/schema.org","@graph":[{"@type":"Article","@id":"https:\/\/aconteceunovale.com.br\/portal\/?p=102489#article","isPartOf":{"@id":"https:\/\/aconteceunovale.com.br\/portal\/?p=102489"},"author":{"name":"Aconteceu no Vale","@id":"https:\/\/aconteceunovale.com.br\/portal\/#\/schema\/person\/633529146f2c94272bef50ac2953d589"},"headline":"Hemominas promove homenagem aos doadores de sangue em Governador Valadares","datePublished":"2016-11-23T19:24:14+00:00","mainEntityOfPage":{"@id":"https:\/\/aconteceunovale.com.br\/portal\/?p=102489"},"wordCount":314,"commentCount":0,"image":{"@id":"https:\/\/aconteceunovale.com.br\/portal\/?p=102489#primaryimage"},"thumbnailUrl":"https:\/\/aconteceunovale.com.br\/portal\/wp-content\/uploads\/2014\/12\/governador_valadares_panoramica.jpg","keywords":["Dia Nacional do Doador Volunt\u00e1rio de Sangue","Doa\u00e7\u00e3o de sangue em Governador Valadares","Doares de sangue em Governador Valadares","Evento Hemominas Governador Valadares","Funda\u00e7\u00e3o Hemominas","Governador Valadares","Hemocentro Governador Valadares","Hemominas Governador Valadares","Hemominas promove homenagem aos doadores de sangue em Governador Valadares","Homenagem doadores de sangue em Governador Valadares","J\u00fania Guimar\u00e3es Mour\u00e3o Cioffi","presidente da Funda\u00e7\u00e3o Hemominas"],"articleSection":["Eventos","Leste de Minas"],"inLanguage":"pt-BR","potentialAction":[{"@type":"CommentAction","name":"Comment","target":["https:\/\/aconteceunovale.com.br\/portal\/?p=102489#respond"]}]},{"@type":"WebPage","@id":"https:\/\/aconteceunovale.com.br\/portal\/?p=102489","url":"https:\/\/aconteceunovale.com.br\/portal\/?p=102489","name":"Hemominas promove homenagem aos doadores de sangue em Governador Valadares - Aconteceu no Vale","isPartOf":{"@id":"https:\/\/aconteceunovale.com.br\/portal\/#website"},"primaryImageOfPage":{"@id":"https:\/\/aconteceunovale.com.br\/portal\/?p=102489#primaryimage"},"image":{"@id":"https:\/\/aconteceunovale.com.br\/portal\/?p=102489#primaryimage"},"thumbnailUrl":"https:\/\/aconteceunovale.com.br\/portal\/wp-content\/uploads\/2014\/12\/governador_valadares_panoramica.jpg","datePublished":"2016-11-23T19:24:14+00:00","author":{"@id":"https:\/\/aconteceunovale.com.br\/portal\/#\/schema\/person\/633529146f2c94272bef50ac2953d589"},"breadcrumb":{"@id":"https:\/\/aconteceunovale.com.br\/portal\/?p=102489#breadcrumb"},"inLanguage":"pt-BR","potentialAction":[{"@type":"ReadAction","target":["https:\/\/aconteceunovale.com.br\/portal\/?p=102489"]}]},{"@type":"ImageObject","inLanguage":"pt-BR","@id":"https:\/\/aconteceunovale.com.br\/portal\/?p=102489#primaryimage","url":"https:\/\/aconteceunovale.com.br\/portal\/wp-content\/uploads\/2014\/12\/governador_valadares_panoramica.jpg","contentUrl":"https:\/\/aconteceunovale.com.br\/portal\/wp-content\/uploads\/2014\/12\/governador_valadares_panoramica.jpg","width":635,"height":326},{"@type":"BreadcrumbList","@id":"https:\/\/aconteceunovale.com.br\/portal\/?p=102489#breadcrumb","itemListElement":[{"@type":"ListItem","position":1,"name":"In\u00edcio","item":"https:\/\/aconteceunovale.com.br\/portal\/"},{"@type":"ListItem","position":2,"name":"Hemominas promove homenagem aos doadores de sangue em Governador Valadares"}]},{"@type":"WebSite","@id":"https:\/\/aconteceunovale.com.br\/portal\/#website","url":"https:\/\/aconteceunovale.com.br\/portal\/","name":"Aconteceu no Vale","description":"Portal de Not\u00edcias","potentialAction":[{"@type":"SearchAction","target":{"@type":"EntryPoint","urlTemplate":"https:\/\/aconteceunovale.com.br\/portal\/?s={search_term_string}"},"query-input":{"@type":"PropertyValueSpecification","valueRequired":true,"valueName":"search_term_string"}}],"inLanguage":"pt-BR"},{"@type":"Person","@id":"https:\/\/aconteceunovale.com.br\/portal\/#\/schema\/person\/633529146f2c94272bef50ac2953d589","name":"Aconteceu no Vale","description":"Equipe de reportagem do Aconteceu no Vale, portal de not\u00edcias do Vale do Jequitinhonha, em Minas Gerais. Cobrimos as 51 cidades do Vale desde 2013. Sugest\u00f5es de pauta e pedidos de corre\u00e7\u00e3o: contato@aconteceunovale.com.br","sameAs":["http:\/\/www.aconteceunovale.com.br"],"url":"https:\/\/aconteceunovale.com.br\/portal\/?author=1"}]}},"_links":{"self":[{"href":"https:\/\/aconteceunovale.com.br\/portal\/index.php?rest_route=\/wp\/v2\/posts\/102489","targetHints":{"allow":["GET"]}}],"collection":[{"href":"https:\/\/aconteceunovale.com.br\/portal\/index.php?rest_route=\/wp\/v2\/posts"}],"about":[{"href":"https:\/\/aconteceunovale.com.br\/portal\/index.php?rest_route=\/wp\/v2\/types\/post"}],"author":[{"embeddable":true,"href":"https:\/\/aconteceunovale.com.br\/portal\/index.php?rest_route=\/wp\/v2\/users\/1"}],"replies":[{"embeddable":true,"href":"https:\/\/aconteceunovale.com.br\/portal\/index.php?rest_route=%2Fwp%2Fv2%2Fcomments&post=102489"}],"version-history":[{"count":0,"href":"https:\/\/aconteceunovale.com.br\/portal\/index.php?rest_route=\/wp\/v2\/posts\/102489\/revisions"}],"wp:featuredmedia":[{"embeddable":true,"href":"https:\/\/aconteceunovale.com.br\/portal\/index.php?rest_route=\/wp\/v2\/media\/47642"}],"wp:attachment":[{"href":"https:\/\/aconteceunovale.com.br\/portal\/index.php?rest_route=%2Fwp%2Fv2%2Fmedia&parent=102489"}],"wp:term":[{"taxonomy":"category","embeddable":true,"href":"https:\/\/aconteceunovale.com.br\/portal\/index.php?rest_route=%2Fwp%2Fv2%2Fcategories&post=102489"},{"taxonomy":"post_tag","embeddable":true,"href":"https:\/\/aconteceunovale.com.br\/portal\/index.php?rest_route=%2Fwp%2Fv2%2Ftags&post=102489"}],"curies":[{"name":"wp","href":"https:\/\/api.w.org\/{rel}","templated":true}]}}